{"id":15125,"date":"2026-03-11T21:26:35","date_gmt":"2026-03-11T21:26:35","guid":{"rendered":"https:\/\/www.fumc.edu.co\/en\/?p=15125"},"modified":"2026-03-11T21:26:35","modified_gmt":"2026-03-11T21:26:35","slug":"final-classification-of-research-groups-and-researchers-of-maria-cano","status":"publish","type":"post","link":"https:\/\/www.fumc.edu.co\/en\/final-classification-of-research-groups-and-researchers-of-maria-cano\/","title":{"rendered":"Final Classification of Research Groups and Researchers of Mar\u00eda Cano"},"content":{"rendered":"<p>The Mar\u00eda Cano University Foundation celebrates the final results of Call No. 957 issued by the Ministry of Science, Technology and Innovation (MinCiencias), corresponding to the most recent evaluation for the classification of research, technological development, or innovation groups, as well as for the recognition of researchers within the National System of Science, Technology and Innovation (SNCTI 2021).<\/p>\n<p>According to the official publication of the results, released on December 5, 2025, a sustained process of stability, growth, and consolidation of the institution\u2019s research groups and researchers is evident. This represents a significant contribution to academic strengthening and to the Multicampus Institutional High-Quality Accreditation process.<\/p>\n<p>In this context, the Mar\u00eda Cano University Foundation, through its research groups and researchers affiliated with the campuses in Medell\u00edn, Cali, Neiva, and Popay\u00e1n, achieved the following results, reflecting the institution\u2019s commitment to research, knowledge generation, and the strengthening of the National System of Science, Technology and Innovation.<\/p>\n<p>Research Groups Recognized and Classified by MinCiencias (2018\u20132024 Comparison):<\/p>\n<p style=\"text-align: center;\"><img decoding=\"async\" loading=\"lazy\" class=\"alignnone size-full wp-image-15127\" src=\"https:\/\/www.fumc.edu.co\/en\/wp-content\/uploads\/1-4.jpg\" alt=\"\" width=\"840\" height=\"277\" srcset=\"https:\/\/www.fumc.edu.co\/en\/wp-content\/uploads\/1-4.jpg 840w, https:\/\/www.fumc.edu.co\/en\/wp-content\/uploads\/1-4-768x253.jpg 768w\" sizes=\"(max-width: 840px) 100vw, 840px\" \/><\/p>\n<p>The recognition of researchers shows sustained growth in the three most recent calls, reflecting the strengthening of research capacities, collaborative work, and the institution\u2019s commitment to knowledge generation.<\/p>\n<p style=\"text-align: center;\"><img decoding=\"async\" loading=\"lazy\" class=\"alignnone size-full wp-image-15128\" src=\"https:\/\/www.fumc.edu.co\/en\/wp-content\/uploads\/2-27.jpg\" alt=\"\" width=\"840\" height=\"203\" srcset=\"https:\/\/www.fumc.edu.co\/en\/wp-content\/uploads\/2-27.jpg 840w, https:\/\/www.fumc.edu.co\/en\/wp-content\/uploads\/2-27-768x186.jpg 768w\" sizes=\"(max-width: 840px) 100vw, 840px\" \/><\/p>\n<p>The following presents the results of researcher recognition, organized by research groups and by the categories established by MinCiencias.<\/p>\n<p><strong>Faculty of Business Sciences<\/strong><\/p>\n<p><strong>SUMAR Research Group<\/strong><\/p>\n<p style=\"text-align: center;\"><img decoding=\"async\" loading=\"lazy\" class=\"alignnone size-full wp-image-15129\" src=\"https:\/\/www.fumc.edu.co\/en\/wp-content\/uploads\/3-19.jpg\" alt=\"\" width=\"840\" height=\"271\" srcset=\"https:\/\/www.fumc.edu.co\/en\/wp-content\/uploads\/3-19.jpg 840w, https:\/\/www.fumc.edu.co\/en\/wp-content\/uploads\/3-19-768x248.jpg 768w\" sizes=\"(max-width: 840px) 100vw, 840px\" \/><\/p>\n<p><strong>Faculty of Health Sciences<\/strong><\/p>\n<p><strong>FISIOTER Research Group<\/strong><\/p>\n<p style=\"text-align: center;\"><img decoding=\"async\" loading=\"lazy\" class=\"alignnone size-full wp-image-15130\" src=\"https:\/\/www.fumc.edu.co\/en\/wp-content\/uploads\/4.jpg\" alt=\"\" width=\"840\" height=\"768\" srcset=\"https:\/\/www.fumc.edu.co\/en\/wp-content\/uploads\/4.jpg 840w, https:\/\/www.fumc.edu.co\/en\/wp-content\/uploads\/4-768x702.jpg 768w\" sizes=\"(max-width: 840px) 100vw, 840px\" \/><\/p>\n<p><strong>FONOTEC Research Group<\/strong><\/p>\n<p style=\"text-align: center;\"><img decoding=\"async\" loading=\"lazy\" class=\"alignnone size-full wp-image-15131\" src=\"https:\/\/www.fumc.edu.co\/en\/wp-content\/uploads\/5-9.jpg\" alt=\"\" width=\"840\" height=\"152\" srcset=\"https:\/\/www.fumc.edu.co\/en\/wp-content\/uploads\/5-9.jpg 840w, https:\/\/www.fumc.edu.co\/en\/wp-content\/uploads\/5-9-768x139.jpg 768w\" sizes=\"(max-width: 840px) 100vw, 840px\" \/><\/p>\n<p><strong>PSIQUE Y SOCIEDAD Research Group<\/strong><\/p>\n<p style=\"text-align: center;\"><img decoding=\"async\" loading=\"lazy\" class=\"alignnone size-full wp-image-15133\" src=\"https:\/\/www.fumc.edu.co\/en\/wp-content\/uploads\/6-7.jpg\" alt=\"\" width=\"840\" height=\"251\" srcset=\"https:\/\/www.fumc.edu.co\/en\/wp-content\/uploads\/6-7.jpg 840w, https:\/\/www.fumc.edu.co\/en\/wp-content\/uploads\/6-7-768x229.jpg 768w\" sizes=\"(max-width: 840px) 100vw, 840px\" \/><\/p>\n<p>These results reaffirm the growth in recognition of the work carried out by the research groups and researchers of the Mar\u00eda Cano University Foundation at the national level, reflecting a sustained commitment to academic quality and to achieving the goals set out in the 2017\u20132026 Institutional Development Plan \u201cBuilding the Future\u201d, in its final year of consolidation.<\/p>\n<p>Likewise, the Institution reaffirms its commitment to research as a fundamental pillar for knowledge generation, innovation, and social transformation, making a significant contribution to community service and to the strengthening of the Multicampus Institutional High-Quality Accreditation process.<\/p>\n<p>#M\u00e1sMar\u00edaCano<\/p>\n","protected":false},"excerpt":{"rendered":"<p>The Mar\u00eda Cano University Foundation celebrates the final results of Call No. 957 issued by the Ministry of Science, Technology and Innovation (MinCiencias), corresponding to the most recent evaluation for the classification of research, technological development, or innovation groups, as well as for the recognition of researchers within the National System of Science, Technology and [&hellip;]<\/p>\n","protected":false},"author":4,"featured_media":15126,"comment_status":"closed","ping_status":"open","sticky":false,"template":"","format":"standard","meta":{"footnotes":""},"categories":[54,53,55,56],"tags":[],"yoast_head":"<!-- This site is optimized with the Yoast SEO plugin v18.4.1 - https:\/\/yoast.com\/wordpress\/plugins\/seo\/ -->\n<title>Final Classification of Research Groups and Researchers of Mar\u00eda Cano - Maria Cano - en<\/title>\n<meta name=\"description\" content=\"The Mar\u00eda Cano University Foundation highlights the growth and consolidation of its research groups and academics, reaffirming its commitment to excellence, innovation, and social transformation.\" \/>\n<meta name=\"robots\" content=\"index, follow, max-snippet:-1, max-image-preview:large, max-video-preview:-1\" \/>\n<link rel=\"canonical\" href=\"https:\/\/www.fumc.edu.co\/en\/final-classification-of-research-groups-and-researchers-of-maria-cano\/\" \/>\n<meta property=\"og:locale\" content=\"es_ES\" \/>\n<meta property=\"og:type\" content=\"article\" \/>\n<meta property=\"og:title\" content=\"Final Classification of Research Groups and Researchers of Mar\u00eda Cano - Maria Cano - en\" \/>\n<meta property=\"og:description\" content=\"The Mar\u00eda Cano University Foundation highlights the growth and consolidation of its research groups and academics, reaffirming its commitment to excellence, innovation, and social transformation.\" \/>\n<meta property=\"og:url\" content=\"https:\/\/www.fumc.edu.co\/en\/final-classification-of-research-groups-and-researchers-of-maria-cano\/\" \/>\n<meta property=\"og:site_name\" content=\"Maria Cano - en\" \/>\n<meta property=\"article:published_time\" content=\"2026-03-11T21:26:35+00:00\" \/>\n<meta property=\"og:image\" content=\"https:\/\/www.fumc.edu.co\/en\/wp-content\/uploads\/Ingles-Crece-la-investigacio\u0301n-en-la-Mari\u0301a-Cano-.jpg\" \/>\n\t<meta property=\"og:image:width\" content=\"840\" \/>\n\t<meta property=\"og:image:height\" content=\"430\" \/>\n\t<meta property=\"og:image:type\" content=\"image\/jpeg\" \/>\n<meta name=\"twitter:card\" content=\"summary\" \/>\n<meta name=\"twitter:label1\" content=\"Escrito por\" \/>\n\t<meta name=\"twitter:data1\" content=\"Comunicaciones\" \/>\n\t<meta name=\"twitter:label2\" content=\"Tiempo de lectura\" \/>\n\t<meta name=\"twitter:data2\" content=\"2 minutos\" \/>\n<script type=\"application\/ld+json\" class=\"yoast-schema-graph\">{\"@context\":\"https:\/\/schema.org\",\"@graph\":[{\"@type\":\"WebSite\",\"@id\":\"https:\/\/www.fumc.edu.co\/en\/#website\",\"url\":\"https:\/\/www.fumc.edu.co\/en\/\",\"name\":\"Maria Cano - en\",\"description\":\"Otro sitio realizado con WordPress\",\"potentialAction\":[{\"@type\":\"SearchAction\",\"target\":{\"@type\":\"EntryPoint\",\"urlTemplate\":\"https:\/\/www.fumc.edu.co\/en\/?s={search_term_string}\"},\"query-input\":\"required name=search_term_string\"}],\"inLanguage\":\"es\"},{\"@type\":\"ImageObject\",\"@id\":\"https:\/\/www.fumc.edu.co\/en\/final-classification-of-research-groups-and-researchers-of-maria-cano\/#primaryimage\",\"inLanguage\":\"es\",\"url\":\"https:\/\/www.fumc.edu.co\/en\/wp-content\/uploads\/Ingles-Crece-la-investigacio\u0301n-en-la-Mari\u0301a-Cano-.jpg\",\"contentUrl\":\"https:\/\/www.fumc.edu.co\/en\/wp-content\/uploads\/Ingles-Crece-la-investigacio\u0301n-en-la-Mari\u0301a-Cano-.jpg\",\"width\":840,\"height\":430},{\"@type\":\"WebPage\",\"@id\":\"https:\/\/www.fumc.edu.co\/en\/final-classification-of-research-groups-and-researchers-of-maria-cano\/#webpage\",\"url\":\"https:\/\/www.fumc.edu.co\/en\/final-classification-of-research-groups-and-researchers-of-maria-cano\/\",\"name\":\"Final Classification of Research Groups and Researchers of Mar\u00eda Cano - Maria Cano - en\",\"isPartOf\":{\"@id\":\"https:\/\/www.fumc.edu.co\/en\/#website\"},\"primaryImageOfPage\":{\"@id\":\"https:\/\/www.fumc.edu.co\/en\/final-classification-of-research-groups-and-researchers-of-maria-cano\/#primaryimage\"},\"datePublished\":\"2026-03-11T21:26:35+00:00\",\"dateModified\":\"2026-03-11T21:26:35+00:00\",\"author\":{\"@id\":\"https:\/\/www.fumc.edu.co\/en\/#\/schema\/person\/5c6bd7dc64c65c0cdaff824025913942\"},\"description\":\"The Mar\u00eda Cano University Foundation highlights the growth and consolidation of its research groups and academics, reaffirming its commitment to excellence, innovation, and social transformation.\",\"breadcrumb\":{\"@id\":\"https:\/\/www.fumc.edu.co\/en\/final-classification-of-research-groups-and-researchers-of-maria-cano\/#breadcrumb\"},\"inLanguage\":\"es\",\"potentialAction\":[{\"@type\":\"ReadAction\",\"target\":[\"https:\/\/www.fumc.edu.co\/en\/final-classification-of-research-groups-and-researchers-of-maria-cano\/\"]}]},{\"@type\":\"BreadcrumbList\",\"@id\":\"https:\/\/www.fumc.edu.co\/en\/final-classification-of-research-groups-and-researchers-of-maria-cano\/#breadcrumb\",\"itemListElement\":[{\"@type\":\"ListItem\",\"position\":1,\"name\":\"Portada\",\"item\":\"https:\/\/www.fumc.edu.co\/en\/\"},{\"@type\":\"ListItem\",\"position\":2,\"name\":\"Final Classification of Research Groups and Researchers of Mar\u00eda Cano\"}]},{\"@type\":\"Person\",\"@id\":\"https:\/\/www.fumc.edu.co\/en\/#\/schema\/person\/5c6bd7dc64c65c0cdaff824025913942\",\"name\":\"Comunicaciones\",\"url\":\"https:\/\/www.fumc.edu.co\/en\/author\/comunicaciones\/\"}]}<\/script>\n<!-- \/ Yoast SEO plugin. -->","yoast_head_json":{"title":"Final Classification of Research Groups and Researchers of Mar\u00eda Cano - Maria Cano - en","description":"The Mar\u00eda Cano University Foundation highlights the growth and consolidation of its research groups and academics, reaffirming its commitment to excellence, innovation, and social transformation.","robots":{"index":"index","follow":"follow","max-snippet":"max-snippet:-1","max-image-preview":"max-image-preview:large","max-video-preview":"max-video-preview:-1"},"canonical":"https:\/\/www.fumc.edu.co\/en\/final-classification-of-research-groups-and-researchers-of-maria-cano\/","og_locale":"es_ES","og_type":"article","og_title":"Final Classification of Research Groups and Researchers of Mar\u00eda Cano - Maria Cano - en","og_description":"The Mar\u00eda Cano University Foundation highlights the growth and consolidation of its research groups and academics, reaffirming its commitment to excellence, innovation, and social transformation.","og_url":"https:\/\/www.fumc.edu.co\/en\/final-classification-of-research-groups-and-researchers-of-maria-cano\/","og_site_name":"Maria Cano - en","article_published_time":"2026-03-11T21:26:35+00:00","og_image":[{"width":840,"height":430,"url":"https:\/\/www.fumc.edu.co\/en\/wp-content\/uploads\/Ingles-Crece-la-investigacio\u0301n-en-la-Mari\u0301a-Cano-.jpg","type":"image\/jpeg"}],"twitter_card":"summary","twitter_misc":{"Escrito por":"Comunicaciones","Tiempo de lectura":"2 minutos"},"schema":{"@context":"https:\/\/schema.org","@graph":[{"@type":"WebSite","@id":"https:\/\/www.fumc.edu.co\/en\/#website","url":"https:\/\/www.fumc.edu.co\/en\/","name":"Maria Cano - en","description":"Otro sitio realizado con WordPress","potentialAction":[{"@type":"SearchAction","target":{"@type":"EntryPoint","urlTemplate":"https:\/\/www.fumc.edu.co\/en\/?s={search_term_string}"},"query-input":"required name=search_term_string"}],"inLanguage":"es"},{"@type":"ImageObject","@id":"https:\/\/www.fumc.edu.co\/en\/final-classification-of-research-groups-and-researchers-of-maria-cano\/#primaryimage","inLanguage":"es","url":"https:\/\/www.fumc.edu.co\/en\/wp-content\/uploads\/Ingles-Crece-la-investigacio\u0301n-en-la-Mari\u0301a-Cano-.jpg","contentUrl":"https:\/\/www.fumc.edu.co\/en\/wp-content\/uploads\/Ingles-Crece-la-investigacio\u0301n-en-la-Mari\u0301a-Cano-.jpg","width":840,"height":430},{"@type":"WebPage","@id":"https:\/\/www.fumc.edu.co\/en\/final-classification-of-research-groups-and-researchers-of-maria-cano\/#webpage","url":"https:\/\/www.fumc.edu.co\/en\/final-classification-of-research-groups-and-researchers-of-maria-cano\/","name":"Final Classification of Research Groups and Researchers of Mar\u00eda Cano - Maria Cano - en","isPartOf":{"@id":"https:\/\/www.fumc.edu.co\/en\/#website"},"primaryImageOfPage":{"@id":"https:\/\/www.fumc.edu.co\/en\/final-classification-of-research-groups-and-researchers-of-maria-cano\/#primaryimage"},"datePublished":"2026-03-11T21:26:35+00:00","dateModified":"2026-03-11T21:26:35+00:00","author":{"@id":"https:\/\/www.fumc.edu.co\/en\/#\/schema\/person\/5c6bd7dc64c65c0cdaff824025913942"},"description":"The Mar\u00eda Cano University Foundation highlights the growth and consolidation of its research groups and academics, reaffirming its commitment to excellence, innovation, and social transformation.","breadcrumb":{"@id":"https:\/\/www.fumc.edu.co\/en\/final-classification-of-research-groups-and-researchers-of-maria-cano\/#breadcrumb"},"inLanguage":"es","potentialAction":[{"@type":"ReadAction","target":["https:\/\/www.fumc.edu.co\/en\/final-classification-of-research-groups-and-researchers-of-maria-cano\/"]}]},{"@type":"BreadcrumbList","@id":"https:\/\/www.fumc.edu.co\/en\/final-classification-of-research-groups-and-researchers-of-maria-cano\/#breadcrumb","itemListElement":[{"@type":"ListItem","position":1,"name":"Portada","item":"https:\/\/www.fumc.edu.co\/en\/"},{"@type":"ListItem","position":2,"name":"Final Classification of Research Groups and Researchers of Mar\u00eda Cano"}]},{"@type":"Person","@id":"https:\/\/www.fumc.edu.co\/en\/#\/schema\/person\/5c6bd7dc64c65c0cdaff824025913942","name":"Comunicaciones","url":"https:\/\/www.fumc.edu.co\/en\/author\/comunicaciones\/"}]}},"_links":{"self":[{"href":"https:\/\/www.fumc.edu.co\/en\/wp-json\/wp\/v2\/posts\/15125"}],"collection":[{"href":"https:\/\/www.fumc.edu.co\/en\/wp-json\/wp\/v2\/posts"}],"about":[{"href":"https:\/\/www.fumc.edu.co\/en\/wp-json\/wp\/v2\/types\/post"}],"author":[{"embeddable":true,"href":"https:\/\/www.fumc.edu.co\/en\/wp-json\/wp\/v2\/users\/4"}],"replies":[{"embeddable":true,"href":"https:\/\/www.fumc.edu.co\/en\/wp-json\/wp\/v2\/comments?post=15125"}],"version-history":[{"count":0,"href":"https:\/\/www.fumc.edu.co\/en\/wp-json\/wp\/v2\/posts\/15125\/revisions"}],"wp:featuredmedia":[{"embeddable":true,"href":"https:\/\/www.fumc.edu.co\/en\/wp-json\/wp\/v2\/media\/15126"}],"wp:attachment":[{"href":"https:\/\/www.fumc.edu.co\/en\/wp-json\/wp\/v2\/media?parent=15125"}],"wp:term":[{"taxonomy":"category","embeddable":true,"href":"https:\/\/www.fumc.edu.co\/en\/wp-json\/wp\/v2\/categories?post=15125"},{"taxonomy":"post_tag","embeddable":true,"href":"https:\/\/www.fumc.edu.co\/en\/wp-json\/wp\/v2\/tags?post=15125"}],"curies":[{"name":"wp","href":"https:\/\/api.w.org\/{rel}","templated":true}]}}