{"id":15677,"date":"2026-09-01T19:01:08","date_gmt":"2026-09-01T19:01:08","guid":{"rendered":"https:\/\/www.fumc.edu.co\/en\/?p=15677"},"modified":"2026-09-01T19:01:08","modified_gmt":"2026-09-01T19:01:08","slug":"maria-cano-strengthens-its-presence-in-academic-arenas-of-national-significance","status":"publish","type":"post","link":"https:\/\/www.fumc.edu.co\/en\/maria-cano-strengthens-its-presence-in-academic-arenas-of-national-significance\/","title":{"rendered":"Mar\u00eda Cano strengthens its presence in academic arenas of national significance"},"content":{"rendered":"<p>The Fundaci\u00f3n Universitaria Mar\u00eda Cano continues to strengthen its presence in high-impact academic and scientific settings across Colombia. On this occasion, Cristian Arbey Pinilla Ortiz, faculty member of the Nutrition and Dietetics Program, participated as an invited speaker at the 40th Congress on Metabolism and Clinical Nutrition, organized by the Colombian Association of Clinical Nutrition (ACNC), one of the country\u2019s most important events in this field.<\/p>\n<p>Held in Bogot\u00e1 from August 19 to 22, the congress brought together more than 2,200 professionals, specialists, researchers, and healthcare stakeholders, establishing itself as a leading forum for scientific updates, knowledge exchange, and discussion of the latest advances in clinical nutrition, metabolism, and nutritional support.<\/p>\n<p>During the event, Professor Cristian Arbey Pinilla Ortiz delivered two specialized presentations: \u201cThe Role of Micronutrients in Critical Illness\u201d and \u201cGastric Resection: Key Considerations for Nutritional Prescription.\u201d These topics addressed essential aspects of comprehensive patient care in complex clinical settings, highlighting the importance of nutrition as a key component in recovery, treatment, and quality-of-life improvement.<\/p>\n<p style=\"text-align: center;\"><img loading=\"lazy\" decoding=\"async\" class=\"alignnone size-full wp-image-15679\" src=\"https:\/\/www.fumc.edu.co\/en\/wp-content\/uploads\/Foto-3-10.jpg\" alt=\"\" width=\"840\" height=\"430\" srcset=\"https:\/\/www.fumc.edu.co\/en\/wp-content\/uploads\/Foto-3-10.jpg 840w, https:\/\/www.fumc.edu.co\/en\/wp-content\/uploads\/Foto-3-10-768x393.jpg 768w\" sizes=\"auto, (max-width: 840px) 100vw, 840px\" \/><\/p>\n<p>His participation contributed to strengthening academic dialogue among healthcare professionals from different regions of the country, fostering discussions on current challenges in clinical nutrition and emphasizing the importance of integrating up-to-date scientific evidence into patient care and decision-making processes.<\/p>\n<p>The participation of Fundaci\u00f3n Universitaria Mar\u00eda Cano faculty members as speakers at events of this magnitude reflects recognition of their academic expertise, professional experience, and contributions to the advancement of knowledge in the health sciences. It also demonstrates the institution\u2019s commitment to developing highly qualified educators capable of leading processes of knowledge generation, transfer, and dissemination in both national and international settings.<\/p>\n<p style=\"text-align: center;\"><img loading=\"lazy\" decoding=\"async\" class=\"alignnone size-full wp-image-15680\" src=\"https:\/\/www.fumc.edu.co\/en\/wp-content\/uploads\/Foto-1-19.jpg\" alt=\"\" width=\"840\" height=\"430\" srcset=\"https:\/\/www.fumc.edu.co\/en\/wp-content\/uploads\/Foto-1-19.jpg 840w, https:\/\/www.fumc.edu.co\/en\/wp-content\/uploads\/Foto-1-19-768x393.jpg 768w\" sizes=\"auto, (max-width: 840px) 100vw, 840px\" \/><\/p>\n<p>These opportunities also enhance the quality of academic programs by allowing emerging scientific advances, innovative practices, and insights gained from specialized academic communities to be incorporated into the classroom, directly benefiting students and future healthcare professionals.<\/p>\n<p>Through its participation in the 40th Congress on Metabolism and Clinical Nutrition, Fundaci\u00f3n Universitaria Mar\u00eda Cano reaffirms its commitment to academic excellence, continuous faculty development, and active engagement in scientific forums that contribute to the advancement of health sciences and the promotion of evidence-based nutritional care.<\/p>\n<p>#M\u00e1sMar\u00edaCano<\/p>\n","protected":false},"excerpt":{"rendered":"<p>The Fundaci\u00f3n Universitaria Mar\u00eda Cano continues to strengthen its presence in high-impact academic and scientific settings across Colombia. On this occasion, Cristian Arbey Pinilla Ortiz, faculty member of the Nutrition and Dietetics Program, participated as an invited speaker at the 40th Congress on Metabolism and Clinical Nutrition, organized by the Colombian Association of Clinical Nutrition [&hellip;]<\/p>\n","protected":false},"author":4,"featured_media":15678,"comment_status":"closed","ping_status":"open","sticky":false,"template":"","format":"standard","meta":{"footnotes":""},"categories":[56],"tags":[],"class_list":["post-15677","post","type-post","status-publish","format-standard","has-post-thumbnail","hentry","category-popayan"],"yoast_head":"<!-- This site is optimized with the Yoast SEO plugin v21.4 - https:\/\/yoast.com\/wordpress\/plugins\/seo\/ -->\n<title>Mar\u00eda Cano strengthens its presence in academic arenas of national significance - Maria Cano - en<\/title>\n<meta name=\"description\" content=\"Cristian Arbey Pinilla Ortiz, faculty member of the Nutrition and Dietetics Program at Fundaci\u00f3n Universitaria Mar\u00eda Cano, participated as a speaker at the 40th Congress on Metabolism and Clinical Nutrition, sharing specialized knowledge with more than 2,200 healthcare professionals.\" \/>\n<meta name=\"robots\" content=\"index, follow, max-snippet:-1, max-image-preview:large, max-video-preview:-1\" \/>\n<link rel=\"canonical\" href=\"https:\/\/www.fumc.edu.co\/en\/maria-cano-strengthens-its-presence-in-academic-arenas-of-national-significance\/\" \/>\n<meta property=\"og:locale\" content=\"es_ES\" \/>\n<meta property=\"og:type\" content=\"article\" \/>\n<meta property=\"og:title\" content=\"Mar\u00eda Cano strengthens its presence in academic arenas of national significance - Maria Cano - en\" \/>\n<meta property=\"og:description\" content=\"Cristian Arbey Pinilla Ortiz, faculty member of the Nutrition and Dietetics Program at Fundaci\u00f3n Universitaria Mar\u00eda Cano, participated as a speaker at the 40th Congress on Metabolism and Clinical Nutrition, sharing specialized knowledge with more than 2,200 healthcare professionals.\" \/>\n<meta property=\"og:url\" content=\"https:\/\/www.fumc.edu.co\/en\/maria-cano-strengthens-its-presence-in-academic-arenas-of-national-significance\/\" \/>\n<meta property=\"og:site_name\" content=\"Maria Cano - en\" \/>\n<meta property=\"article:published_time\" content=\"2026-09-01T19:01:08+00:00\" \/>\n<meta property=\"og:image\" content=\"https:\/\/www.fumc.edu.co\/en\/wp-content\/uploads\/Foto-4-6.jpg\" \/>\n\t<meta property=\"og:image:width\" content=\"840\" \/>\n\t<meta property=\"og:image:height\" content=\"430\" \/>\n\t<meta property=\"og:image:type\" content=\"image\/jpeg\" \/>\n<meta name=\"author\" content=\"Comunicaciones\" \/>\n<meta name=\"twitter:card\" content=\"summary_large_image\" \/>\n<meta name=\"twitter:label1\" content=\"Escrito por\" \/>\n\t<meta name=\"twitter:data1\" content=\"Comunicaciones\" \/>\n\t<meta name=\"twitter:label2\" content=\"Tiempo de lectura\" \/>\n\t<meta name=\"twitter:data2\" content=\"3 minutos\" \/>\n<script type=\"application\/ld+json\" class=\"yoast-schema-graph\">{\"@context\":\"https:\/\/schema.org\",\"@graph\":[{\"@type\":\"WebPage\",\"@id\":\"https:\/\/www.fumc.edu.co\/en\/maria-cano-strengthens-its-presence-in-academic-arenas-of-national-significance\/\",\"url\":\"https:\/\/www.fumc.edu.co\/en\/maria-cano-strengthens-its-presence-in-academic-arenas-of-national-significance\/\",\"name\":\"Mar\u00eda Cano strengthens its presence in academic arenas of national significance - Maria Cano - en\",\"isPartOf\":{\"@id\":\"https:\/\/www.fumc.edu.co\/en\/#website\"},\"datePublished\":\"2026-09-01T19:01:08+00:00\",\"dateModified\":\"2026-09-01T19:01:08+00:00\",\"author\":{\"@id\":\"https:\/\/www.fumc.edu.co\/en\/#\/schema\/person\/5c6bd7dc64c65c0cdaff824025913942\"},\"description\":\"Cristian Arbey Pinilla Ortiz, faculty member of the Nutrition and Dietetics Program at Fundaci\u00f3n Universitaria Mar\u00eda Cano, participated as a speaker at the 40th Congress on Metabolism and Clinical Nutrition, sharing specialized knowledge with more than 2,200 healthcare professionals.\",\"breadcrumb\":{\"@id\":\"https:\/\/www.fumc.edu.co\/en\/maria-cano-strengthens-its-presence-in-academic-arenas-of-national-significance\/#breadcrumb\"},\"inLanguage\":\"es\",\"potentialAction\":[{\"@type\":\"ReadAction\",\"target\":[\"https:\/\/www.fumc.edu.co\/en\/maria-cano-strengthens-its-presence-in-academic-arenas-of-national-significance\/\"]}]},{\"@type\":\"BreadcrumbList\",\"@id\":\"https:\/\/www.fumc.edu.co\/en\/maria-cano-strengthens-its-presence-in-academic-arenas-of-national-significance\/#breadcrumb\",\"itemListElement\":[{\"@type\":\"ListItem\",\"position\":1,\"name\":\"Portada\",\"item\":\"https:\/\/www.fumc.edu.co\/en\/\"},{\"@type\":\"ListItem\",\"position\":2,\"name\":\"Mar\u00eda Cano strengthens its presence in academic arenas of national significance\"}]},{\"@type\":\"WebSite\",\"@id\":\"https:\/\/www.fumc.edu.co\/en\/#website\",\"url\":\"https:\/\/www.fumc.edu.co\/en\/\",\"name\":\"Maria Cano - en\",\"description\":\"Otro sitio realizado con WordPress\",\"potentialAction\":[{\"@type\":\"SearchAction\",\"target\":{\"@type\":\"EntryPoint\",\"urlTemplate\":\"https:\/\/www.fumc.edu.co\/en\/?s={search_term_string}\"},\"query-input\":\"required name=search_term_string\"}],\"inLanguage\":\"es\"},{\"@type\":\"Person\",\"@id\":\"https:\/\/www.fumc.edu.co\/en\/#\/schema\/person\/5c6bd7dc64c65c0cdaff824025913942\",\"name\":\"Comunicaciones\",\"url\":\"https:\/\/www.fumc.edu.co\/en\/author\/comunicaciones\/\"}]}<\/script>\n<!-- \/ Yoast SEO plugin. -->","yoast_head_json":{"title":"Mar\u00eda Cano strengthens its presence in academic arenas of national significance - Maria Cano - en","description":"Cristian Arbey Pinilla Ortiz, faculty member of the Nutrition and Dietetics Program at Fundaci\u00f3n Universitaria Mar\u00eda Cano, participated as a speaker at the 40th Congress on Metabolism and Clinical Nutrition, sharing specialized knowledge with more than 2,200 healthcare professionals.","robots":{"index":"index","follow":"follow","max-snippet":"max-snippet:-1","max-image-preview":"max-image-preview:large","max-video-preview":"max-video-preview:-1"},"canonical":"https:\/\/www.fumc.edu.co\/en\/maria-cano-strengthens-its-presence-in-academic-arenas-of-national-significance\/","og_locale":"es_ES","og_type":"article","og_title":"Mar\u00eda Cano strengthens its presence in academic arenas of national significance - Maria Cano - en","og_description":"Cristian Arbey Pinilla Ortiz, faculty member of the Nutrition and Dietetics Program at Fundaci\u00f3n Universitaria Mar\u00eda Cano, participated as a speaker at the 40th Congress on Metabolism and Clinical Nutrition, sharing specialized knowledge with more than 2,200 healthcare professionals.","og_url":"https:\/\/www.fumc.edu.co\/en\/maria-cano-strengthens-its-presence-in-academic-arenas-of-national-significance\/","og_site_name":"Maria Cano - en","article_published_time":"2026-09-01T19:01:08+00:00","og_image":[{"width":840,"height":430,"url":"https:\/\/www.fumc.edu.co\/en\/wp-content\/uploads\/Foto-4-6.jpg","type":"image\/jpeg"}],"author":"Comunicaciones","twitter_card":"summary_large_image","twitter_misc":{"Escrito por":"Comunicaciones","Tiempo de lectura":"3 minutos"},"schema":{"@context":"https:\/\/schema.org","@graph":[{"@type":"WebPage","@id":"https:\/\/www.fumc.edu.co\/en\/maria-cano-strengthens-its-presence-in-academic-arenas-of-national-significance\/","url":"https:\/\/www.fumc.edu.co\/en\/maria-cano-strengthens-its-presence-in-academic-arenas-of-national-significance\/","name":"Mar\u00eda Cano strengthens its presence in academic arenas of national significance - Maria Cano - en","isPartOf":{"@id":"https:\/\/www.fumc.edu.co\/en\/#website"},"datePublished":"2026-09-01T19:01:08+00:00","dateModified":"2026-09-01T19:01:08+00:00","author":{"@id":"https:\/\/www.fumc.edu.co\/en\/#\/schema\/person\/5c6bd7dc64c65c0cdaff824025913942"},"description":"Cristian Arbey Pinilla Ortiz, faculty member of the Nutrition and Dietetics Program at Fundaci\u00f3n Universitaria Mar\u00eda Cano, participated as a speaker at the 40th Congress on Metabolism and Clinical Nutrition, sharing specialized knowledge with more than 2,200 healthcare professionals.","breadcrumb":{"@id":"https:\/\/www.fumc.edu.co\/en\/maria-cano-strengthens-its-presence-in-academic-arenas-of-national-significance\/#breadcrumb"},"inLanguage":"es","potentialAction":[{"@type":"ReadAction","target":["https:\/\/www.fumc.edu.co\/en\/maria-cano-strengthens-its-presence-in-academic-arenas-of-national-significance\/"]}]},{"@type":"BreadcrumbList","@id":"https:\/\/www.fumc.edu.co\/en\/maria-cano-strengthens-its-presence-in-academic-arenas-of-national-significance\/#breadcrumb","itemListElement":[{"@type":"ListItem","position":1,"name":"Portada","item":"https:\/\/www.fumc.edu.co\/en\/"},{"@type":"ListItem","position":2,"name":"Mar\u00eda Cano strengthens its presence in academic arenas of national significance"}]},{"@type":"WebSite","@id":"https:\/\/www.fumc.edu.co\/en\/#website","url":"https:\/\/www.fumc.edu.co\/en\/","name":"Maria Cano - en","description":"Otro sitio realizado con WordPress","potentialAction":[{"@type":"SearchAction","target":{"@type":"EntryPoint","urlTemplate":"https:\/\/www.fumc.edu.co\/en\/?s={search_term_string}"},"query-input":"required name=search_term_string"}],"inLanguage":"es"},{"@type":"Person","@id":"https:\/\/www.fumc.edu.co\/en\/#\/schema\/person\/5c6bd7dc64c65c0cdaff824025913942","name":"Comunicaciones","url":"https:\/\/www.fumc.edu.co\/en\/author\/comunicaciones\/"}]}},"_links":{"self":[{"href":"https:\/\/www.fumc.edu.co\/en\/wp-json\/wp\/v2\/posts\/15677","targetHints":{"allow":["GET"]}}],"collection":[{"href":"https:\/\/www.fumc.edu.co\/en\/wp-json\/wp\/v2\/posts"}],"about":[{"href":"https:\/\/www.fumc.edu.co\/en\/wp-json\/wp\/v2\/types\/post"}],"author":[{"embeddable":true,"href":"https:\/\/www.fumc.edu.co\/en\/wp-json\/wp\/v2\/users\/4"}],"replies":[{"embeddable":true,"href":"https:\/\/www.fumc.edu.co\/en\/wp-json\/wp\/v2\/comments?post=15677"}],"version-history":[{"count":0,"href":"https:\/\/www.fumc.edu.co\/en\/wp-json\/wp\/v2\/posts\/15677\/revisions"}],"wp:featuredmedia":[{"embeddable":true,"href":"https:\/\/www.fumc.edu.co\/en\/wp-json\/wp\/v2\/media\/15678"}],"wp:attachment":[{"href":"https:\/\/www.fumc.edu.co\/en\/wp-json\/wp\/v2\/media?parent=15677"}],"wp:term":[{"taxonomy":"category","embeddable":true,"href":"https:\/\/www.fumc.edu.co\/en\/wp-json\/wp\/v2\/categories?post=15677"},{"taxonomy":"post_tag","embeddable":true,"href":"https:\/\/www.fumc.edu.co\/en\/wp-json\/wp\/v2\/tags?post=15677"}],"curies":[{"name":"wp","href":"https:\/\/api.w.org\/{rel}","templated":true}]}}