{"id":2698,"date":"2017-09-06T13:09:16","date_gmt":"2017-09-06T13:09:16","guid":{"rendered":"https:\/\/www.fumc.edu.co\/en\/?p=2698"},"modified":"2017-09-06T13:15:18","modified_gmt":"2017-09-06T13:15:18","slug":"la-oficina-la-mujer-equidad-genero-visita-la-maria-cano-neiva","status":"publish","type":"post","link":"https:\/\/www.fumc.edu.co\/en\/la-oficina-la-mujer-equidad-genero-visita-la-maria-cano-neiva\/","title":{"rendered":"La Oficina de la Mujer y Equidad de G\u00e9nero visita la Mar\u00eda Cano en Neiva"},"content":{"rendered":"<p>La Instituci\u00f3n realiz\u00f3 la primera jornada de sensibilizaci\u00f3n a su comunidad acad\u00e9mica sobre Equidad de G\u00e9nero; La capacitaci\u00f3n fue realizada a trav\u00e9s del trabajo intersectorial con la Oficina de la Mujer y Equidad de G\u00e9nero de la Alcald\u00eda de Neiva y cont\u00f3 con la presencia de cincuenta 50 mujeres entre estudiantes y profesores del programa de Fisioterapia.<br \/>\nEste encuentro busca empoderar y promover acciones para reducir y erradicar las brechas de desigualdad, discriminaci\u00f3n y violencias por medio de procesos de transversalidad enfocados en formaci\u00f3n, sensibilizaci\u00f3n, incorporaci\u00f3n e implementaci\u00f3n de la gu\u00eda de equidad de g\u00e9nero y derechos humanos de las mujeres.<\/p>\n","protected":false},"excerpt":{"rendered":"<p>La Instituci\u00f3n realiz\u00f3 la primera jornada de sensibilizaci\u00f3n a su comunidad acad\u00e9mica sobre Equidad de G\u00e9nero; La capacitaci\u00f3n fue realizada a trav\u00e9s del trabajo intersectorial con la Oficina de la Mujer y Equidad de G\u00e9nero de la Alcald\u00eda de Neiva y cont\u00f3 con la presencia de cincuenta 50 mujeres entre estudiantes y profesores del programa [&hellip;]<\/p>\n","protected":false},"author":1,"featured_media":2699,"comment_status":"closed","ping_status":"open","sticky":false,"template":"","format":"standard","meta":{"footnotes":""},"categories":[55],"tags":[],"yoast_head":"<!-- This site is optimized with the Yoast SEO plugin v18.4.1 - https:\/\/yoast.com\/wordpress\/plugins\/seo\/ -->\n<title>La Oficina de la Mujer y Equidad de G\u00e9nero visita la Mar\u00eda Cano en Neiva - Maria Cano - en<\/title>\n<meta name=\"robots\" content=\"index, follow, max-snippet:-1, max-image-preview:large, max-video-preview:-1\" \/>\n<link rel=\"canonical\" href=\"https:\/\/www.fumc.edu.co\/en\/la-oficina-la-mujer-equidad-genero-visita-la-maria-cano-neiva\/\" \/>\n<meta property=\"og:locale\" content=\"es_ES\" \/>\n<meta property=\"og:type\" content=\"article\" \/>\n<meta property=\"og:title\" content=\"La Oficina de la Mujer y Equidad de G\u00e9nero visita la Mar\u00eda Cano en Neiva - Maria Cano - en\" \/>\n<meta property=\"og:description\" content=\"La Instituci\u00f3n realiz\u00f3 la primera jornada de sensibilizaci\u00f3n a su comunidad acad\u00e9mica sobre Equidad de G\u00e9nero; La capacitaci\u00f3n fue realizada a trav\u00e9s del trabajo intersectorial con la Oficina de la Mujer y Equidad de G\u00e9nero de la Alcald\u00eda de Neiva y cont\u00f3 con la presencia de cincuenta 50 mujeres entre estudiantes y profesores del programa [&hellip;]\" \/>\n<meta property=\"og:url\" content=\"https:\/\/www.fumc.edu.co\/en\/la-oficina-la-mujer-equidad-genero-visita-la-maria-cano-neiva\/\" \/>\n<meta property=\"og:site_name\" content=\"Maria Cano - en\" \/>\n<meta property=\"article:published_time\" content=\"2017-09-06T13:09:16+00:00\" \/>\n<meta property=\"article:modified_time\" content=\"2017-09-06T13:15:18+00:00\" \/>\n<meta property=\"og:image\" content=\"https:\/\/www.fumc.edu.co\/en\/wp-content\/uploads\/Noticias_mc_61_840x630.jpg\" \/>\n\t<meta property=\"og:image:width\" content=\"840\" \/>\n\t<meta property=\"og:image:height\" content=\"630\" \/>\n\t<meta property=\"og:image:type\" content=\"image\/jpeg\" \/>\n<meta name=\"twitter:card\" content=\"summary\" \/>\n<meta name=\"twitter:label1\" content=\"Escrito por\" \/>\n\t<meta name=\"twitter:data1\" content=\"univ3rsid@d\" \/>\n\t<meta name=\"twitter:label2\" content=\"Tiempo de lectura\" \/>\n\t<meta name=\"twitter:data2\" content=\"1 minuto\" \/>\n<script type=\"application\/ld+json\" class=\"yoast-schema-graph\">{\"@context\":\"https:\/\/schema.org\",\"@graph\":[{\"@type\":\"WebSite\",\"@id\":\"https:\/\/www.fumc.edu.co\/en\/#website\",\"url\":\"https:\/\/www.fumc.edu.co\/en\/\",\"name\":\"Maria Cano - en\",\"description\":\"Otro sitio realizado con WordPress\",\"potentialAction\":[{\"@type\":\"SearchAction\",\"target\":{\"@type\":\"EntryPoint\",\"urlTemplate\":\"https:\/\/www.fumc.edu.co\/en\/?s={search_term_string}\"},\"query-input\":\"required name=search_term_string\"}],\"inLanguage\":\"es\"},{\"@type\":\"ImageObject\",\"@id\":\"https:\/\/www.fumc.edu.co\/en\/la-oficina-la-mujer-equidad-genero-visita-la-maria-cano-neiva\/#primaryimage\",\"inLanguage\":\"es\",\"url\":\"https:\/\/www.fumc.edu.co\/en\/wp-content\/uploads\/Noticias_mc_61_840x630.jpg\",\"contentUrl\":\"https:\/\/www.fumc.edu.co\/en\/wp-content\/uploads\/Noticias_mc_61_840x630.jpg\",\"width\":840,\"height\":630},{\"@type\":\"WebPage\",\"@id\":\"https:\/\/www.fumc.edu.co\/en\/la-oficina-la-mujer-equidad-genero-visita-la-maria-cano-neiva\/#webpage\",\"url\":\"https:\/\/www.fumc.edu.co\/en\/la-oficina-la-mujer-equidad-genero-visita-la-maria-cano-neiva\/\",\"name\":\"La Oficina de la Mujer y Equidad de G\u00e9nero visita la Mar\u00eda Cano en Neiva - Maria Cano - en\",\"isPartOf\":{\"@id\":\"https:\/\/www.fumc.edu.co\/en\/#website\"},\"primaryImageOfPage\":{\"@id\":\"https:\/\/www.fumc.edu.co\/en\/la-oficina-la-mujer-equidad-genero-visita-la-maria-cano-neiva\/#primaryimage\"},\"datePublished\":\"2017-09-06T13:09:16+00:00\",\"dateModified\":\"2017-09-06T13:15:18+00:00\",\"author\":{\"@id\":\"https:\/\/www.fumc.edu.co\/en\/#\/schema\/person\/475343b168f188aa4d9598a8745cd8f7\"},\"breadcrumb\":{\"@id\":\"https:\/\/www.fumc.edu.co\/en\/la-oficina-la-mujer-equidad-genero-visita-la-maria-cano-neiva\/#breadcrumb\"},\"inLanguage\":\"es\",\"potentialAction\":[{\"@type\":\"ReadAction\",\"target\":[\"https:\/\/www.fumc.edu.co\/en\/la-oficina-la-mujer-equidad-genero-visita-la-maria-cano-neiva\/\"]}]},{\"@type\":\"BreadcrumbList\",\"@id\":\"https:\/\/www.fumc.edu.co\/en\/la-oficina-la-mujer-equidad-genero-visita-la-maria-cano-neiva\/#breadcrumb\",\"itemListElement\":[{\"@type\":\"ListItem\",\"position\":1,\"name\":\"Portada\",\"item\":\"https:\/\/www.fumc.edu.co\/en\/\"},{\"@type\":\"ListItem\",\"position\":2,\"name\":\"La Oficina de la Mujer y Equidad de G\u00e9nero visita la Mar\u00eda Cano en Neiva\"}]},{\"@type\":\"Person\",\"@id\":\"https:\/\/www.fumc.edu.co\/en\/#\/schema\/person\/475343b168f188aa4d9598a8745cd8f7\",\"name\":\"univ3rsid@d\",\"url\":\"https:\/\/www.fumc.edu.co\/en\/author\/univ3rsidd\/\"}]}<\/script>\n<!-- \/ Yoast SEO plugin. -->","yoast_head_json":{"title":"La Oficina de la Mujer y Equidad de G\u00e9nero visita la Mar\u00eda Cano en Neiva - Maria Cano - en","robots":{"index":"index","follow":"follow","max-snippet":"max-snippet:-1","max-image-preview":"max-image-preview:large","max-video-preview":"max-video-preview:-1"},"canonical":"https:\/\/www.fumc.edu.co\/en\/la-oficina-la-mujer-equidad-genero-visita-la-maria-cano-neiva\/","og_locale":"es_ES","og_type":"article","og_title":"La Oficina de la Mujer y Equidad de G\u00e9nero visita la Mar\u00eda Cano en Neiva - Maria Cano - en","og_description":"La Instituci\u00f3n realiz\u00f3 la primera jornada de sensibilizaci\u00f3n a su comunidad acad\u00e9mica sobre Equidad de G\u00e9nero; La capacitaci\u00f3n fue realizada a trav\u00e9s del trabajo intersectorial con la Oficina de la Mujer y Equidad de G\u00e9nero de la Alcald\u00eda de Neiva y cont\u00f3 con la presencia de cincuenta 50 mujeres entre estudiantes y profesores del programa [&hellip;]","og_url":"https:\/\/www.fumc.edu.co\/en\/la-oficina-la-mujer-equidad-genero-visita-la-maria-cano-neiva\/","og_site_name":"Maria Cano - en","article_published_time":"2017-09-06T13:09:16+00:00","article_modified_time":"2017-09-06T13:15:18+00:00","og_image":[{"width":840,"height":630,"url":"https:\/\/www.fumc.edu.co\/en\/wp-content\/uploads\/Noticias_mc_61_840x630.jpg","type":"image\/jpeg"}],"twitter_card":"summary","twitter_misc":{"Escrito por":"univ3rsid@d","Tiempo de lectura":"1 minuto"},"schema":{"@context":"https:\/\/schema.org","@graph":[{"@type":"WebSite","@id":"https:\/\/www.fumc.edu.co\/en\/#website","url":"https:\/\/www.fumc.edu.co\/en\/","name":"Maria Cano - en","description":"Otro sitio realizado con WordPress","potentialAction":[{"@type":"SearchAction","target":{"@type":"EntryPoint","urlTemplate":"https:\/\/www.fumc.edu.co\/en\/?s={search_term_string}"},"query-input":"required name=search_term_string"}],"inLanguage":"es"},{"@type":"ImageObject","@id":"https:\/\/www.fumc.edu.co\/en\/la-oficina-la-mujer-equidad-genero-visita-la-maria-cano-neiva\/#primaryimage","inLanguage":"es","url":"https:\/\/www.fumc.edu.co\/en\/wp-content\/uploads\/Noticias_mc_61_840x630.jpg","contentUrl":"https:\/\/www.fumc.edu.co\/en\/wp-content\/uploads\/Noticias_mc_61_840x630.jpg","width":840,"height":630},{"@type":"WebPage","@id":"https:\/\/www.fumc.edu.co\/en\/la-oficina-la-mujer-equidad-genero-visita-la-maria-cano-neiva\/#webpage","url":"https:\/\/www.fumc.edu.co\/en\/la-oficina-la-mujer-equidad-genero-visita-la-maria-cano-neiva\/","name":"La Oficina de la Mujer y Equidad de G\u00e9nero visita la Mar\u00eda Cano en Neiva - Maria Cano - en","isPartOf":{"@id":"https:\/\/www.fumc.edu.co\/en\/#website"},"primaryImageOfPage":{"@id":"https:\/\/www.fumc.edu.co\/en\/la-oficina-la-mujer-equidad-genero-visita-la-maria-cano-neiva\/#primaryimage"},"datePublished":"2017-09-06T13:09:16+00:00","dateModified":"2017-09-06T13:15:18+00:00","author":{"@id":"https:\/\/www.fumc.edu.co\/en\/#\/schema\/person\/475343b168f188aa4d9598a8745cd8f7"},"breadcrumb":{"@id":"https:\/\/www.fumc.edu.co\/en\/la-oficina-la-mujer-equidad-genero-visita-la-maria-cano-neiva\/#breadcrumb"},"inLanguage":"es","potentialAction":[{"@type":"ReadAction","target":["https:\/\/www.fumc.edu.co\/en\/la-oficina-la-mujer-equidad-genero-visita-la-maria-cano-neiva\/"]}]},{"@type":"BreadcrumbList","@id":"https:\/\/www.fumc.edu.co\/en\/la-oficina-la-mujer-equidad-genero-visita-la-maria-cano-neiva\/#breadcrumb","itemListElement":[{"@type":"ListItem","position":1,"name":"Portada","item":"https:\/\/www.fumc.edu.co\/en\/"},{"@type":"ListItem","position":2,"name":"La Oficina de la Mujer y Equidad de G\u00e9nero visita la Mar\u00eda Cano en Neiva"}]},{"@type":"Person","@id":"https:\/\/www.fumc.edu.co\/en\/#\/schema\/person\/475343b168f188aa4d9598a8745cd8f7","name":"univ3rsid@d","url":"https:\/\/www.fumc.edu.co\/en\/author\/univ3rsidd\/"}]}},"_links":{"self":[{"href":"https:\/\/www.fumc.edu.co\/en\/wp-json\/wp\/v2\/posts\/2698"}],"collection":[{"href":"https:\/\/www.fumc.edu.co\/en\/wp-json\/wp\/v2\/posts"}],"about":[{"href":"https:\/\/www.fumc.edu.co\/en\/wp-json\/wp\/v2\/types\/post"}],"author":[{"embeddable":true,"href":"https:\/\/www.fumc.edu.co\/en\/wp-json\/wp\/v2\/users\/1"}],"replies":[{"embeddable":true,"href":"https:\/\/www.fumc.edu.co\/en\/wp-json\/wp\/v2\/comments?post=2698"}],"version-history":[{"count":0,"href":"https:\/\/www.fumc.edu.co\/en\/wp-json\/wp\/v2\/posts\/2698\/revisions"}],"wp:featuredmedia":[{"embeddable":true,"href":"https:\/\/www.fumc.edu.co\/en\/wp-json\/wp\/v2\/media\/2699"}],"wp:attachment":[{"href":"https:\/\/www.fumc.edu.co\/en\/wp-json\/wp\/v2\/media?parent=2698"}],"wp:term":[{"taxonomy":"category","embeddable":true,"href":"https:\/\/www.fumc.edu.co\/en\/wp-json\/wp\/v2\/categories?post=2698"},{"taxonomy":"post_tag","embeddable":true,"href":"https:\/\/www.fumc.edu.co\/en\/wp-json\/wp\/v2\/tags?post=2698"}],"curies":[{"name":"wp","href":"https:\/\/api.w.org\/{rel}","templated":true}]}}