{"id":2723,"date":"2017-09-13T19:02:23","date_gmt":"2017-09-13T19:02:23","guid":{"rendered":"https:\/\/www.fumc.edu.co\/en\/?p=2723"},"modified":"2017-09-13T19:02:23","modified_gmt":"2017-09-13T19:02:23","slug":"neiva-los-padres-familia","status":"publish","type":"post","link":"https:\/\/www.fumc.edu.co\/en\/neiva-los-padres-familia\/","title":{"rendered":"En Neiva con los padres de familia"},"content":{"rendered":"<p class=\"x_MsoNormal\"><span style=\"font-family: arial, helvetica, sans-serif;\">Se llev\u00f3 a cabo la reuni\u00f3n de padres de familia y acudientes de estudiantes de primer semestre de Fisioterapia, para apoyar el proceso de adaptaci\u00f3n a su vida Universitaria, proceso fundamental en el ciclo de vida universitaria de los j\u00f3venes en la Instituci\u00f3n.<\/span><\/p>\n<p class=\"x_MsoNormal\"><span style=\"font-family: arial, helvetica, sans-serif;\">El programa de permanencia present\u00f3 a los invitados las estrategias de acompa\u00f1amiento a los estudiantes realizados institucionalmente y resalt\u00f3 la importancia del apoyo familiar en la etapa universitaria de los mismos. De la misma forma, se sensibiliz\u00f3 sobre los posibles factores que pueden incidir en el rendimiento acad\u00e9mico de los estudiantes como el inadecuado uso de las redes sociales, embarazos no deseados, conflictos familiares, consumo de sustancias psicoactivas, no planeaci\u00f3n de actividades acad\u00e9micas, que pueden influenciar negativamente el desempe\u00f1o en su programa.<\/span><\/p>\n","protected":false},"excerpt":{"rendered":"<p>Se llev\u00f3 a cabo la reuni\u00f3n de padres de familia y acudientes de estudiantes de primer semestre de Fisioterapia, para apoyar el proceso de adaptaci\u00f3n a su vida Universitaria, proceso fundamental en el ciclo de vida universitaria de los j\u00f3venes en la Instituci\u00f3n. El programa de permanencia present\u00f3 a los invitados las estrategias de acompa\u00f1amiento [&hellip;]<\/p>\n","protected":false},"author":1,"featured_media":2724,"comment_status":"closed","ping_status":"open","sticky":false,"template":"","format":"standard","meta":{"footnotes":""},"categories":[55],"tags":[],"yoast_head":"<!-- This site is optimized with the Yoast SEO plugin v18.4.1 - https:\/\/yoast.com\/wordpress\/plugins\/seo\/ -->\n<title>En Neiva con los padres de familia - Maria Cano - en<\/title>\n<meta name=\"description\" content=\"Se llev\u00f3 a cabo la reuni\u00f3n de padres de familia y acudientes de estudiantes de primer semestre de Fisioterapia, para apoyar el proceso de adaptaci\u00f3n\" \/>\n<meta name=\"robots\" content=\"index, follow, max-snippet:-1, max-image-preview:large, max-video-preview:-1\" \/>\n<link rel=\"canonical\" href=\"https:\/\/www.fumc.edu.co\/en\/neiva-los-padres-familia\/\" \/>\n<meta property=\"og:locale\" content=\"es_ES\" \/>\n<meta property=\"og:type\" content=\"article\" \/>\n<meta property=\"og:title\" content=\"En Neiva con los padres de familia - Maria Cano - en\" \/>\n<meta property=\"og:description\" content=\"Se llev\u00f3 a cabo la reuni\u00f3n de padres de familia y acudientes de estudiantes de primer semestre de Fisioterapia, para apoyar el proceso de adaptaci\u00f3n\" \/>\n<meta property=\"og:url\" content=\"https:\/\/www.fumc.edu.co\/en\/neiva-los-padres-familia\/\" \/>\n<meta property=\"og:site_name\" content=\"Maria Cano - en\" \/>\n<meta property=\"article:published_time\" content=\"2017-09-13T19:02:23+00:00\" \/>\n<meta property=\"og:image\" content=\"https:\/\/www.fumc.edu.co\/en\/wp-content\/uploads\/Padres-de-Familia.jpg\" \/>\n\t<meta property=\"og:image:width\" content=\"4041\" \/>\n\t<meta property=\"og:image:height\" content=\"1901\" \/>\n\t<meta property=\"og:image:type\" content=\"image\/jpeg\" \/>\n<meta name=\"twitter:card\" content=\"summary\" \/>\n<meta name=\"twitter:label1\" content=\"Escrito por\" \/>\n\t<meta name=\"twitter:data1\" content=\"univ3rsid@d\" \/>\n\t<meta name=\"twitter:label2\" content=\"Tiempo de lectura\" \/>\n\t<meta name=\"twitter:data2\" content=\"1 minuto\" \/>\n<script type=\"application\/ld+json\" class=\"yoast-schema-graph\">{\"@context\":\"https:\/\/schema.org\",\"@graph\":[{\"@type\":\"WebSite\",\"@id\":\"https:\/\/www.fumc.edu.co\/en\/#website\",\"url\":\"https:\/\/www.fumc.edu.co\/en\/\",\"name\":\"Maria Cano - en\",\"description\":\"Otro sitio realizado con WordPress\",\"potentialAction\":[{\"@type\":\"SearchAction\",\"target\":{\"@type\":\"EntryPoint\",\"urlTemplate\":\"https:\/\/www.fumc.edu.co\/en\/?s={search_term_string}\"},\"query-input\":\"required name=search_term_string\"}],\"inLanguage\":\"es\"},{\"@type\":\"ImageObject\",\"@id\":\"https:\/\/www.fumc.edu.co\/en\/neiva-los-padres-familia\/#primaryimage\",\"inLanguage\":\"es\",\"url\":\"https:\/\/www.fumc.edu.co\/en\/wp-content\/uploads\/Padres-de-Familia.jpg\",\"contentUrl\":\"https:\/\/www.fumc.edu.co\/en\/wp-content\/uploads\/Padres-de-Familia.jpg\",\"width\":4041,\"height\":1901},{\"@type\":\"WebPage\",\"@id\":\"https:\/\/www.fumc.edu.co\/en\/neiva-los-padres-familia\/#webpage\",\"url\":\"https:\/\/www.fumc.edu.co\/en\/neiva-los-padres-familia\/\",\"name\":\"En Neiva con los padres de familia - Maria Cano - en\",\"isPartOf\":{\"@id\":\"https:\/\/www.fumc.edu.co\/en\/#website\"},\"primaryImageOfPage\":{\"@id\":\"https:\/\/www.fumc.edu.co\/en\/neiva-los-padres-familia\/#primaryimage\"},\"datePublished\":\"2017-09-13T19:02:23+00:00\",\"dateModified\":\"2017-09-13T19:02:23+00:00\",\"author\":{\"@id\":\"https:\/\/www.fumc.edu.co\/en\/#\/schema\/person\/475343b168f188aa4d9598a8745cd8f7\"},\"description\":\"Se llev\u00f3 a cabo la reuni\u00f3n de padres de familia y acudientes de estudiantes de primer semestre de Fisioterapia, para apoyar el proceso de adaptaci\u00f3n\",\"breadcrumb\":{\"@id\":\"https:\/\/www.fumc.edu.co\/en\/neiva-los-padres-familia\/#breadcrumb\"},\"inLanguage\":\"es\",\"potentialAction\":[{\"@type\":\"ReadAction\",\"target\":[\"https:\/\/www.fumc.edu.co\/en\/neiva-los-padres-familia\/\"]}]},{\"@type\":\"BreadcrumbList\",\"@id\":\"https:\/\/www.fumc.edu.co\/en\/neiva-los-padres-familia\/#breadcrumb\",\"itemListElement\":[{\"@type\":\"ListItem\",\"position\":1,\"name\":\"Portada\",\"item\":\"https:\/\/www.fumc.edu.co\/en\/\"},{\"@type\":\"ListItem\",\"position\":2,\"name\":\"En Neiva con los padres de familia\"}]},{\"@type\":\"Person\",\"@id\":\"https:\/\/www.fumc.edu.co\/en\/#\/schema\/person\/475343b168f188aa4d9598a8745cd8f7\",\"name\":\"univ3rsid@d\",\"url\":\"https:\/\/www.fumc.edu.co\/en\/author\/univ3rsidd\/\"}]}<\/script>\n<!-- \/ Yoast SEO plugin. -->","yoast_head_json":{"title":"En Neiva con los padres de familia - Maria Cano - en","description":"Se llev\u00f3 a cabo la reuni\u00f3n de padres de familia y acudientes de estudiantes de primer semestre de Fisioterapia, para apoyar el proceso de adaptaci\u00f3n","robots":{"index":"index","follow":"follow","max-snippet":"max-snippet:-1","max-image-preview":"max-image-preview:large","max-video-preview":"max-video-preview:-1"},"canonical":"https:\/\/www.fumc.edu.co\/en\/neiva-los-padres-familia\/","og_locale":"es_ES","og_type":"article","og_title":"En Neiva con los padres de familia - Maria Cano - en","og_description":"Se llev\u00f3 a cabo la reuni\u00f3n de padres de familia y acudientes de estudiantes de primer semestre de Fisioterapia, para apoyar el proceso de adaptaci\u00f3n","og_url":"https:\/\/www.fumc.edu.co\/en\/neiva-los-padres-familia\/","og_site_name":"Maria Cano - en","article_published_time":"2017-09-13T19:02:23+00:00","og_image":[{"width":4041,"height":1901,"url":"https:\/\/www.fumc.edu.co\/en\/wp-content\/uploads\/Padres-de-Familia.jpg","type":"image\/jpeg"}],"twitter_card":"summary","twitter_misc":{"Escrito por":"univ3rsid@d","Tiempo de lectura":"1 minuto"},"schema":{"@context":"https:\/\/schema.org","@graph":[{"@type":"WebSite","@id":"https:\/\/www.fumc.edu.co\/en\/#website","url":"https:\/\/www.fumc.edu.co\/en\/","name":"Maria Cano - en","description":"Otro sitio realizado con WordPress","potentialAction":[{"@type":"SearchAction","target":{"@type":"EntryPoint","urlTemplate":"https:\/\/www.fumc.edu.co\/en\/?s={search_term_string}"},"query-input":"required name=search_term_string"}],"inLanguage":"es"},{"@type":"ImageObject","@id":"https:\/\/www.fumc.edu.co\/en\/neiva-los-padres-familia\/#primaryimage","inLanguage":"es","url":"https:\/\/www.fumc.edu.co\/en\/wp-content\/uploads\/Padres-de-Familia.jpg","contentUrl":"https:\/\/www.fumc.edu.co\/en\/wp-content\/uploads\/Padres-de-Familia.jpg","width":4041,"height":1901},{"@type":"WebPage","@id":"https:\/\/www.fumc.edu.co\/en\/neiva-los-padres-familia\/#webpage","url":"https:\/\/www.fumc.edu.co\/en\/neiva-los-padres-familia\/","name":"En Neiva con los padres de familia - Maria Cano - en","isPartOf":{"@id":"https:\/\/www.fumc.edu.co\/en\/#website"},"primaryImageOfPage":{"@id":"https:\/\/www.fumc.edu.co\/en\/neiva-los-padres-familia\/#primaryimage"},"datePublished":"2017-09-13T19:02:23+00:00","dateModified":"2017-09-13T19:02:23+00:00","author":{"@id":"https:\/\/www.fumc.edu.co\/en\/#\/schema\/person\/475343b168f188aa4d9598a8745cd8f7"},"description":"Se llev\u00f3 a cabo la reuni\u00f3n de padres de familia y acudientes de estudiantes de primer semestre de Fisioterapia, para apoyar el proceso de adaptaci\u00f3n","breadcrumb":{"@id":"https:\/\/www.fumc.edu.co\/en\/neiva-los-padres-familia\/#breadcrumb"},"inLanguage":"es","potentialAction":[{"@type":"ReadAction","target":["https:\/\/www.fumc.edu.co\/en\/neiva-los-padres-familia\/"]}]},{"@type":"BreadcrumbList","@id":"https:\/\/www.fumc.edu.co\/en\/neiva-los-padres-familia\/#breadcrumb","itemListElement":[{"@type":"ListItem","position":1,"name":"Portada","item":"https:\/\/www.fumc.edu.co\/en\/"},{"@type":"ListItem","position":2,"name":"En Neiva con los padres de familia"}]},{"@type":"Person","@id":"https:\/\/www.fumc.edu.co\/en\/#\/schema\/person\/475343b168f188aa4d9598a8745cd8f7","name":"univ3rsid@d","url":"https:\/\/www.fumc.edu.co\/en\/author\/univ3rsidd\/"}]}},"_links":{"self":[{"href":"https:\/\/www.fumc.edu.co\/en\/wp-json\/wp\/v2\/posts\/2723"}],"collection":[{"href":"https:\/\/www.fumc.edu.co\/en\/wp-json\/wp\/v2\/posts"}],"about":[{"href":"https:\/\/www.fumc.edu.co\/en\/wp-json\/wp\/v2\/types\/post"}],"author":[{"embeddable":true,"href":"https:\/\/www.fumc.edu.co\/en\/wp-json\/wp\/v2\/users\/1"}],"replies":[{"embeddable":true,"href":"https:\/\/www.fumc.edu.co\/en\/wp-json\/wp\/v2\/comments?post=2723"}],"version-history":[{"count":0,"href":"https:\/\/www.fumc.edu.co\/en\/wp-json\/wp\/v2\/posts\/2723\/revisions"}],"wp:featuredmedia":[{"embeddable":true,"href":"https:\/\/www.fumc.edu.co\/en\/wp-json\/wp\/v2\/media\/2724"}],"wp:attachment":[{"href":"https:\/\/www.fumc.edu.co\/en\/wp-json\/wp\/v2\/media?parent=2723"}],"wp:term":[{"taxonomy":"category","embeddable":true,"href":"https:\/\/www.fumc.edu.co\/en\/wp-json\/wp\/v2\/categories?post=2723"},{"taxonomy":"post_tag","embeddable":true,"href":"https:\/\/www.fumc.edu.co\/en\/wp-json\/wp\/v2\/tags?post=2723"}],"curies":[{"name":"wp","href":"https:\/\/api.w.org\/{rel}","templated":true}]}}