{"id":4586,"date":"2018-06-19T16:00:26","date_gmt":"2018-06-19T16:00:26","guid":{"rendered":"https:\/\/www.fumc.edu.co\/en\/?p=4586"},"modified":"2018-06-19T16:00:33","modified_gmt":"2018-06-19T16:00:33","slug":"neiva-jornada-healing-the-children","status":"publish","type":"post","link":"https:\/\/www.fumc.edu.co\/en\/neiva-jornada-healing-the-children\/","title":{"rendered":"En Neiva: Jornada Healing the Children"},"content":{"rendered":"<p>En la capital de Huila, se llev\u00f3 acabo la Jornada Healing the Children, que se ha liderado durante los \u00faltimos 25 a\u00f1os por el cuidado de los menores, como futuro de la sociedad. Un grupo de especialistas, cirujanos, ortodoncistas y fonoaudi\u00f3logos de Estados Unidos realizan intervenciones a ni\u00f1os, adolescentes y adultos con labio leporino y paladar hendido, como una forma de brindarles nuevas oportunidades de cuidado y bienestar.<\/p>\n<p>Para esta actividad, el papel del fonoaudi\u00f3logo, una de las grandes especialidades de la Mar\u00eda Cano, es de suma importancia porque trabaja de la mano con los especialistas, y realiza de manera intensiva, terapias con los ni\u00f1os que presentan dificultades del habla.<\/p>\n<p>En esta jornada se cont\u00f3 con la participaci\u00f3n de la docente Jenny Bautista Combita, del programa de Fonoaudiolog\u00eda, quien colabor\u00f3 en la realizaci\u00f3n de terapias, con el grupo de fonoaudi\u00f3logos de Columbia University de Nueva York, quienes estaban a cargo de la Dra. Catherine J. Crowley, siendo la gestora de Leader Project,<span style=\"color: #212121;\">\u00a0\u00a0<\/span><span style=\"color: #212121;\">un lugar web,<\/span><span style=\"color: #212121;\">\u00a0<\/span><span style=\"color: #212121;\">donde dan estrategias y<\/span><span style=\"color: #212121;\">\u00a0<\/span><span style=\"color: #212121;\">el material para fonoaudi\u00f3logos y padres de familia, interesados en el trabajo de ni\u00f1os con labio leporino y paladar hendido.<\/span><\/p>\n<p>Mar\u00eda Cano es compromiso con la comunidad<\/p>\n","protected":false},"excerpt":{"rendered":"<p>En la capital de Huila, se llev\u00f3 acabo la Jornada Healing the Children, que se ha liderado durante los \u00faltimos 25 a\u00f1os por el cuidado de los menores, como futuro de la sociedad. Un grupo de especialistas, cirujanos, ortodoncistas y fonoaudi\u00f3logos de Estados Unidos realizan intervenciones a ni\u00f1os, adolescentes y adultos con labio leporino y [&hellip;]<\/p>\n","protected":false},"author":4,"featured_media":4587,"comment_status":"closed","ping_status":"open","sticky":false,"template":"","format":"standard","meta":{"footnotes":""},"categories":[55],"tags":[],"yoast_head":"<!-- This site is optimized with the Yoast SEO plugin v18.4.1 - https:\/\/yoast.com\/wordpress\/plugins\/seo\/ -->\n<title>En Neiva: Jornada Healing the Children - Maria Cano - en<\/title>\n<meta name=\"description\" content=\"En la ciudad de Neiva, la Mar\u00eda Cano participa en jornada de atenci\u00f3n a ni\u00f1os, adolescentes y adultos con labio leporino y paladar hendido.\" \/>\n<meta name=\"robots\" content=\"index, follow, max-snippet:-1, max-image-preview:large, max-video-preview:-1\" \/>\n<link rel=\"canonical\" href=\"https:\/\/www.fumc.edu.co\/en\/neiva-jornada-healing-the-children\/\" \/>\n<meta property=\"og:locale\" content=\"es_ES\" \/>\n<meta property=\"og:type\" content=\"article\" \/>\n<meta property=\"og:title\" content=\"En Neiva: Jornada Healing the Children - Maria Cano - en\" \/>\n<meta property=\"og:description\" content=\"En la ciudad de Neiva, la Mar\u00eda Cano participa en jornada de atenci\u00f3n a ni\u00f1os, adolescentes y adultos con labio leporino y paladar hendido.\" \/>\n<meta property=\"og:url\" content=\"https:\/\/www.fumc.edu.co\/en\/neiva-jornada-healing-the-children\/\" \/>\n<meta property=\"og:site_name\" content=\"Maria Cano - en\" \/>\n<meta property=\"article:published_time\" content=\"2018-06-19T16:00:26+00:00\" \/>\n<meta property=\"article:modified_time\" content=\"2018-06-19T16:00:33+00:00\" \/>\n<meta property=\"og:image\" content=\"https:\/\/www.fumc.edu.co\/en\/wp-content\/uploads\/20180606_133805.jpg\" \/>\n\t<meta property=\"og:image:width\" content=\"988\" \/>\n\t<meta property=\"og:image:height\" content=\"430\" \/>\n\t<meta property=\"og:image:type\" content=\"image\/jpeg\" \/>\n<meta name=\"twitter:card\" content=\"summary\" \/>\n<meta name=\"twitter:label1\" content=\"Escrito por\" \/>\n\t<meta name=\"twitter:data1\" content=\"Comunicaciones\" \/>\n\t<meta name=\"twitter:label2\" content=\"Tiempo de lectura\" \/>\n\t<meta name=\"twitter:data2\" content=\"1 minuto\" \/>\n<script type=\"application\/ld+json\" class=\"yoast-schema-graph\">{\"@context\":\"https:\/\/schema.org\",\"@graph\":[{\"@type\":\"WebSite\",\"@id\":\"https:\/\/www.fumc.edu.co\/en\/#website\",\"url\":\"https:\/\/www.fumc.edu.co\/en\/\",\"name\":\"Maria Cano - en\",\"description\":\"Otro sitio realizado con WordPress\",\"potentialAction\":[{\"@type\":\"SearchAction\",\"target\":{\"@type\":\"EntryPoint\",\"urlTemplate\":\"https:\/\/www.fumc.edu.co\/en\/?s={search_term_string}\"},\"query-input\":\"required name=search_term_string\"}],\"inLanguage\":\"es\"},{\"@type\":\"ImageObject\",\"@id\":\"https:\/\/www.fumc.edu.co\/en\/neiva-jornada-healing-the-children\/#primaryimage\",\"inLanguage\":\"es\",\"url\":\"https:\/\/www.fumc.edu.co\/en\/wp-content\/uploads\/20180606_133805.jpg\",\"contentUrl\":\"https:\/\/www.fumc.edu.co\/en\/wp-content\/uploads\/20180606_133805.jpg\",\"width\":988,\"height\":430},{\"@type\":\"WebPage\",\"@id\":\"https:\/\/www.fumc.edu.co\/en\/neiva-jornada-healing-the-children\/#webpage\",\"url\":\"https:\/\/www.fumc.edu.co\/en\/neiva-jornada-healing-the-children\/\",\"name\":\"En Neiva: Jornada Healing the Children - Maria Cano - en\",\"isPartOf\":{\"@id\":\"https:\/\/www.fumc.edu.co\/en\/#website\"},\"primaryImageOfPage\":{\"@id\":\"https:\/\/www.fumc.edu.co\/en\/neiva-jornada-healing-the-children\/#primaryimage\"},\"datePublished\":\"2018-06-19T16:00:26+00:00\",\"dateModified\":\"2018-06-19T16:00:33+00:00\",\"author\":{\"@id\":\"https:\/\/www.fumc.edu.co\/en\/#\/schema\/person\/5c6bd7dc64c65c0cdaff824025913942\"},\"description\":\"En la ciudad de Neiva, la Mar\u00eda Cano participa en jornada de atenci\u00f3n a ni\u00f1os, adolescentes y adultos con labio leporino y paladar hendido.\",\"breadcrumb\":{\"@id\":\"https:\/\/www.fumc.edu.co\/en\/neiva-jornada-healing-the-children\/#breadcrumb\"},\"inLanguage\":\"es\",\"potentialAction\":[{\"@type\":\"ReadAction\",\"target\":[\"https:\/\/www.fumc.edu.co\/en\/neiva-jornada-healing-the-children\/\"]}]},{\"@type\":\"BreadcrumbList\",\"@id\":\"https:\/\/www.fumc.edu.co\/en\/neiva-jornada-healing-the-children\/#breadcrumb\",\"itemListElement\":[{\"@type\":\"ListItem\",\"position\":1,\"name\":\"Portada\",\"item\":\"https:\/\/www.fumc.edu.co\/en\/\"},{\"@type\":\"ListItem\",\"position\":2,\"name\":\"En Neiva: Jornada Healing the Children\"}]},{\"@type\":\"Person\",\"@id\":\"https:\/\/www.fumc.edu.co\/en\/#\/schema\/person\/5c6bd7dc64c65c0cdaff824025913942\",\"name\":\"Comunicaciones\",\"url\":\"https:\/\/www.fumc.edu.co\/en\/author\/comunicaciones\/\"}]}<\/script>\n<!-- \/ Yoast SEO plugin. -->","yoast_head_json":{"title":"En Neiva: Jornada Healing the Children - Maria Cano - en","description":"En la ciudad de Neiva, la Mar\u00eda Cano participa en jornada de atenci\u00f3n a ni\u00f1os, adolescentes y adultos con labio leporino y paladar hendido.","robots":{"index":"index","follow":"follow","max-snippet":"max-snippet:-1","max-image-preview":"max-image-preview:large","max-video-preview":"max-video-preview:-1"},"canonical":"https:\/\/www.fumc.edu.co\/en\/neiva-jornada-healing-the-children\/","og_locale":"es_ES","og_type":"article","og_title":"En Neiva: Jornada Healing the Children - Maria Cano - en","og_description":"En la ciudad de Neiva, la Mar\u00eda Cano participa en jornada de atenci\u00f3n a ni\u00f1os, adolescentes y adultos con labio leporino y paladar hendido.","og_url":"https:\/\/www.fumc.edu.co\/en\/neiva-jornada-healing-the-children\/","og_site_name":"Maria Cano - en","article_published_time":"2018-06-19T16:00:26+00:00","article_modified_time":"2018-06-19T16:00:33+00:00","og_image":[{"width":988,"height":430,"url":"https:\/\/www.fumc.edu.co\/en\/wp-content\/uploads\/20180606_133805.jpg","type":"image\/jpeg"}],"twitter_card":"summary","twitter_misc":{"Escrito por":"Comunicaciones","Tiempo de lectura":"1 minuto"},"schema":{"@context":"https:\/\/schema.org","@graph":[{"@type":"WebSite","@id":"https:\/\/www.fumc.edu.co\/en\/#website","url":"https:\/\/www.fumc.edu.co\/en\/","name":"Maria Cano - en","description":"Otro sitio realizado con WordPress","potentialAction":[{"@type":"SearchAction","target":{"@type":"EntryPoint","urlTemplate":"https:\/\/www.fumc.edu.co\/en\/?s={search_term_string}"},"query-input":"required name=search_term_string"}],"inLanguage":"es"},{"@type":"ImageObject","@id":"https:\/\/www.fumc.edu.co\/en\/neiva-jornada-healing-the-children\/#primaryimage","inLanguage":"es","url":"https:\/\/www.fumc.edu.co\/en\/wp-content\/uploads\/20180606_133805.jpg","contentUrl":"https:\/\/www.fumc.edu.co\/en\/wp-content\/uploads\/20180606_133805.jpg","width":988,"height":430},{"@type":"WebPage","@id":"https:\/\/www.fumc.edu.co\/en\/neiva-jornada-healing-the-children\/#webpage","url":"https:\/\/www.fumc.edu.co\/en\/neiva-jornada-healing-the-children\/","name":"En Neiva: Jornada Healing the Children - Maria Cano - en","isPartOf":{"@id":"https:\/\/www.fumc.edu.co\/en\/#website"},"primaryImageOfPage":{"@id":"https:\/\/www.fumc.edu.co\/en\/neiva-jornada-healing-the-children\/#primaryimage"},"datePublished":"2018-06-19T16:00:26+00:00","dateModified":"2018-06-19T16:00:33+00:00","author":{"@id":"https:\/\/www.fumc.edu.co\/en\/#\/schema\/person\/5c6bd7dc64c65c0cdaff824025913942"},"description":"En la ciudad de Neiva, la Mar\u00eda Cano participa en jornada de atenci\u00f3n a ni\u00f1os, adolescentes y adultos con labio leporino y paladar hendido.","breadcrumb":{"@id":"https:\/\/www.fumc.edu.co\/en\/neiva-jornada-healing-the-children\/#breadcrumb"},"inLanguage":"es","potentialAction":[{"@type":"ReadAction","target":["https:\/\/www.fumc.edu.co\/en\/neiva-jornada-healing-the-children\/"]}]},{"@type":"BreadcrumbList","@id":"https:\/\/www.fumc.edu.co\/en\/neiva-jornada-healing-the-children\/#breadcrumb","itemListElement":[{"@type":"ListItem","position":1,"name":"Portada","item":"https:\/\/www.fumc.edu.co\/en\/"},{"@type":"ListItem","position":2,"name":"En Neiva: Jornada Healing the Children"}]},{"@type":"Person","@id":"https:\/\/www.fumc.edu.co\/en\/#\/schema\/person\/5c6bd7dc64c65c0cdaff824025913942","name":"Comunicaciones","url":"https:\/\/www.fumc.edu.co\/en\/author\/comunicaciones\/"}]}},"_links":{"self":[{"href":"https:\/\/www.fumc.edu.co\/en\/wp-json\/wp\/v2\/posts\/4586"}],"collection":[{"href":"https:\/\/www.fumc.edu.co\/en\/wp-json\/wp\/v2\/posts"}],"about":[{"href":"https:\/\/www.fumc.edu.co\/en\/wp-json\/wp\/v2\/types\/post"}],"author":[{"embeddable":true,"href":"https:\/\/www.fumc.edu.co\/en\/wp-json\/wp\/v2\/users\/4"}],"replies":[{"embeddable":true,"href":"https:\/\/www.fumc.edu.co\/en\/wp-json\/wp\/v2\/comments?post=4586"}],"version-history":[{"count":0,"href":"https:\/\/www.fumc.edu.co\/en\/wp-json\/wp\/v2\/posts\/4586\/revisions"}],"wp:featuredmedia":[{"embeddable":true,"href":"https:\/\/www.fumc.edu.co\/en\/wp-json\/wp\/v2\/media\/4587"}],"wp:attachment":[{"href":"https:\/\/www.fumc.edu.co\/en\/wp-json\/wp\/v2\/media?parent=4586"}],"wp:term":[{"taxonomy":"category","embeddable":true,"href":"https:\/\/www.fumc.edu.co\/en\/wp-json\/wp\/v2\/categories?post=4586"},{"taxonomy":"post_tag","embeddable":true,"href":"https:\/\/www.fumc.edu.co\/en\/wp-json\/wp\/v2\/tags?post=4586"}],"curies":[{"name":"wp","href":"https:\/\/api.w.org\/{rel}","templated":true}]}}