{"id":5074,"date":"2018-08-23T19:58:18","date_gmt":"2018-08-23T19:58:18","guid":{"rendered":"https:\/\/www.fumc.edu.co\/en\/?p=5074"},"modified":"2018-08-23T19:58:27","modified_gmt":"2018-08-23T19:58:27","slug":"junta-directiva-aciet","status":"publish","type":"post","link":"https:\/\/www.fumc.edu.co\/en\/junta-directiva-aciet\/","title":{"rendered":"Junta Directiva ACIET en la Mar\u00eda Cano"},"content":{"rendered":"<p>La sede Medell\u00edn, recibi\u00f3 a la Junta Directiva de la\u00a0Asociaci\u00f3n\u00a0Colombiana de Instituciones de Educaci\u00f3n Superior con Formaci\u00f3n T\u00e9cnica Profesional,\u00a0Tecnol\u00f3gica o Universitaria &#8211; ACIET, en donde se analizaron temas fundamentales para la educaci\u00f3n superior de Colombia. Informes de los diferentes nodos nacionales, plan de acci\u00f3n, estrategias financieras de la Asociaci\u00f3n, la realizaci\u00f3n del\u00a0VIII Simposio Internacional de Investigaci\u00f3n T\u00e9cnica Profesional y Tecnol\u00f3gica, el VI Encuentro de semilleros y el V Encuentro de Grupos de Investigaci\u00f3n y la II Feria\u00a0de Prototipos y Soluciones Empresariales; as\u00ed como\u00a0Traves\u00eda por la Educaci\u00f3n T\u00e9cnica, Tecnol\u00f3gica y Universitaria, y la realizaci\u00f3n de los Juegos Nacionales ACIET; fueron parte de la agenda.<\/p>\n<p>Estuvieron invitados tambi\u00e9n, rectores de la Instituciones de Educaci\u00f3n Superior de Medell\u00edn, en donde se analizaron los retos del nuevo Gobierno Nacional, en materia de educaci\u00f3n superior con los miembros del Consejo Nacional de Educaci\u00f3n Superior &#8211; CESU, pertenecientes a ACIET.<\/p>\n<p>De esta manera la Mar\u00eda Cano nuevamente es referente de trabajo con calidad y alineaci\u00f3n acad\u00e9mica en la b\u00fasqueda de la excelencia.<\/p>\n","protected":false},"excerpt":{"rendered":"<p>La sede Medell\u00edn, recibi\u00f3 a la Junta Directiva de la\u00a0Asociaci\u00f3n\u00a0Colombiana de Instituciones de Educaci\u00f3n Superior con Formaci\u00f3n T\u00e9cnica Profesional,\u00a0Tecnol\u00f3gica o Universitaria &#8211; ACIET, en donde se analizaron temas fundamentales para la educaci\u00f3n superior de Colombia. Informes de los diferentes nodos nacionales, plan de acci\u00f3n, estrategias financieras de la Asociaci\u00f3n, la realizaci\u00f3n del\u00a0VIII Simposio Internacional de [&hellip;]<\/p>\n","protected":false},"author":4,"featured_media":5076,"comment_status":"closed","ping_status":"open","sticky":false,"template":"","format":"standard","meta":{"footnotes":""},"categories":[54,53,55,56],"tags":[],"yoast_head":"<!-- This site is optimized with the Yoast SEO plugin v18.4.1 - https:\/\/yoast.com\/wordpress\/plugins\/seo\/ -->\n<title>Junta Directiva ACIET en la Mar\u00eda Cano - Maria Cano - en<\/title>\n<meta name=\"description\" content=\"Junta Directiva de la Asociaci\u00f3n Colombiana de Instituciones de Educaci\u00f3n Superior con Formaci\u00f3n T\u00e9cnica Profesional, Tecnol\u00f3gica o Universitaria - ACIET\" \/>\n<meta name=\"robots\" content=\"index, follow, max-snippet:-1, max-image-preview:large, max-video-preview:-1\" \/>\n<link rel=\"canonical\" href=\"https:\/\/www.fumc.edu.co\/en\/junta-directiva-aciet\/\" \/>\n<meta property=\"og:locale\" content=\"es_ES\" \/>\n<meta property=\"og:type\" content=\"article\" \/>\n<meta property=\"og:title\" content=\"Junta Directiva ACIET en la Mar\u00eda Cano - Maria Cano - en\" \/>\n<meta property=\"og:description\" content=\"Junta Directiva de la Asociaci\u00f3n Colombiana de Instituciones de Educaci\u00f3n Superior con Formaci\u00f3n T\u00e9cnica Profesional, Tecnol\u00f3gica o Universitaria - ACIET\" \/>\n<meta property=\"og:url\" content=\"https:\/\/www.fumc.edu.co\/en\/junta-directiva-aciet\/\" \/>\n<meta property=\"og:site_name\" content=\"Maria Cano - en\" \/>\n<meta property=\"article:published_time\" content=\"2018-08-23T19:58:18+00:00\" \/>\n<meta property=\"article:modified_time\" content=\"2018-08-23T19:58:27+00:00\" \/>\n<meta property=\"og:image\" content=\"https:\/\/www.fumc.edu.co\/en\/wp-content\/uploads\/Aciet-2.png\" \/>\n\t<meta property=\"og:image:width\" content=\"840\" \/>\n\t<meta property=\"og:image:height\" content=\"430\" \/>\n\t<meta property=\"og:image:type\" content=\"image\/png\" \/>\n<meta name=\"twitter:card\" content=\"summary\" \/>\n<meta name=\"twitter:label1\" content=\"Escrito por\" \/>\n\t<meta name=\"twitter:data1\" content=\"Comunicaciones\" \/>\n\t<meta name=\"twitter:label2\" content=\"Tiempo de lectura\" \/>\n\t<meta name=\"twitter:data2\" content=\"1 minuto\" \/>\n<script type=\"application\/ld+json\" class=\"yoast-schema-graph\">{\"@context\":\"https:\/\/schema.org\",\"@graph\":[{\"@type\":\"WebSite\",\"@id\":\"https:\/\/www.fumc.edu.co\/en\/#website\",\"url\":\"https:\/\/www.fumc.edu.co\/en\/\",\"name\":\"Maria Cano - en\",\"description\":\"Otro sitio realizado con WordPress\",\"potentialAction\":[{\"@type\":\"SearchAction\",\"target\":{\"@type\":\"EntryPoint\",\"urlTemplate\":\"https:\/\/www.fumc.edu.co\/en\/?s={search_term_string}\"},\"query-input\":\"required name=search_term_string\"}],\"inLanguage\":\"es\"},{\"@type\":\"ImageObject\",\"@id\":\"https:\/\/www.fumc.edu.co\/en\/junta-directiva-aciet\/#primaryimage\",\"inLanguage\":\"es\",\"url\":\"https:\/\/www.fumc.edu.co\/en\/wp-content\/uploads\/Aciet-2.png\",\"contentUrl\":\"https:\/\/www.fumc.edu.co\/en\/wp-content\/uploads\/Aciet-2.png\",\"width\":840,\"height\":430},{\"@type\":\"WebPage\",\"@id\":\"https:\/\/www.fumc.edu.co\/en\/junta-directiva-aciet\/#webpage\",\"url\":\"https:\/\/www.fumc.edu.co\/en\/junta-directiva-aciet\/\",\"name\":\"Junta Directiva ACIET en la Mar\u00eda Cano - Maria Cano - en\",\"isPartOf\":{\"@id\":\"https:\/\/www.fumc.edu.co\/en\/#website\"},\"primaryImageOfPage\":{\"@id\":\"https:\/\/www.fumc.edu.co\/en\/junta-directiva-aciet\/#primaryimage\"},\"datePublished\":\"2018-08-23T19:58:18+00:00\",\"dateModified\":\"2018-08-23T19:58:27+00:00\",\"author\":{\"@id\":\"https:\/\/www.fumc.edu.co\/en\/#\/schema\/person\/5c6bd7dc64c65c0cdaff824025913942\"},\"description\":\"Junta Directiva de la Asociaci\u00f3n Colombiana de Instituciones de Educaci\u00f3n Superior con Formaci\u00f3n T\u00e9cnica Profesional, Tecnol\u00f3gica o Universitaria - ACIET\",\"breadcrumb\":{\"@id\":\"https:\/\/www.fumc.edu.co\/en\/junta-directiva-aciet\/#breadcrumb\"},\"inLanguage\":\"es\",\"potentialAction\":[{\"@type\":\"ReadAction\",\"target\":[\"https:\/\/www.fumc.edu.co\/en\/junta-directiva-aciet\/\"]}]},{\"@type\":\"BreadcrumbList\",\"@id\":\"https:\/\/www.fumc.edu.co\/en\/junta-directiva-aciet\/#breadcrumb\",\"itemListElement\":[{\"@type\":\"ListItem\",\"position\":1,\"name\":\"Portada\",\"item\":\"https:\/\/www.fumc.edu.co\/en\/\"},{\"@type\":\"ListItem\",\"position\":2,\"name\":\"Junta Directiva ACIET en la Mar\u00eda Cano\"}]},{\"@type\":\"Person\",\"@id\":\"https:\/\/www.fumc.edu.co\/en\/#\/schema\/person\/5c6bd7dc64c65c0cdaff824025913942\",\"name\":\"Comunicaciones\",\"url\":\"https:\/\/www.fumc.edu.co\/en\/author\/comunicaciones\/\"}]}<\/script>\n<!-- \/ Yoast SEO plugin. -->","yoast_head_json":{"title":"Junta Directiva ACIET en la Mar\u00eda Cano - Maria Cano - en","description":"Junta Directiva de la Asociaci\u00f3n Colombiana de Instituciones de Educaci\u00f3n Superior con Formaci\u00f3n T\u00e9cnica Profesional, Tecnol\u00f3gica o Universitaria - ACIET","robots":{"index":"index","follow":"follow","max-snippet":"max-snippet:-1","max-image-preview":"max-image-preview:large","max-video-preview":"max-video-preview:-1"},"canonical":"https:\/\/www.fumc.edu.co\/en\/junta-directiva-aciet\/","og_locale":"es_ES","og_type":"article","og_title":"Junta Directiva ACIET en la Mar\u00eda Cano - Maria Cano - en","og_description":"Junta Directiva de la Asociaci\u00f3n Colombiana de Instituciones de Educaci\u00f3n Superior con Formaci\u00f3n T\u00e9cnica Profesional, Tecnol\u00f3gica o Universitaria - ACIET","og_url":"https:\/\/www.fumc.edu.co\/en\/junta-directiva-aciet\/","og_site_name":"Maria Cano - en","article_published_time":"2018-08-23T19:58:18+00:00","article_modified_time":"2018-08-23T19:58:27+00:00","og_image":[{"width":840,"height":430,"url":"https:\/\/www.fumc.edu.co\/en\/wp-content\/uploads\/Aciet-2.png","type":"image\/png"}],"twitter_card":"summary","twitter_misc":{"Escrito por":"Comunicaciones","Tiempo de lectura":"1 minuto"},"schema":{"@context":"https:\/\/schema.org","@graph":[{"@type":"WebSite","@id":"https:\/\/www.fumc.edu.co\/en\/#website","url":"https:\/\/www.fumc.edu.co\/en\/","name":"Maria Cano - en","description":"Otro sitio realizado con WordPress","potentialAction":[{"@type":"SearchAction","target":{"@type":"EntryPoint","urlTemplate":"https:\/\/www.fumc.edu.co\/en\/?s={search_term_string}"},"query-input":"required name=search_term_string"}],"inLanguage":"es"},{"@type":"ImageObject","@id":"https:\/\/www.fumc.edu.co\/en\/junta-directiva-aciet\/#primaryimage","inLanguage":"es","url":"https:\/\/www.fumc.edu.co\/en\/wp-content\/uploads\/Aciet-2.png","contentUrl":"https:\/\/www.fumc.edu.co\/en\/wp-content\/uploads\/Aciet-2.png","width":840,"height":430},{"@type":"WebPage","@id":"https:\/\/www.fumc.edu.co\/en\/junta-directiva-aciet\/#webpage","url":"https:\/\/www.fumc.edu.co\/en\/junta-directiva-aciet\/","name":"Junta Directiva ACIET en la Mar\u00eda Cano - Maria Cano - en","isPartOf":{"@id":"https:\/\/www.fumc.edu.co\/en\/#website"},"primaryImageOfPage":{"@id":"https:\/\/www.fumc.edu.co\/en\/junta-directiva-aciet\/#primaryimage"},"datePublished":"2018-08-23T19:58:18+00:00","dateModified":"2018-08-23T19:58:27+00:00","author":{"@id":"https:\/\/www.fumc.edu.co\/en\/#\/schema\/person\/5c6bd7dc64c65c0cdaff824025913942"},"description":"Junta Directiva de la Asociaci\u00f3n Colombiana de Instituciones de Educaci\u00f3n Superior con Formaci\u00f3n T\u00e9cnica Profesional, Tecnol\u00f3gica o Universitaria - ACIET","breadcrumb":{"@id":"https:\/\/www.fumc.edu.co\/en\/junta-directiva-aciet\/#breadcrumb"},"inLanguage":"es","potentialAction":[{"@type":"ReadAction","target":["https:\/\/www.fumc.edu.co\/en\/junta-directiva-aciet\/"]}]},{"@type":"BreadcrumbList","@id":"https:\/\/www.fumc.edu.co\/en\/junta-directiva-aciet\/#breadcrumb","itemListElement":[{"@type":"ListItem","position":1,"name":"Portada","item":"https:\/\/www.fumc.edu.co\/en\/"},{"@type":"ListItem","position":2,"name":"Junta Directiva ACIET en la Mar\u00eda Cano"}]},{"@type":"Person","@id":"https:\/\/www.fumc.edu.co\/en\/#\/schema\/person\/5c6bd7dc64c65c0cdaff824025913942","name":"Comunicaciones","url":"https:\/\/www.fumc.edu.co\/en\/author\/comunicaciones\/"}]}},"_links":{"self":[{"href":"https:\/\/www.fumc.edu.co\/en\/wp-json\/wp\/v2\/posts\/5074"}],"collection":[{"href":"https:\/\/www.fumc.edu.co\/en\/wp-json\/wp\/v2\/posts"}],"about":[{"href":"https:\/\/www.fumc.edu.co\/en\/wp-json\/wp\/v2\/types\/post"}],"author":[{"embeddable":true,"href":"https:\/\/www.fumc.edu.co\/en\/wp-json\/wp\/v2\/users\/4"}],"replies":[{"embeddable":true,"href":"https:\/\/www.fumc.edu.co\/en\/wp-json\/wp\/v2\/comments?post=5074"}],"version-history":[{"count":0,"href":"https:\/\/www.fumc.edu.co\/en\/wp-json\/wp\/v2\/posts\/5074\/revisions"}],"wp:featuredmedia":[{"embeddable":true,"href":"https:\/\/www.fumc.edu.co\/en\/wp-json\/wp\/v2\/media\/5076"}],"wp:attachment":[{"href":"https:\/\/www.fumc.edu.co\/en\/wp-json\/wp\/v2\/media?parent=5074"}],"wp:term":[{"taxonomy":"category","embeddable":true,"href":"https:\/\/www.fumc.edu.co\/en\/wp-json\/wp\/v2\/categories?post=5074"},{"taxonomy":"post_tag","embeddable":true,"href":"https:\/\/www.fumc.edu.co\/en\/wp-json\/wp\/v2\/tags?post=5074"}],"curies":[{"name":"wp","href":"https:\/\/api.w.org\/{rel}","templated":true}]}}