{"id":5111,"date":"2018-08-28T23:14:37","date_gmt":"2018-08-28T23:14:37","guid":{"rendered":"https:\/\/www.fumc.edu.co\/en\/?p=5111"},"modified":"2018-08-28T23:21:09","modified_gmt":"2018-08-28T23:21:09","slug":"fue-entregado-premio-maria-cano-2018","status":"publish","type":"post","link":"https:\/\/www.fumc.edu.co\/en\/fue-entregado-premio-maria-cano-2018\/","title":{"rendered":"Fue entregado el Premio Mar\u00eda Cano 2018"},"content":{"rendered":"<p>Como cada a\u00f1o, la Fundaci\u00f3n Universitaria Mar\u00eda Cano, entreg\u00f3 el Premio \u201cMar\u00eda Cano\u2026 Liderazgo con sentido social\u00bb a personas o instituciones que trabajen por el bienestar de la comunidad en general y que evidencie en su accionar la representaci\u00f3n de la totalidad de los valores institucionales.<\/p>\n<p>La comunidad universitaria propuso nombres que en la \u00faltima vigencia se destacaron por su trabajo, su compromiso social, su apoyo a las clases menos favorecidas, la dedicaci\u00f3n al trabajo comunitario, su incansable respeto por la norma, que son admirados por los ciudadanos y, sobre todo, que evidenciaron su amor por el servicio a los dem\u00e1s; de all\u00ed se hizo un an\u00e1lisis y se eligieron los nombres de las personas o instituciones que cumplieron con esas caracter\u00edsticas.<\/p>\n<p>Estos nombres evidenciaron directamente los principios institucionales y que est\u00e1n inmersos en las diferentes c\u00e1tedras, al tiempo que representan el perfil de la gran l\u00edder antioque\u00f1a Mar\u00eda de los \u00c1ngeles Cano M\u00e1rquez, reconocida por su lucha por las clases menos favorecidas; de esta forma se busca ser fiel a la filosof\u00eda institucional de entregar a la sociedad no solo excelentes profesionales, sino grandes ciudadanos, en donde el respeto, la equidad, la excelencia, el liderazgo, la transparencia y la responsabilidad sean inherentes a su formaci\u00f3n acad\u00e9mica.<\/p>\n<p>En esta vigencia, las personas elegidas fueron el Gobernador de Antioquia, Luis P\u00e9rez Guti\u00e9rrez, y el Director de Comfenalco Antioquia, y Director designado del SENA, Carlos Mario Estrada Molina, fueron los elegidos como ganadores, en un proceso que involucr\u00f3 a los diferentes estamentos de la Mar\u00eda Cano y que se ratific\u00f3 a trav\u00e9s del Acuerdo del Consejo Superior N. 076 de 2018<\/p>\n<p>El acto tuvo de exaltaci\u00f3n tuvo lugar el martes 28 de agosto en el Sal\u00f3n Consejo de Gobierno de la Gobernaci\u00f3n de Antioquia.<\/p>\n<p><strong><a href=\"https:\/\/www.facebook.com\/pg\/mariacanooficial\/photos\/?tab=album&amp;album_id=2023708841014993&amp;__xts__%5B0%5D=68.ARDXtQQLBVi108dPnkVSgL9lX6AT33hEOoskmfTgBDHVcTVlPRQnQy69s0Jt3L7SrdrbXAeRbqKWl2xQmLr-MMmxVp6YeC8FU6G8wht6x-As4RucDUYiD0yQrEv_NizREfjDLVc&amp;__tn__=-UC-R\">Para ver el \u00e1lbum de fotos, presiona AQU\u00cd<\/a><\/strong><\/p>\n","protected":false},"excerpt":{"rendered":"<p>Como cada a\u00f1o, la Fundaci\u00f3n Universitaria Mar\u00eda Cano, entreg\u00f3 el Premio \u201cMar\u00eda Cano\u2026 Liderazgo con sentido social\u00bb a personas o instituciones que trabajen por el bienestar de la comunidad en general y que evidencie en su accionar la representaci\u00f3n de la totalidad de los valores institucionales. La comunidad universitaria propuso nombres que en la \u00faltima [&hellip;]<\/p>\n","protected":false},"author":4,"featured_media":5113,"comment_status":"closed","ping_status":"open","sticky":false,"template":"","format":"standard","meta":{"footnotes":""},"categories":[54,53,55,56],"tags":[],"yoast_head":"<!-- This site is optimized with the Yoast SEO plugin v18.4.1 - https:\/\/yoast.com\/wordpress\/plugins\/seo\/ -->\n<title>Fue entregado el Premio Mar\u00eda Cano 2018 - Maria Cano - en<\/title>\n<meta name=\"description\" content=\"La Mar\u00eda Cano, entreg\u00f3 el Premio \u201cMar\u00eda Cano\u2026 Liderazgo con sentido social&quot; a Luis P\u00e9rez Guti\u00e9rrez y a Carlos Mario EStrada Molina.\" \/>\n<meta name=\"robots\" content=\"index, follow, max-snippet:-1, max-image-preview:large, max-video-preview:-1\" \/>\n<link rel=\"canonical\" href=\"https:\/\/www.fumc.edu.co\/en\/fue-entregado-premio-maria-cano-2018\/\" \/>\n<meta property=\"og:locale\" content=\"es_ES\" \/>\n<meta property=\"og:type\" content=\"article\" \/>\n<meta property=\"og:title\" content=\"Fue entregado el Premio Mar\u00eda Cano 2018 - Maria Cano - en\" \/>\n<meta property=\"og:description\" content=\"La Mar\u00eda Cano, entreg\u00f3 el Premio \u201cMar\u00eda Cano\u2026 Liderazgo con sentido social&quot; a Luis P\u00e9rez Guti\u00e9rrez y a Carlos Mario EStrada Molina.\" \/>\n<meta property=\"og:url\" content=\"https:\/\/www.fumc.edu.co\/en\/fue-entregado-premio-maria-cano-2018\/\" \/>\n<meta property=\"og:site_name\" content=\"Maria Cano - en\" \/>\n<meta property=\"article:published_time\" content=\"2018-08-28T23:14:37+00:00\" \/>\n<meta property=\"article:modified_time\" content=\"2018-08-28T23:21:09+00:00\" \/>\n<meta property=\"og:image\" content=\"https:\/\/www.fumc.edu.co\/en\/wp-content\/uploads\/premio1.jpg\" \/>\n\t<meta property=\"og:image:width\" content=\"784\" \/>\n\t<meta property=\"og:image:height\" content=\"430\" \/>\n\t<meta property=\"og:image:type\" content=\"image\/jpeg\" \/>\n<meta name=\"twitter:card\" content=\"summary\" \/>\n<meta name=\"twitter:label1\" content=\"Escrito por\" \/>\n\t<meta name=\"twitter:data1\" content=\"Comunicaciones\" \/>\n\t<meta name=\"twitter:label2\" content=\"Tiempo de lectura\" \/>\n\t<meta name=\"twitter:data2\" content=\"2 minutos\" \/>\n<script type=\"application\/ld+json\" class=\"yoast-schema-graph\">{\"@context\":\"https:\/\/schema.org\",\"@graph\":[{\"@type\":\"WebSite\",\"@id\":\"https:\/\/www.fumc.edu.co\/en\/#website\",\"url\":\"https:\/\/www.fumc.edu.co\/en\/\",\"name\":\"Maria Cano - en\",\"description\":\"Otro sitio realizado con WordPress\",\"potentialAction\":[{\"@type\":\"SearchAction\",\"target\":{\"@type\":\"EntryPoint\",\"urlTemplate\":\"https:\/\/www.fumc.edu.co\/en\/?s={search_term_string}\"},\"query-input\":\"required name=search_term_string\"}],\"inLanguage\":\"es\"},{\"@type\":\"ImageObject\",\"@id\":\"https:\/\/www.fumc.edu.co\/en\/fue-entregado-premio-maria-cano-2018\/#primaryimage\",\"inLanguage\":\"es\",\"url\":\"https:\/\/www.fumc.edu.co\/en\/wp-content\/uploads\/premio1.jpg\",\"contentUrl\":\"https:\/\/www.fumc.edu.co\/en\/wp-content\/uploads\/premio1.jpg\",\"width\":784,\"height\":430},{\"@type\":\"WebPage\",\"@id\":\"https:\/\/www.fumc.edu.co\/en\/fue-entregado-premio-maria-cano-2018\/#webpage\",\"url\":\"https:\/\/www.fumc.edu.co\/en\/fue-entregado-premio-maria-cano-2018\/\",\"name\":\"Fue entregado el Premio Mar\u00eda Cano 2018 - Maria Cano - en\",\"isPartOf\":{\"@id\":\"https:\/\/www.fumc.edu.co\/en\/#website\"},\"primaryImageOfPage\":{\"@id\":\"https:\/\/www.fumc.edu.co\/en\/fue-entregado-premio-maria-cano-2018\/#primaryimage\"},\"datePublished\":\"2018-08-28T23:14:37+00:00\",\"dateModified\":\"2018-08-28T23:21:09+00:00\",\"author\":{\"@id\":\"https:\/\/www.fumc.edu.co\/en\/#\/schema\/person\/5c6bd7dc64c65c0cdaff824025913942\"},\"description\":\"La Mar\u00eda Cano, entreg\u00f3 el Premio \u201cMar\u00eda Cano\u2026 Liderazgo con sentido social\\\" a Luis P\u00e9rez Guti\u00e9rrez y a Carlos Mario EStrada Molina.\",\"breadcrumb\":{\"@id\":\"https:\/\/www.fumc.edu.co\/en\/fue-entregado-premio-maria-cano-2018\/#breadcrumb\"},\"inLanguage\":\"es\",\"potentialAction\":[{\"@type\":\"ReadAction\",\"target\":[\"https:\/\/www.fumc.edu.co\/en\/fue-entregado-premio-maria-cano-2018\/\"]}]},{\"@type\":\"BreadcrumbList\",\"@id\":\"https:\/\/www.fumc.edu.co\/en\/fue-entregado-premio-maria-cano-2018\/#breadcrumb\",\"itemListElement\":[{\"@type\":\"ListItem\",\"position\":1,\"name\":\"Portada\",\"item\":\"https:\/\/www.fumc.edu.co\/en\/\"},{\"@type\":\"ListItem\",\"position\":2,\"name\":\"Fue entregado el Premio Mar\u00eda Cano 2018\"}]},{\"@type\":\"Person\",\"@id\":\"https:\/\/www.fumc.edu.co\/en\/#\/schema\/person\/5c6bd7dc64c65c0cdaff824025913942\",\"name\":\"Comunicaciones\",\"url\":\"https:\/\/www.fumc.edu.co\/en\/author\/comunicaciones\/\"}]}<\/script>\n<!-- \/ Yoast SEO plugin. -->","yoast_head_json":{"title":"Fue entregado el Premio Mar\u00eda Cano 2018 - Maria Cano - en","description":"La Mar\u00eda Cano, entreg\u00f3 el Premio \u201cMar\u00eda Cano\u2026 Liderazgo con sentido social\" a Luis P\u00e9rez Guti\u00e9rrez y a Carlos Mario EStrada Molina.","robots":{"index":"index","follow":"follow","max-snippet":"max-snippet:-1","max-image-preview":"max-image-preview:large","max-video-preview":"max-video-preview:-1"},"canonical":"https:\/\/www.fumc.edu.co\/en\/fue-entregado-premio-maria-cano-2018\/","og_locale":"es_ES","og_type":"article","og_title":"Fue entregado el Premio Mar\u00eda Cano 2018 - Maria Cano - en","og_description":"La Mar\u00eda Cano, entreg\u00f3 el Premio \u201cMar\u00eda Cano\u2026 Liderazgo con sentido social\" a Luis P\u00e9rez Guti\u00e9rrez y a Carlos Mario EStrada Molina.","og_url":"https:\/\/www.fumc.edu.co\/en\/fue-entregado-premio-maria-cano-2018\/","og_site_name":"Maria Cano - en","article_published_time":"2018-08-28T23:14:37+00:00","article_modified_time":"2018-08-28T23:21:09+00:00","og_image":[{"width":784,"height":430,"url":"https:\/\/www.fumc.edu.co\/en\/wp-content\/uploads\/premio1.jpg","type":"image\/jpeg"}],"twitter_card":"summary","twitter_misc":{"Escrito por":"Comunicaciones","Tiempo de lectura":"2 minutos"},"schema":{"@context":"https:\/\/schema.org","@graph":[{"@type":"WebSite","@id":"https:\/\/www.fumc.edu.co\/en\/#website","url":"https:\/\/www.fumc.edu.co\/en\/","name":"Maria Cano - en","description":"Otro sitio realizado con WordPress","potentialAction":[{"@type":"SearchAction","target":{"@type":"EntryPoint","urlTemplate":"https:\/\/www.fumc.edu.co\/en\/?s={search_term_string}"},"query-input":"required name=search_term_string"}],"inLanguage":"es"},{"@type":"ImageObject","@id":"https:\/\/www.fumc.edu.co\/en\/fue-entregado-premio-maria-cano-2018\/#primaryimage","inLanguage":"es","url":"https:\/\/www.fumc.edu.co\/en\/wp-content\/uploads\/premio1.jpg","contentUrl":"https:\/\/www.fumc.edu.co\/en\/wp-content\/uploads\/premio1.jpg","width":784,"height":430},{"@type":"WebPage","@id":"https:\/\/www.fumc.edu.co\/en\/fue-entregado-premio-maria-cano-2018\/#webpage","url":"https:\/\/www.fumc.edu.co\/en\/fue-entregado-premio-maria-cano-2018\/","name":"Fue entregado el Premio Mar\u00eda Cano 2018 - Maria Cano - en","isPartOf":{"@id":"https:\/\/www.fumc.edu.co\/en\/#website"},"primaryImageOfPage":{"@id":"https:\/\/www.fumc.edu.co\/en\/fue-entregado-premio-maria-cano-2018\/#primaryimage"},"datePublished":"2018-08-28T23:14:37+00:00","dateModified":"2018-08-28T23:21:09+00:00","author":{"@id":"https:\/\/www.fumc.edu.co\/en\/#\/schema\/person\/5c6bd7dc64c65c0cdaff824025913942"},"description":"La Mar\u00eda Cano, entreg\u00f3 el Premio \u201cMar\u00eda Cano\u2026 Liderazgo con sentido social\" a Luis P\u00e9rez Guti\u00e9rrez y a Carlos Mario EStrada Molina.","breadcrumb":{"@id":"https:\/\/www.fumc.edu.co\/en\/fue-entregado-premio-maria-cano-2018\/#breadcrumb"},"inLanguage":"es","potentialAction":[{"@type":"ReadAction","target":["https:\/\/www.fumc.edu.co\/en\/fue-entregado-premio-maria-cano-2018\/"]}]},{"@type":"BreadcrumbList","@id":"https:\/\/www.fumc.edu.co\/en\/fue-entregado-premio-maria-cano-2018\/#breadcrumb","itemListElement":[{"@type":"ListItem","position":1,"name":"Portada","item":"https:\/\/www.fumc.edu.co\/en\/"},{"@type":"ListItem","position":2,"name":"Fue entregado el Premio Mar\u00eda Cano 2018"}]},{"@type":"Person","@id":"https:\/\/www.fumc.edu.co\/en\/#\/schema\/person\/5c6bd7dc64c65c0cdaff824025913942","name":"Comunicaciones","url":"https:\/\/www.fumc.edu.co\/en\/author\/comunicaciones\/"}]}},"_links":{"self":[{"href":"https:\/\/www.fumc.edu.co\/en\/wp-json\/wp\/v2\/posts\/5111"}],"collection":[{"href":"https:\/\/www.fumc.edu.co\/en\/wp-json\/wp\/v2\/posts"}],"about":[{"href":"https:\/\/www.fumc.edu.co\/en\/wp-json\/wp\/v2\/types\/post"}],"author":[{"embeddable":true,"href":"https:\/\/www.fumc.edu.co\/en\/wp-json\/wp\/v2\/users\/4"}],"replies":[{"embeddable":true,"href":"https:\/\/www.fumc.edu.co\/en\/wp-json\/wp\/v2\/comments?post=5111"}],"version-history":[{"count":0,"href":"https:\/\/www.fumc.edu.co\/en\/wp-json\/wp\/v2\/posts\/5111\/revisions"}],"wp:featuredmedia":[{"embeddable":true,"href":"https:\/\/www.fumc.edu.co\/en\/wp-json\/wp\/v2\/media\/5113"}],"wp:attachment":[{"href":"https:\/\/www.fumc.edu.co\/en\/wp-json\/wp\/v2\/media?parent=5111"}],"wp:term":[{"taxonomy":"category","embeddable":true,"href":"https:\/\/www.fumc.edu.co\/en\/wp-json\/wp\/v2\/categories?post=5111"},{"taxonomy":"post_tag","embeddable":true,"href":"https:\/\/www.fumc.edu.co\/en\/wp-json\/wp\/v2\/tags?post=5111"}],"curies":[{"name":"wp","href":"https:\/\/api.w.org\/{rel}","templated":true}]}}