{"id":5162,"date":"2018-09-03T22:10:05","date_gmt":"2018-09-03T22:10:05","guid":{"rendered":"https:\/\/www.fumc.edu.co\/en\/?p=5162"},"modified":"2018-09-03T22:10:51","modified_gmt":"2018-09-03T22:10:51","slug":"5162-2","status":"publish","type":"post","link":"https:\/\/www.fumc.edu.co\/en\/5162-2\/","title":{"rendered":"Investigadora de la sede Neiva participa en congreso internacional en Ecuador"},"content":{"rendered":"<p>La docente investigadora sede Neiva, Piedad Roc\u00edo Lerma Casta\u00f1o, fue invitada a participar en calidad de ponente magistral en el VII Congreso Internacional de Educaci\u00f3n Parvularia desarrollado en la ciudad de Guayaquil, Ecuador , organizado por la Universidad T\u00e9cnica de Cotopaxi en coordinaci\u00f3n con Educaci\u00f3n Continua, el Centro de Investigaci\u00f3n y Desarrollo Ecuador (CIDE), el Centro de Estudios Transdisciplinarios (CET) Bolivia y el Gremio Parvularias del Ecuador.\u00a0El evento cont\u00f3 con la participaci\u00f3n de investigadores de los pa\u00edses M\u00e9xico, Chile, Per\u00fa, Ecuador, Colombia, Bolivia y Argentina.<\/p>\n<p>Su participaci\u00f3n estuvo dirigida a estudiantes, investigadores, semilleristas, docentes parvularias y padres de familia con ponencia magistral denominada: Desarrollo psicomotor en ni\u00f1os y ni\u00f1as de la primera infancia al ingreso escolar y calidad de instructora en taller desarrollo motor de ni\u00f1os y ni\u00f1as de 0 a 5 a\u00f1os.<\/p>\n<p>Los logros obtenidos en la participaci\u00f3n fueron:<\/p>\n<ul>\n<li>Representaci\u00f3n de la Mar\u00eda Cano mediante ponencia magistral.<\/li>\n<li>Intercambio de experiencias significativas de investigaci\u00f3n con docentes investigadores de otros pa\u00edses.<\/li>\n<li>Generaci\u00f3n de contactos con los investigadores de los diferentes pa\u00edses Cuba, Chile, Argentina, M\u00e9xico, Espa\u00f1a y docentes para pr\u00f3ximos eventos.<\/li>\n<li>Productos tipolog\u00eda III: Productos resultados de actividades de Apropiaci\u00f3n Social del Conocimiento\/ circulaci\u00f3n de conocimiento especializado evento cient\u00edfico: Presentaci\u00f3n de ponencia en evento cient\u00edfico o tecnol\u00f3gico.<\/li>\n<li>Publicaci\u00f3n de art\u00edculo en libro de articulo con ISBN<\/li>\n<\/ul>\n<p>Mar\u00eda Cano es internacionalizaci\u00f3n para el crecimiento y la consolidaci\u00f3n de la comunidad universitaria.<br \/>\n#VivelaMar\u00edaCano<\/p>\n","protected":false},"excerpt":{"rendered":"<p>La docente investigadora sede Neiva, Piedad Roc\u00edo Lerma Casta\u00f1o, fue invitada a participar en calidad de ponente magistral en el VII Congreso Internacional de Educaci\u00f3n Parvularia desarrollado en la ciudad de Guayaquil, Ecuador , organizado por la Universidad T\u00e9cnica de Cotopaxi en coordinaci\u00f3n con Educaci\u00f3n Continua, el Centro de Investigaci\u00f3n y Desarrollo Ecuador (CIDE), el [&hellip;]<\/p>\n","protected":false},"author":4,"featured_media":5163,"comment_status":"closed","ping_status":"open","sticky":false,"template":"","format":"standard","meta":{"footnotes":""},"categories":[55],"tags":[],"yoast_head":"<!-- This site is optimized with the Yoast SEO plugin v18.4.1 - https:\/\/yoast.com\/wordpress\/plugins\/seo\/ -->\n<title>Investigadora de la sede Neiva participa en congreso internacional en Ecuador - Maria Cano - en<\/title>\n<meta name=\"description\" content=\"La Mar\u00eda Cano es representada a nivel internacional por la docente investigadora de la sede Neiva, Piedad Roc\u00edo Lerma Casta\u00f1o.\" \/>\n<meta name=\"robots\" content=\"index, follow, max-snippet:-1, max-image-preview:large, max-video-preview:-1\" \/>\n<link rel=\"canonical\" href=\"https:\/\/www.fumc.edu.co\/en\/5162-2\/\" \/>\n<meta property=\"og:locale\" content=\"es_ES\" \/>\n<meta property=\"og:type\" content=\"article\" \/>\n<meta property=\"og:title\" content=\"Investigadora de la sede Neiva participa en congreso internacional en Ecuador - Maria Cano - en\" \/>\n<meta property=\"og:description\" content=\"La Mar\u00eda Cano es representada a nivel internacional por la docente investigadora de la sede Neiva, Piedad Roc\u00edo Lerma Casta\u00f1o.\" \/>\n<meta property=\"og:url\" content=\"https:\/\/www.fumc.edu.co\/en\/5162-2\/\" \/>\n<meta property=\"og:site_name\" content=\"Maria Cano - en\" \/>\n<meta property=\"article:published_time\" content=\"2018-09-03T22:10:05+00:00\" \/>\n<meta property=\"article:modified_time\" content=\"2018-09-03T22:10:51+00:00\" \/>\n<meta property=\"og:image\" content=\"https:\/\/www.fumc.edu.co\/en\/wp-content\/uploads\/foto-3-Ecuador.jpg\" \/>\n\t<meta property=\"og:image:width\" content=\"764\" \/>\n\t<meta property=\"og:image:height\" content=\"430\" \/>\n\t<meta property=\"og:image:type\" content=\"image\/jpeg\" \/>\n<meta name=\"twitter:card\" content=\"summary\" \/>\n<meta name=\"twitter:label1\" content=\"Escrito por\" \/>\n\t<meta name=\"twitter:data1\" content=\"Comunicaciones\" \/>\n\t<meta name=\"twitter:label2\" content=\"Tiempo de lectura\" \/>\n\t<meta name=\"twitter:data2\" content=\"1 minuto\" \/>\n<script type=\"application\/ld+json\" class=\"yoast-schema-graph\">{\"@context\":\"https:\/\/schema.org\",\"@graph\":[{\"@type\":\"WebSite\",\"@id\":\"https:\/\/www.fumc.edu.co\/en\/#website\",\"url\":\"https:\/\/www.fumc.edu.co\/en\/\",\"name\":\"Maria Cano - en\",\"description\":\"Otro sitio realizado con WordPress\",\"potentialAction\":[{\"@type\":\"SearchAction\",\"target\":{\"@type\":\"EntryPoint\",\"urlTemplate\":\"https:\/\/www.fumc.edu.co\/en\/?s={search_term_string}\"},\"query-input\":\"required name=search_term_string\"}],\"inLanguage\":\"es\"},{\"@type\":\"ImageObject\",\"@id\":\"https:\/\/www.fumc.edu.co\/en\/5162-2\/#primaryimage\",\"inLanguage\":\"es\",\"url\":\"https:\/\/www.fumc.edu.co\/en\/wp-content\/uploads\/foto-3-Ecuador.jpg\",\"contentUrl\":\"https:\/\/www.fumc.edu.co\/en\/wp-content\/uploads\/foto-3-Ecuador.jpg\",\"width\":764,\"height\":430},{\"@type\":\"WebPage\",\"@id\":\"https:\/\/www.fumc.edu.co\/en\/5162-2\/#webpage\",\"url\":\"https:\/\/www.fumc.edu.co\/en\/5162-2\/\",\"name\":\"Investigadora de la sede Neiva participa en congreso internacional en Ecuador - Maria Cano - en\",\"isPartOf\":{\"@id\":\"https:\/\/www.fumc.edu.co\/en\/#website\"},\"primaryImageOfPage\":{\"@id\":\"https:\/\/www.fumc.edu.co\/en\/5162-2\/#primaryimage\"},\"datePublished\":\"2018-09-03T22:10:05+00:00\",\"dateModified\":\"2018-09-03T22:10:51+00:00\",\"author\":{\"@id\":\"https:\/\/www.fumc.edu.co\/en\/#\/schema\/person\/5c6bd7dc64c65c0cdaff824025913942\"},\"description\":\"La Mar\u00eda Cano es representada a nivel internacional por la docente investigadora de la sede Neiva, Piedad Roc\u00edo Lerma Casta\u00f1o.\",\"breadcrumb\":{\"@id\":\"https:\/\/www.fumc.edu.co\/en\/5162-2\/#breadcrumb\"},\"inLanguage\":\"es\",\"potentialAction\":[{\"@type\":\"ReadAction\",\"target\":[\"https:\/\/www.fumc.edu.co\/en\/5162-2\/\"]}]},{\"@type\":\"BreadcrumbList\",\"@id\":\"https:\/\/www.fumc.edu.co\/en\/5162-2\/#breadcrumb\",\"itemListElement\":[{\"@type\":\"ListItem\",\"position\":1,\"name\":\"Portada\",\"item\":\"https:\/\/www.fumc.edu.co\/en\/\"},{\"@type\":\"ListItem\",\"position\":2,\"name\":\"Investigadora de la sede Neiva participa en congreso internacional en Ecuador\"}]},{\"@type\":\"Person\",\"@id\":\"https:\/\/www.fumc.edu.co\/en\/#\/schema\/person\/5c6bd7dc64c65c0cdaff824025913942\",\"name\":\"Comunicaciones\",\"url\":\"https:\/\/www.fumc.edu.co\/en\/author\/comunicaciones\/\"}]}<\/script>\n<!-- \/ Yoast SEO plugin. -->","yoast_head_json":{"title":"Investigadora de la sede Neiva participa en congreso internacional en Ecuador - Maria Cano - en","description":"La Mar\u00eda Cano es representada a nivel internacional por la docente investigadora de la sede Neiva, Piedad Roc\u00edo Lerma Casta\u00f1o.","robots":{"index":"index","follow":"follow","max-snippet":"max-snippet:-1","max-image-preview":"max-image-preview:large","max-video-preview":"max-video-preview:-1"},"canonical":"https:\/\/www.fumc.edu.co\/en\/5162-2\/","og_locale":"es_ES","og_type":"article","og_title":"Investigadora de la sede Neiva participa en congreso internacional en Ecuador - Maria Cano - en","og_description":"La Mar\u00eda Cano es representada a nivel internacional por la docente investigadora de la sede Neiva, Piedad Roc\u00edo Lerma Casta\u00f1o.","og_url":"https:\/\/www.fumc.edu.co\/en\/5162-2\/","og_site_name":"Maria Cano - en","article_published_time":"2018-09-03T22:10:05+00:00","article_modified_time":"2018-09-03T22:10:51+00:00","og_image":[{"width":764,"height":430,"url":"https:\/\/www.fumc.edu.co\/en\/wp-content\/uploads\/foto-3-Ecuador.jpg","type":"image\/jpeg"}],"twitter_card":"summary","twitter_misc":{"Escrito por":"Comunicaciones","Tiempo de lectura":"1 minuto"},"schema":{"@context":"https:\/\/schema.org","@graph":[{"@type":"WebSite","@id":"https:\/\/www.fumc.edu.co\/en\/#website","url":"https:\/\/www.fumc.edu.co\/en\/","name":"Maria Cano - en","description":"Otro sitio realizado con WordPress","potentialAction":[{"@type":"SearchAction","target":{"@type":"EntryPoint","urlTemplate":"https:\/\/www.fumc.edu.co\/en\/?s={search_term_string}"},"query-input":"required name=search_term_string"}],"inLanguage":"es"},{"@type":"ImageObject","@id":"https:\/\/www.fumc.edu.co\/en\/5162-2\/#primaryimage","inLanguage":"es","url":"https:\/\/www.fumc.edu.co\/en\/wp-content\/uploads\/foto-3-Ecuador.jpg","contentUrl":"https:\/\/www.fumc.edu.co\/en\/wp-content\/uploads\/foto-3-Ecuador.jpg","width":764,"height":430},{"@type":"WebPage","@id":"https:\/\/www.fumc.edu.co\/en\/5162-2\/#webpage","url":"https:\/\/www.fumc.edu.co\/en\/5162-2\/","name":"Investigadora de la sede Neiva participa en congreso internacional en Ecuador - Maria Cano - en","isPartOf":{"@id":"https:\/\/www.fumc.edu.co\/en\/#website"},"primaryImageOfPage":{"@id":"https:\/\/www.fumc.edu.co\/en\/5162-2\/#primaryimage"},"datePublished":"2018-09-03T22:10:05+00:00","dateModified":"2018-09-03T22:10:51+00:00","author":{"@id":"https:\/\/www.fumc.edu.co\/en\/#\/schema\/person\/5c6bd7dc64c65c0cdaff824025913942"},"description":"La Mar\u00eda Cano es representada a nivel internacional por la docente investigadora de la sede Neiva, Piedad Roc\u00edo Lerma Casta\u00f1o.","breadcrumb":{"@id":"https:\/\/www.fumc.edu.co\/en\/5162-2\/#breadcrumb"},"inLanguage":"es","potentialAction":[{"@type":"ReadAction","target":["https:\/\/www.fumc.edu.co\/en\/5162-2\/"]}]},{"@type":"BreadcrumbList","@id":"https:\/\/www.fumc.edu.co\/en\/5162-2\/#breadcrumb","itemListElement":[{"@type":"ListItem","position":1,"name":"Portada","item":"https:\/\/www.fumc.edu.co\/en\/"},{"@type":"ListItem","position":2,"name":"Investigadora de la sede Neiva participa en congreso internacional en Ecuador"}]},{"@type":"Person","@id":"https:\/\/www.fumc.edu.co\/en\/#\/schema\/person\/5c6bd7dc64c65c0cdaff824025913942","name":"Comunicaciones","url":"https:\/\/www.fumc.edu.co\/en\/author\/comunicaciones\/"}]}},"_links":{"self":[{"href":"https:\/\/www.fumc.edu.co\/en\/wp-json\/wp\/v2\/posts\/5162"}],"collection":[{"href":"https:\/\/www.fumc.edu.co\/en\/wp-json\/wp\/v2\/posts"}],"about":[{"href":"https:\/\/www.fumc.edu.co\/en\/wp-json\/wp\/v2\/types\/post"}],"author":[{"embeddable":true,"href":"https:\/\/www.fumc.edu.co\/en\/wp-json\/wp\/v2\/users\/4"}],"replies":[{"embeddable":true,"href":"https:\/\/www.fumc.edu.co\/en\/wp-json\/wp\/v2\/comments?post=5162"}],"version-history":[{"count":0,"href":"https:\/\/www.fumc.edu.co\/en\/wp-json\/wp\/v2\/posts\/5162\/revisions"}],"wp:featuredmedia":[{"embeddable":true,"href":"https:\/\/www.fumc.edu.co\/en\/wp-json\/wp\/v2\/media\/5163"}],"wp:attachment":[{"href":"https:\/\/www.fumc.edu.co\/en\/wp-json\/wp\/v2\/media?parent=5162"}],"wp:term":[{"taxonomy":"category","embeddable":true,"href":"https:\/\/www.fumc.edu.co\/en\/wp-json\/wp\/v2\/categories?post=5162"},{"taxonomy":"post_tag","embeddable":true,"href":"https:\/\/www.fumc.edu.co\/en\/wp-json\/wp\/v2\/tags?post=5162"}],"curies":[{"name":"wp","href":"https:\/\/api.w.org\/{rel}","templated":true}]}}