{"id":5335,"date":"2018-09-20T19:19:56","date_gmt":"2018-09-20T19:19:56","guid":{"rendered":"https:\/\/www.fumc.edu.co\/en\/?p=5335"},"modified":"2018-09-21T12:12:52","modified_gmt":"2018-09-21T12:12:52","slug":"5335-2","status":"publish","type":"post","link":"https:\/\/www.fumc.edu.co\/en\/5335-2\/","title":{"rendered":"Los uniformes de nuestros deportistas&#8230; m\u00e1s Mar\u00eda Cano"},"content":{"rendered":"<p>La marca Mar\u00eda Cano est\u00e1 ligada a compromiso, excelencia y liderazgo, es as\u00ed como siempre la Instituci\u00f3n ha reconocido a sus deportistas como importantes embajadores de su imagen porque siempre han representado el esp\u00edritu de competitividad y triunfo que deben tener los nuevos profesionales. Durante la celebraci\u00f3n de la Feria de la Salud, el \u00e1rea de Bienestar Institucional hiuzo entrega oficial de los nuevos uniformes a deportistas y artistas de los grupos que dejan en alto el nombre de Mar\u00eda Cano en las sedes Medell\u00edn, Cali, Neiva y Popay\u00e1n.<\/p>\n<p>En la capital antioque\u00f1a se entregaron los vestuarios de quienes participan en\u00a0f\u00fatbol, f\u00fatbol sala, baloncesto, voleibol, voley playa, taekwondo y a los artistas que hacen parte de los procesos de baile y m\u00fasica; adicionalmente se destac\u00f3\u00a0a aquellos deportistas y artistas que sobresalen por sus valores y su liderazgo.<\/p>\n<p>En los pr\u00f3ximos d\u00edas la entrega se realizar\u00e1 en la sedes Mar\u00eda Cano.<\/p>\n<p><strong><a href=\"https:\/\/www.facebook.com\/pg\/mariacanooficial\/photos\/?tab=album&amp;album_id=2051538628232014&amp;__xts__%5B0%5D=68.ARAd1Qlh0MExgsBCh9ha1BYUlCy6QQpp919T2Up0SudMVfgfKgtraDOnfuzfyTCR7-RxcOT5XAJTdHZgBEbfquuag0mtxb25Hpx3INqTFRaKk5LOheptfNRA2tgm-_ALQWjZNi5L5tGYWPE3G3pba1KSZFCW_xK_fTaPqYWQep0JTt6aP3KcRQ&amp;__tn__=-UC-R\">Conoce todas las fotos de la presentaci\u00f3n AQU\u00cd<\/a><\/strong><\/p>\n","protected":false},"excerpt":{"rendered":"<p>La marca Mar\u00eda Cano est\u00e1 ligada a compromiso, excelencia y liderazgo, es as\u00ed como siempre la Instituci\u00f3n ha reconocido a sus deportistas como importantes embajadores de su imagen porque siempre han representado el esp\u00edritu de competitividad y triunfo que deben tener los nuevos profesionales. Durante la celebraci\u00f3n de la Feria de la Salud, el \u00e1rea [&hellip;]<\/p>\n","protected":false},"author":5,"featured_media":5336,"comment_status":"closed","ping_status":"open","sticky":false,"template":"","format":"standard","meta":{"footnotes":""},"categories":[54,53,55,56],"tags":[],"yoast_head":"<!-- This site is optimized with the Yoast SEO plugin v18.4.1 - https:\/\/yoast.com\/wordpress\/plugins\/seo\/ -->\n<title>Los uniformes de nuestros deportistas... m\u00e1s Mar\u00eda Cano - Maria Cano - en<\/title>\n<meta name=\"description\" content=\"Los deportistas y artistas de la Mar\u00eda Cano ahora tienen nueva identidad en sus uniformes, lo que consolidad la marca Mar\u00eda Cano y la hace m\u00e1s visible.\" \/>\n<meta name=\"robots\" content=\"index, follow, max-snippet:-1, max-image-preview:large, max-video-preview:-1\" \/>\n<link rel=\"canonical\" href=\"https:\/\/www.fumc.edu.co\/en\/5335-2\/\" \/>\n<meta property=\"og:locale\" content=\"es_ES\" \/>\n<meta property=\"og:type\" content=\"article\" \/>\n<meta property=\"og:title\" content=\"Los uniformes de nuestros deportistas... m\u00e1s Mar\u00eda Cano - Maria Cano - en\" \/>\n<meta property=\"og:description\" content=\"Los deportistas y artistas de la Mar\u00eda Cano ahora tienen nueva identidad en sus uniformes, lo que consolidad la marca Mar\u00eda Cano y la hace m\u00e1s visible.\" \/>\n<meta property=\"og:url\" content=\"https:\/\/www.fumc.edu.co\/en\/5335-2\/\" \/>\n<meta property=\"og:site_name\" content=\"Maria Cano - en\" \/>\n<meta property=\"article:published_time\" content=\"2018-09-20T19:19:56+00:00\" \/>\n<meta property=\"article:modified_time\" content=\"2018-09-21T12:12:52+00:00\" \/>\n<meta property=\"og:image\" content=\"https:\/\/www.fumc.edu.co\/en\/wp-content\/uploads\/uniformes.png\" \/>\n\t<meta property=\"og:image:width\" content=\"840\" \/>\n\t<meta property=\"og:image:height\" content=\"430\" \/>\n\t<meta property=\"og:image:type\" content=\"image\/png\" \/>\n<meta name=\"twitter:card\" content=\"summary\" \/>\n<meta name=\"twitter:label1\" content=\"Escrito por\" \/>\n\t<meta name=\"twitter:data1\" content=\"Luis Fernando Gomez Londo\u00f1o\" \/>\n\t<meta name=\"twitter:label2\" content=\"Tiempo de lectura\" \/>\n\t<meta name=\"twitter:data2\" content=\"1 minuto\" \/>\n<script type=\"application\/ld+json\" class=\"yoast-schema-graph\">{\"@context\":\"https:\/\/schema.org\",\"@graph\":[{\"@type\":\"WebSite\",\"@id\":\"https:\/\/www.fumc.edu.co\/en\/#website\",\"url\":\"https:\/\/www.fumc.edu.co\/en\/\",\"name\":\"Maria Cano - en\",\"description\":\"Otro sitio realizado con WordPress\",\"potentialAction\":[{\"@type\":\"SearchAction\",\"target\":{\"@type\":\"EntryPoint\",\"urlTemplate\":\"https:\/\/www.fumc.edu.co\/en\/?s={search_term_string}\"},\"query-input\":\"required name=search_term_string\"}],\"inLanguage\":\"es\"},{\"@type\":\"ImageObject\",\"@id\":\"https:\/\/www.fumc.edu.co\/en\/5335-2\/#primaryimage\",\"inLanguage\":\"es\",\"url\":\"https:\/\/www.fumc.edu.co\/en\/wp-content\/uploads\/uniformes.png\",\"contentUrl\":\"https:\/\/www.fumc.edu.co\/en\/wp-content\/uploads\/uniformes.png\",\"width\":840,\"height\":430},{\"@type\":\"WebPage\",\"@id\":\"https:\/\/www.fumc.edu.co\/en\/5335-2\/#webpage\",\"url\":\"https:\/\/www.fumc.edu.co\/en\/5335-2\/\",\"name\":\"Los uniformes de nuestros deportistas... m\u00e1s Mar\u00eda Cano - Maria Cano - en\",\"isPartOf\":{\"@id\":\"https:\/\/www.fumc.edu.co\/en\/#website\"},\"primaryImageOfPage\":{\"@id\":\"https:\/\/www.fumc.edu.co\/en\/5335-2\/#primaryimage\"},\"datePublished\":\"2018-09-20T19:19:56+00:00\",\"dateModified\":\"2018-09-21T12:12:52+00:00\",\"author\":{\"@id\":\"https:\/\/www.fumc.edu.co\/en\/#\/schema\/person\/50ed57da093fc879c363ff9de0a2abdb\"},\"description\":\"Los deportistas y artistas de la Mar\u00eda Cano ahora tienen nueva identidad en sus uniformes, lo que consolidad la marca Mar\u00eda Cano y la hace m\u00e1s visible.\",\"breadcrumb\":{\"@id\":\"https:\/\/www.fumc.edu.co\/en\/5335-2\/#breadcrumb\"},\"inLanguage\":\"es\",\"potentialAction\":[{\"@type\":\"ReadAction\",\"target\":[\"https:\/\/www.fumc.edu.co\/en\/5335-2\/\"]}]},{\"@type\":\"BreadcrumbList\",\"@id\":\"https:\/\/www.fumc.edu.co\/en\/5335-2\/#breadcrumb\",\"itemListElement\":[{\"@type\":\"ListItem\",\"position\":1,\"name\":\"Portada\",\"item\":\"https:\/\/www.fumc.edu.co\/en\/\"},{\"@type\":\"ListItem\",\"position\":2,\"name\":\"Los uniformes de nuestros deportistas&#8230; m\u00e1s Mar\u00eda Cano\"}]},{\"@type\":\"Person\",\"@id\":\"https:\/\/www.fumc.edu.co\/en\/#\/schema\/person\/50ed57da093fc879c363ff9de0a2abdb\",\"name\":\"Luis Fernando Gomez Londo\u00f1o\",\"url\":\"https:\/\/www.fumc.edu.co\/en\/author\/asiscomunicaciones\/\"}]}<\/script>\n<!-- \/ Yoast SEO plugin. -->","yoast_head_json":{"title":"Los uniformes de nuestros deportistas... m\u00e1s Mar\u00eda Cano - Maria Cano - en","description":"Los deportistas y artistas de la Mar\u00eda Cano ahora tienen nueva identidad en sus uniformes, lo que consolidad la marca Mar\u00eda Cano y la hace m\u00e1s visible.","robots":{"index":"index","follow":"follow","max-snippet":"max-snippet:-1","max-image-preview":"max-image-preview:large","max-video-preview":"max-video-preview:-1"},"canonical":"https:\/\/www.fumc.edu.co\/en\/5335-2\/","og_locale":"es_ES","og_type":"article","og_title":"Los uniformes de nuestros deportistas... m\u00e1s Mar\u00eda Cano - Maria Cano - en","og_description":"Los deportistas y artistas de la Mar\u00eda Cano ahora tienen nueva identidad en sus uniformes, lo que consolidad la marca Mar\u00eda Cano y la hace m\u00e1s visible.","og_url":"https:\/\/www.fumc.edu.co\/en\/5335-2\/","og_site_name":"Maria Cano - en","article_published_time":"2018-09-20T19:19:56+00:00","article_modified_time":"2018-09-21T12:12:52+00:00","og_image":[{"width":840,"height":430,"url":"https:\/\/www.fumc.edu.co\/en\/wp-content\/uploads\/uniformes.png","type":"image\/png"}],"twitter_card":"summary","twitter_misc":{"Escrito por":"Luis Fernando Gomez Londo\u00f1o","Tiempo de lectura":"1 minuto"},"schema":{"@context":"https:\/\/schema.org","@graph":[{"@type":"WebSite","@id":"https:\/\/www.fumc.edu.co\/en\/#website","url":"https:\/\/www.fumc.edu.co\/en\/","name":"Maria Cano - en","description":"Otro sitio realizado con WordPress","potentialAction":[{"@type":"SearchAction","target":{"@type":"EntryPoint","urlTemplate":"https:\/\/www.fumc.edu.co\/en\/?s={search_term_string}"},"query-input":"required name=search_term_string"}],"inLanguage":"es"},{"@type":"ImageObject","@id":"https:\/\/www.fumc.edu.co\/en\/5335-2\/#primaryimage","inLanguage":"es","url":"https:\/\/www.fumc.edu.co\/en\/wp-content\/uploads\/uniformes.png","contentUrl":"https:\/\/www.fumc.edu.co\/en\/wp-content\/uploads\/uniformes.png","width":840,"height":430},{"@type":"WebPage","@id":"https:\/\/www.fumc.edu.co\/en\/5335-2\/#webpage","url":"https:\/\/www.fumc.edu.co\/en\/5335-2\/","name":"Los uniformes de nuestros deportistas... m\u00e1s Mar\u00eda Cano - Maria Cano - en","isPartOf":{"@id":"https:\/\/www.fumc.edu.co\/en\/#website"},"primaryImageOfPage":{"@id":"https:\/\/www.fumc.edu.co\/en\/5335-2\/#primaryimage"},"datePublished":"2018-09-20T19:19:56+00:00","dateModified":"2018-09-21T12:12:52+00:00","author":{"@id":"https:\/\/www.fumc.edu.co\/en\/#\/schema\/person\/50ed57da093fc879c363ff9de0a2abdb"},"description":"Los deportistas y artistas de la Mar\u00eda Cano ahora tienen nueva identidad en sus uniformes, lo que consolidad la marca Mar\u00eda Cano y la hace m\u00e1s visible.","breadcrumb":{"@id":"https:\/\/www.fumc.edu.co\/en\/5335-2\/#breadcrumb"},"inLanguage":"es","potentialAction":[{"@type":"ReadAction","target":["https:\/\/www.fumc.edu.co\/en\/5335-2\/"]}]},{"@type":"BreadcrumbList","@id":"https:\/\/www.fumc.edu.co\/en\/5335-2\/#breadcrumb","itemListElement":[{"@type":"ListItem","position":1,"name":"Portada","item":"https:\/\/www.fumc.edu.co\/en\/"},{"@type":"ListItem","position":2,"name":"Los uniformes de nuestros deportistas&#8230; m\u00e1s Mar\u00eda Cano"}]},{"@type":"Person","@id":"https:\/\/www.fumc.edu.co\/en\/#\/schema\/person\/50ed57da093fc879c363ff9de0a2abdb","name":"Luis Fernando Gomez Londo\u00f1o","url":"https:\/\/www.fumc.edu.co\/en\/author\/asiscomunicaciones\/"}]}},"_links":{"self":[{"href":"https:\/\/www.fumc.edu.co\/en\/wp-json\/wp\/v2\/posts\/5335"}],"collection":[{"href":"https:\/\/www.fumc.edu.co\/en\/wp-json\/wp\/v2\/posts"}],"about":[{"href":"https:\/\/www.fumc.edu.co\/en\/wp-json\/wp\/v2\/types\/post"}],"author":[{"embeddable":true,"href":"https:\/\/www.fumc.edu.co\/en\/wp-json\/wp\/v2\/users\/5"}],"replies":[{"embeddable":true,"href":"https:\/\/www.fumc.edu.co\/en\/wp-json\/wp\/v2\/comments?post=5335"}],"version-history":[{"count":0,"href":"https:\/\/www.fumc.edu.co\/en\/wp-json\/wp\/v2\/posts\/5335\/revisions"}],"wp:featuredmedia":[{"embeddable":true,"href":"https:\/\/www.fumc.edu.co\/en\/wp-json\/wp\/v2\/media\/5336"}],"wp:attachment":[{"href":"https:\/\/www.fumc.edu.co\/en\/wp-json\/wp\/v2\/media?parent=5335"}],"wp:term":[{"taxonomy":"category","embeddable":true,"href":"https:\/\/www.fumc.edu.co\/en\/wp-json\/wp\/v2\/categories?post=5335"},{"taxonomy":"post_tag","embeddable":true,"href":"https:\/\/www.fumc.edu.co\/en\/wp-json\/wp\/v2\/tags?post=5335"}],"curies":[{"name":"wp","href":"https:\/\/api.w.org\/{rel}","templated":true}]}}