{"id":5350,"date":"2018-09-21T15:06:23","date_gmt":"2018-09-21T15:06:23","guid":{"rendered":"https:\/\/www.fumc.edu.co\/en\/?p=5350"},"modified":"2018-09-21T19:01:16","modified_gmt":"2018-09-21T19:01:16","slug":"estudiantes-practicantes-la-sede-neiva-nos-representan-atletico-huila-sub-20","status":"publish","type":"post","link":"https:\/\/www.fumc.edu.co\/en\/estudiantes-practicantes-la-sede-neiva-nos-representan-atletico-huila-sub-20\/","title":{"rendered":"Nuestros estudiantes realizan acompa\u00f1amiento deportivo al Atl\u00e9tico Huila Liga Femenina y a la Sub 20 masculina"},"content":{"rendered":"<p>Actualmente\u00a0 la sede Neiva viene trabajando en el marco del convenio para pr\u00e1ctica relaci\u00f3n &#8211; Docencia \u2013 Servicio con el Atl\u00e9tico Huila. Los estudiantes de X semestre en compa\u00f1\u00eda de Frank Anyelo Castro Aristizabal, asesor docente, Fisioterapeuta egresado de la Mar\u00eda Cano y quien cursa Maestr\u00eda en Actividad F\u00edsica y Deporte, realizan acompa\u00f1amiento a los equipos de la Sub 20 masculino, bajo la direcci\u00f3n del T\u00e9cnico Roddy D\u00edaz Durango y profesional Femenino, bajo la direcci\u00f3n del T\u00e9cnico Omar Ram\u00edrez. Las actividades que se desarrollan dentro de la practica son: promoci\u00f3n y prevenci\u00f3n de lesiones deportivas, rehabilitaci\u00f3n funcional y readaptaci\u00f3n del deportista- SG-SST.<\/p>\n<p>Esta actividad pr\u00e1ctica se considera de gran importancia para el desarrollo profesional del practicante, porque le permite fundamentar con bases te\u00f3ricas y gran evidencia cient\u00edfica el qu\u00e9 hacer de la profesi\u00f3n en el campo deportivo, a trav\u00e9s de la intervenci\u00f3n de deportistas de alto rendimiento.<\/p>\n<p>Para Mar\u00eda Cano, es un honor poder acompa\u00f1ar en el camino hac\u00eda sus triunfos a los equipos de selecci\u00f3n femenina, actualmente campeonas de la Liga Nacional Femenina en el a\u00f1o 2018.<\/p>\n<p>Estamos comprometidos con la regi\u00f3n Surcolombiana formando Fisioterapeutas con diversos perfiles de atenci\u00f3n en pro del desarrollo regional.<\/p>\n","protected":false},"excerpt":{"rendered":"<p>Actualmente\u00a0 la sede Neiva viene trabajando en el marco del convenio para pr\u00e1ctica relaci\u00f3n &#8211; Docencia \u2013 Servicio con el Atl\u00e9tico Huila. Los estudiantes de X semestre en compa\u00f1\u00eda de Frank Anyelo Castro Aristizabal, asesor docente, Fisioterapeuta egresado de la Mar\u00eda Cano y quien cursa Maestr\u00eda en Actividad F\u00edsica y Deporte, realizan acompa\u00f1amiento a los [&hellip;]<\/p>\n","protected":false},"author":5,"featured_media":5352,"comment_status":"closed","ping_status":"open","sticky":false,"template":"","format":"standard","meta":{"footnotes":""},"categories":[55],"tags":[],"yoast_head":"<!-- This site is optimized with the Yoast SEO plugin v18.4.1 - https:\/\/yoast.com\/wordpress\/plugins\/seo\/ -->\n<title>Nuestros estudiantes realizan acompa\u00f1amiento deportivo al Atl\u00e9tico Huila Liga Femenina y a la Sub 20 masculina - Maria Cano - en<\/title>\n<meta name=\"description\" content=\"Los estudiantes de X semestre, realizan acompa\u00f1amiento a los equipos de la Sub 20 masculino - femenino al Atl\u00e9tico Huila\" \/>\n<meta name=\"robots\" content=\"index, follow, max-snippet:-1, max-image-preview:large, max-video-preview:-1\" \/>\n<link rel=\"canonical\" href=\"https:\/\/www.fumc.edu.co\/en\/estudiantes-practicantes-la-sede-neiva-nos-representan-atletico-huila-sub-20\/\" \/>\n<meta property=\"og:locale\" content=\"es_ES\" \/>\n<meta property=\"og:type\" content=\"article\" \/>\n<meta property=\"og:title\" content=\"Nuestros estudiantes realizan acompa\u00f1amiento deportivo al Atl\u00e9tico Huila Liga Femenina y a la Sub 20 masculina - Maria Cano - en\" \/>\n<meta property=\"og:description\" content=\"Los estudiantes de X semestre, realizan acompa\u00f1amiento a los equipos de la Sub 20 masculino - femenino al Atl\u00e9tico Huila\" \/>\n<meta property=\"og:url\" content=\"https:\/\/www.fumc.edu.co\/en\/estudiantes-practicantes-la-sede-neiva-nos-representan-atletico-huila-sub-20\/\" \/>\n<meta property=\"og:site_name\" content=\"Maria Cano - en\" \/>\n<meta property=\"article:published_time\" content=\"2018-09-21T15:06:23+00:00\" \/>\n<meta property=\"article:modified_time\" content=\"2018-09-21T19:01:16+00:00\" \/>\n<meta property=\"og:image\" content=\"https:\/\/www.fumc.edu.co\/en\/wp-content\/uploads\/IMG-20180920-WA0035-1.jpg\" \/>\n\t<meta property=\"og:image:width\" content=\"861\" \/>\n\t<meta property=\"og:image:height\" content=\"383\" \/>\n\t<meta property=\"og:image:type\" content=\"image\/jpeg\" \/>\n<meta name=\"twitter:card\" content=\"summary\" \/>\n<meta name=\"twitter:label1\" content=\"Escrito por\" \/>\n\t<meta name=\"twitter:data1\" content=\"Luis Fernando Gomez Londo\u00f1o\" \/>\n\t<meta name=\"twitter:label2\" content=\"Tiempo de lectura\" \/>\n\t<meta name=\"twitter:data2\" content=\"1 minuto\" \/>\n<script type=\"application\/ld+json\" class=\"yoast-schema-graph\">{\"@context\":\"https:\/\/schema.org\",\"@graph\":[{\"@type\":\"WebSite\",\"@id\":\"https:\/\/www.fumc.edu.co\/en\/#website\",\"url\":\"https:\/\/www.fumc.edu.co\/en\/\",\"name\":\"Maria Cano - en\",\"description\":\"Otro sitio realizado con WordPress\",\"potentialAction\":[{\"@type\":\"SearchAction\",\"target\":{\"@type\":\"EntryPoint\",\"urlTemplate\":\"https:\/\/www.fumc.edu.co\/en\/?s={search_term_string}\"},\"query-input\":\"required name=search_term_string\"}],\"inLanguage\":\"es\"},{\"@type\":\"ImageObject\",\"@id\":\"https:\/\/www.fumc.edu.co\/en\/estudiantes-practicantes-la-sede-neiva-nos-representan-atletico-huila-sub-20\/#primaryimage\",\"inLanguage\":\"es\",\"url\":\"https:\/\/www.fumc.edu.co\/en\/wp-content\/uploads\/IMG-20180920-WA0035-1.jpg\",\"contentUrl\":\"https:\/\/www.fumc.edu.co\/en\/wp-content\/uploads\/IMG-20180920-WA0035-1.jpg\",\"width\":861,\"height\":383},{\"@type\":\"WebPage\",\"@id\":\"https:\/\/www.fumc.edu.co\/en\/estudiantes-practicantes-la-sede-neiva-nos-representan-atletico-huila-sub-20\/#webpage\",\"url\":\"https:\/\/www.fumc.edu.co\/en\/estudiantes-practicantes-la-sede-neiva-nos-representan-atletico-huila-sub-20\/\",\"name\":\"Nuestros estudiantes realizan acompa\u00f1amiento deportivo al Atl\u00e9tico Huila Liga Femenina y a la Sub 20 masculina - Maria Cano - en\",\"isPartOf\":{\"@id\":\"https:\/\/www.fumc.edu.co\/en\/#website\"},\"primaryImageOfPage\":{\"@id\":\"https:\/\/www.fumc.edu.co\/en\/estudiantes-practicantes-la-sede-neiva-nos-representan-atletico-huila-sub-20\/#primaryimage\"},\"datePublished\":\"2018-09-21T15:06:23+00:00\",\"dateModified\":\"2018-09-21T19:01:16+00:00\",\"author\":{\"@id\":\"https:\/\/www.fumc.edu.co\/en\/#\/schema\/person\/50ed57da093fc879c363ff9de0a2abdb\"},\"description\":\"Los estudiantes de X semestre, realizan acompa\u00f1amiento a los equipos de la Sub 20 masculino - femenino al Atl\u00e9tico Huila\",\"breadcrumb\":{\"@id\":\"https:\/\/www.fumc.edu.co\/en\/estudiantes-practicantes-la-sede-neiva-nos-representan-atletico-huila-sub-20\/#breadcrumb\"},\"inLanguage\":\"es\",\"potentialAction\":[{\"@type\":\"ReadAction\",\"target\":[\"https:\/\/www.fumc.edu.co\/en\/estudiantes-practicantes-la-sede-neiva-nos-representan-atletico-huila-sub-20\/\"]}]},{\"@type\":\"BreadcrumbList\",\"@id\":\"https:\/\/www.fumc.edu.co\/en\/estudiantes-practicantes-la-sede-neiva-nos-representan-atletico-huila-sub-20\/#breadcrumb\",\"itemListElement\":[{\"@type\":\"ListItem\",\"position\":1,\"name\":\"Portada\",\"item\":\"https:\/\/www.fumc.edu.co\/en\/\"},{\"@type\":\"ListItem\",\"position\":2,\"name\":\"Nuestros estudiantes realizan acompa\u00f1amiento deportivo al Atl\u00e9tico Huila Liga Femenina y a la Sub 20 masculina\"}]},{\"@type\":\"Person\",\"@id\":\"https:\/\/www.fumc.edu.co\/en\/#\/schema\/person\/50ed57da093fc879c363ff9de0a2abdb\",\"name\":\"Luis Fernando Gomez Londo\u00f1o\",\"url\":\"https:\/\/www.fumc.edu.co\/en\/author\/asiscomunicaciones\/\"}]}<\/script>\n<!-- \/ Yoast SEO plugin. -->","yoast_head_json":{"title":"Nuestros estudiantes realizan acompa\u00f1amiento deportivo al Atl\u00e9tico Huila Liga Femenina y a la Sub 20 masculina - Maria Cano - en","description":"Los estudiantes de X semestre, realizan acompa\u00f1amiento a los equipos de la Sub 20 masculino - femenino al Atl\u00e9tico Huila","robots":{"index":"index","follow":"follow","max-snippet":"max-snippet:-1","max-image-preview":"max-image-preview:large","max-video-preview":"max-video-preview:-1"},"canonical":"https:\/\/www.fumc.edu.co\/en\/estudiantes-practicantes-la-sede-neiva-nos-representan-atletico-huila-sub-20\/","og_locale":"es_ES","og_type":"article","og_title":"Nuestros estudiantes realizan acompa\u00f1amiento deportivo al Atl\u00e9tico Huila Liga Femenina y a la Sub 20 masculina - Maria Cano - en","og_description":"Los estudiantes de X semestre, realizan acompa\u00f1amiento a los equipos de la Sub 20 masculino - femenino al Atl\u00e9tico Huila","og_url":"https:\/\/www.fumc.edu.co\/en\/estudiantes-practicantes-la-sede-neiva-nos-representan-atletico-huila-sub-20\/","og_site_name":"Maria Cano - en","article_published_time":"2018-09-21T15:06:23+00:00","article_modified_time":"2018-09-21T19:01:16+00:00","og_image":[{"width":861,"height":383,"url":"https:\/\/www.fumc.edu.co\/en\/wp-content\/uploads\/IMG-20180920-WA0035-1.jpg","type":"image\/jpeg"}],"twitter_card":"summary","twitter_misc":{"Escrito por":"Luis Fernando Gomez Londo\u00f1o","Tiempo de lectura":"1 minuto"},"schema":{"@context":"https:\/\/schema.org","@graph":[{"@type":"WebSite","@id":"https:\/\/www.fumc.edu.co\/en\/#website","url":"https:\/\/www.fumc.edu.co\/en\/","name":"Maria Cano - en","description":"Otro sitio realizado con WordPress","potentialAction":[{"@type":"SearchAction","target":{"@type":"EntryPoint","urlTemplate":"https:\/\/www.fumc.edu.co\/en\/?s={search_term_string}"},"query-input":"required name=search_term_string"}],"inLanguage":"es"},{"@type":"ImageObject","@id":"https:\/\/www.fumc.edu.co\/en\/estudiantes-practicantes-la-sede-neiva-nos-representan-atletico-huila-sub-20\/#primaryimage","inLanguage":"es","url":"https:\/\/www.fumc.edu.co\/en\/wp-content\/uploads\/IMG-20180920-WA0035-1.jpg","contentUrl":"https:\/\/www.fumc.edu.co\/en\/wp-content\/uploads\/IMG-20180920-WA0035-1.jpg","width":861,"height":383},{"@type":"WebPage","@id":"https:\/\/www.fumc.edu.co\/en\/estudiantes-practicantes-la-sede-neiva-nos-representan-atletico-huila-sub-20\/#webpage","url":"https:\/\/www.fumc.edu.co\/en\/estudiantes-practicantes-la-sede-neiva-nos-representan-atletico-huila-sub-20\/","name":"Nuestros estudiantes realizan acompa\u00f1amiento deportivo al Atl\u00e9tico Huila Liga Femenina y a la Sub 20 masculina - Maria Cano - en","isPartOf":{"@id":"https:\/\/www.fumc.edu.co\/en\/#website"},"primaryImageOfPage":{"@id":"https:\/\/www.fumc.edu.co\/en\/estudiantes-practicantes-la-sede-neiva-nos-representan-atletico-huila-sub-20\/#primaryimage"},"datePublished":"2018-09-21T15:06:23+00:00","dateModified":"2018-09-21T19:01:16+00:00","author":{"@id":"https:\/\/www.fumc.edu.co\/en\/#\/schema\/person\/50ed57da093fc879c363ff9de0a2abdb"},"description":"Los estudiantes de X semestre, realizan acompa\u00f1amiento a los equipos de la Sub 20 masculino - femenino al Atl\u00e9tico Huila","breadcrumb":{"@id":"https:\/\/www.fumc.edu.co\/en\/estudiantes-practicantes-la-sede-neiva-nos-representan-atletico-huila-sub-20\/#breadcrumb"},"inLanguage":"es","potentialAction":[{"@type":"ReadAction","target":["https:\/\/www.fumc.edu.co\/en\/estudiantes-practicantes-la-sede-neiva-nos-representan-atletico-huila-sub-20\/"]}]},{"@type":"BreadcrumbList","@id":"https:\/\/www.fumc.edu.co\/en\/estudiantes-practicantes-la-sede-neiva-nos-representan-atletico-huila-sub-20\/#breadcrumb","itemListElement":[{"@type":"ListItem","position":1,"name":"Portada","item":"https:\/\/www.fumc.edu.co\/en\/"},{"@type":"ListItem","position":2,"name":"Nuestros estudiantes realizan acompa\u00f1amiento deportivo al Atl\u00e9tico Huila Liga Femenina y a la Sub 20 masculina"}]},{"@type":"Person","@id":"https:\/\/www.fumc.edu.co\/en\/#\/schema\/person\/50ed57da093fc879c363ff9de0a2abdb","name":"Luis Fernando Gomez Londo\u00f1o","url":"https:\/\/www.fumc.edu.co\/en\/author\/asiscomunicaciones\/"}]}},"_links":{"self":[{"href":"https:\/\/www.fumc.edu.co\/en\/wp-json\/wp\/v2\/posts\/5350"}],"collection":[{"href":"https:\/\/www.fumc.edu.co\/en\/wp-json\/wp\/v2\/posts"}],"about":[{"href":"https:\/\/www.fumc.edu.co\/en\/wp-json\/wp\/v2\/types\/post"}],"author":[{"embeddable":true,"href":"https:\/\/www.fumc.edu.co\/en\/wp-json\/wp\/v2\/users\/5"}],"replies":[{"embeddable":true,"href":"https:\/\/www.fumc.edu.co\/en\/wp-json\/wp\/v2\/comments?post=5350"}],"version-history":[{"count":0,"href":"https:\/\/www.fumc.edu.co\/en\/wp-json\/wp\/v2\/posts\/5350\/revisions"}],"wp:featuredmedia":[{"embeddable":true,"href":"https:\/\/www.fumc.edu.co\/en\/wp-json\/wp\/v2\/media\/5352"}],"wp:attachment":[{"href":"https:\/\/www.fumc.edu.co\/en\/wp-json\/wp\/v2\/media?parent=5350"}],"wp:term":[{"taxonomy":"category","embeddable":true,"href":"https:\/\/www.fumc.edu.co\/en\/wp-json\/wp\/v2\/categories?post=5350"},{"taxonomy":"post_tag","embeddable":true,"href":"https:\/\/www.fumc.edu.co\/en\/wp-json\/wp\/v2\/tags?post=5350"}],"curies":[{"name":"wp","href":"https:\/\/api.w.org\/{rel}","templated":true}]}}