{"id":5361,"date":"2018-09-24T13:51:44","date_gmt":"2018-09-24T13:51:44","guid":{"rendered":"https:\/\/www.fumc.edu.co\/en\/?p=5361"},"modified":"2018-09-24T14:08:02","modified_gmt":"2018-09-24T14:08:02","slug":"5361-2","status":"publish","type":"post","link":"https:\/\/www.fumc.edu.co\/en\/5361-2\/","title":{"rendered":"La Mar\u00eda Cano en Misi\u00f3n Acad\u00e9mica en M\u00e9xico"},"content":{"rendered":"<p class=\"x_MsoNormal\">La Mar\u00eda Cano dio inicio a la inmersi\u00f3n en Ciudad de M\u00e9xico, que tiene como objetivo integrar a la prestaci\u00f3n de servicios, los lineamientos del modelo de atenci\u00f3n en salud desde una mirada intercultural y multidisciplinar. En esta misi\u00f3n est\u00e1n participando trece personas de la Mar\u00eda Cano en la ciudad de Medell\u00edn, diecisiete estudiantes de la sede Popay\u00e1n, trece integrantes de la sede Neiva y uno de nuestros estudiantes de la sede Cali, para un total de cuarenta y cuatro personas de la comunidad universitaria, que tendr\u00e1n la oportunidad de vivir una experiencia acad\u00e9mica, de servicios, de salud y de integraci\u00f3n art\u00edstica y cultural.<\/p>\n<p class=\"x_MsoNormal\">De esta forma se consolida la propuesta de pasant\u00edas internacionales que ha liderado la Instituci\u00f3n en los \u00faltimos a\u00f1os, en Argentina, Canad\u00e1, Panam\u00e1 y ahora en el pa\u00eds Azteca, donde convergen estudiantes de todos los programas acad\u00e9micos de la Instituci\u00f3n; y aprenden de las experiencias de las principales organizaciones de las naciones que se visitan.<\/p>\n<p class=\"x_MsoNormal\">Los integrantes de la comunidad universitaria estar\u00e1n durante toda esta semana recorriendo centros de salud, universidades y escuchando conferencias sobre estos temas, adem\u00e1s, estar\u00e1n visitando los espacios culturales m\u00e1s reconocidos de esta ciudad.<\/p>\n<p class=\"x_MsoNormal\">Mar\u00eda Cano es internacionalizaci\u00f3n y cultura para el beneficio de la experiencia acad\u00e9mica y profesional.<\/p>\n<p class=\"x_MsoNormal\">#VivelaMar\u00edaCano<\/p>\n","protected":false},"excerpt":{"rendered":"<p>La Mar\u00eda Cano dio inicio a la inmersi\u00f3n en Ciudad de M\u00e9xico, que tiene como objetivo integrar a la prestaci\u00f3n de servicios, los lineamientos del modelo de atenci\u00f3n en salud desde una mirada intercultural y multidisciplinar. En esta misi\u00f3n est\u00e1n participando trece personas de la Mar\u00eda Cano en la ciudad de Medell\u00edn, diecisiete estudiantes de [&hellip;]<\/p>\n","protected":false},"author":5,"featured_media":5362,"comment_status":"closed","ping_status":"open","sticky":false,"template":"","format":"standard","meta":{"footnotes":""},"categories":[54,53,55,56],"tags":[],"yoast_head":"<!-- This site is optimized with the Yoast SEO plugin v18.4.1 - https:\/\/yoast.com\/wordpress\/plugins\/seo\/ -->\n<title>La Mar\u00eda Cano en Misi\u00f3n Acad\u00e9mica en M\u00e9xico - Maria Cano - en<\/title>\n<meta name=\"description\" content=\"Cuarenta y cuatro estudiantes de la comunidad universitaria visitan Ciudad de M\u00e9xico para interactuar con organizaciones e instituciones educativas.\" \/>\n<meta name=\"robots\" content=\"index, follow, max-snippet:-1, max-image-preview:large, max-video-preview:-1\" \/>\n<link rel=\"canonical\" href=\"https:\/\/www.fumc.edu.co\/en\/5361-2\/\" \/>\n<meta property=\"og:locale\" content=\"es_ES\" \/>\n<meta property=\"og:type\" content=\"article\" \/>\n<meta property=\"og:title\" content=\"La Mar\u00eda Cano en Misi\u00f3n Acad\u00e9mica en M\u00e9xico - Maria Cano - en\" \/>\n<meta property=\"og:description\" content=\"Cuarenta y cuatro estudiantes de la comunidad universitaria visitan Ciudad de M\u00e9xico para interactuar con organizaciones e instituciones educativas.\" \/>\n<meta property=\"og:url\" content=\"https:\/\/www.fumc.edu.co\/en\/5361-2\/\" \/>\n<meta property=\"og:site_name\" content=\"Maria Cano - en\" \/>\n<meta property=\"article:published_time\" content=\"2018-09-24T13:51:44+00:00\" \/>\n<meta property=\"article:modified_time\" content=\"2018-09-24T14:08:02+00:00\" \/>\n<meta property=\"og:image\" content=\"https:\/\/www.fumc.edu.co\/en\/wp-content\/uploads\/M\u00e9xico.png\" \/>\n\t<meta property=\"og:image:width\" content=\"840\" \/>\n\t<meta property=\"og:image:height\" content=\"430\" \/>\n\t<meta property=\"og:image:type\" content=\"image\/png\" \/>\n<meta name=\"twitter:card\" content=\"summary\" \/>\n<meta name=\"twitter:label1\" content=\"Escrito por\" \/>\n\t<meta name=\"twitter:data1\" content=\"Luis Fernando Gomez Londo\u00f1o\" \/>\n\t<meta name=\"twitter:label2\" content=\"Tiempo de lectura\" \/>\n\t<meta name=\"twitter:data2\" content=\"1 minuto\" \/>\n<script type=\"application\/ld+json\" class=\"yoast-schema-graph\">{\"@context\":\"https:\/\/schema.org\",\"@graph\":[{\"@type\":\"WebSite\",\"@id\":\"https:\/\/www.fumc.edu.co\/en\/#website\",\"url\":\"https:\/\/www.fumc.edu.co\/en\/\",\"name\":\"Maria Cano - en\",\"description\":\"Otro sitio realizado con WordPress\",\"potentialAction\":[{\"@type\":\"SearchAction\",\"target\":{\"@type\":\"EntryPoint\",\"urlTemplate\":\"https:\/\/www.fumc.edu.co\/en\/?s={search_term_string}\"},\"query-input\":\"required name=search_term_string\"}],\"inLanguage\":\"es\"},{\"@type\":\"ImageObject\",\"@id\":\"https:\/\/www.fumc.edu.co\/en\/5361-2\/#primaryimage\",\"inLanguage\":\"es\",\"url\":\"https:\/\/www.fumc.edu.co\/en\/wp-content\/uploads\/M\u00e9xico.png\",\"contentUrl\":\"https:\/\/www.fumc.edu.co\/en\/wp-content\/uploads\/M\u00e9xico.png\",\"width\":840,\"height\":430},{\"@type\":\"WebPage\",\"@id\":\"https:\/\/www.fumc.edu.co\/en\/5361-2\/#webpage\",\"url\":\"https:\/\/www.fumc.edu.co\/en\/5361-2\/\",\"name\":\"La Mar\u00eda Cano en Misi\u00f3n Acad\u00e9mica en M\u00e9xico - Maria Cano - en\",\"isPartOf\":{\"@id\":\"https:\/\/www.fumc.edu.co\/en\/#website\"},\"primaryImageOfPage\":{\"@id\":\"https:\/\/www.fumc.edu.co\/en\/5361-2\/#primaryimage\"},\"datePublished\":\"2018-09-24T13:51:44+00:00\",\"dateModified\":\"2018-09-24T14:08:02+00:00\",\"author\":{\"@id\":\"https:\/\/www.fumc.edu.co\/en\/#\/schema\/person\/50ed57da093fc879c363ff9de0a2abdb\"},\"description\":\"Cuarenta y cuatro estudiantes de la comunidad universitaria visitan Ciudad de M\u00e9xico para interactuar con organizaciones e instituciones educativas.\",\"breadcrumb\":{\"@id\":\"https:\/\/www.fumc.edu.co\/en\/5361-2\/#breadcrumb\"},\"inLanguage\":\"es\",\"potentialAction\":[{\"@type\":\"ReadAction\",\"target\":[\"https:\/\/www.fumc.edu.co\/en\/5361-2\/\"]}]},{\"@type\":\"BreadcrumbList\",\"@id\":\"https:\/\/www.fumc.edu.co\/en\/5361-2\/#breadcrumb\",\"itemListElement\":[{\"@type\":\"ListItem\",\"position\":1,\"name\":\"Portada\",\"item\":\"https:\/\/www.fumc.edu.co\/en\/\"},{\"@type\":\"ListItem\",\"position\":2,\"name\":\"La Mar\u00eda Cano en Misi\u00f3n Acad\u00e9mica en M\u00e9xico\"}]},{\"@type\":\"Person\",\"@id\":\"https:\/\/www.fumc.edu.co\/en\/#\/schema\/person\/50ed57da093fc879c363ff9de0a2abdb\",\"name\":\"Luis Fernando Gomez Londo\u00f1o\",\"url\":\"https:\/\/www.fumc.edu.co\/en\/author\/asiscomunicaciones\/\"}]}<\/script>\n<!-- \/ Yoast SEO plugin. -->","yoast_head_json":{"title":"La Mar\u00eda Cano en Misi\u00f3n Acad\u00e9mica en M\u00e9xico - Maria Cano - en","description":"Cuarenta y cuatro estudiantes de la comunidad universitaria visitan Ciudad de M\u00e9xico para interactuar con organizaciones e instituciones educativas.","robots":{"index":"index","follow":"follow","max-snippet":"max-snippet:-1","max-image-preview":"max-image-preview:large","max-video-preview":"max-video-preview:-1"},"canonical":"https:\/\/www.fumc.edu.co\/en\/5361-2\/","og_locale":"es_ES","og_type":"article","og_title":"La Mar\u00eda Cano en Misi\u00f3n Acad\u00e9mica en M\u00e9xico - Maria Cano - en","og_description":"Cuarenta y cuatro estudiantes de la comunidad universitaria visitan Ciudad de M\u00e9xico para interactuar con organizaciones e instituciones educativas.","og_url":"https:\/\/www.fumc.edu.co\/en\/5361-2\/","og_site_name":"Maria Cano - en","article_published_time":"2018-09-24T13:51:44+00:00","article_modified_time":"2018-09-24T14:08:02+00:00","og_image":[{"width":840,"height":430,"url":"https:\/\/www.fumc.edu.co\/en\/wp-content\/uploads\/M\u00e9xico.png","type":"image\/png"}],"twitter_card":"summary","twitter_misc":{"Escrito por":"Luis Fernando Gomez Londo\u00f1o","Tiempo de lectura":"1 minuto"},"schema":{"@context":"https:\/\/schema.org","@graph":[{"@type":"WebSite","@id":"https:\/\/www.fumc.edu.co\/en\/#website","url":"https:\/\/www.fumc.edu.co\/en\/","name":"Maria Cano - en","description":"Otro sitio realizado con WordPress","potentialAction":[{"@type":"SearchAction","target":{"@type":"EntryPoint","urlTemplate":"https:\/\/www.fumc.edu.co\/en\/?s={search_term_string}"},"query-input":"required name=search_term_string"}],"inLanguage":"es"},{"@type":"ImageObject","@id":"https:\/\/www.fumc.edu.co\/en\/5361-2\/#primaryimage","inLanguage":"es","url":"https:\/\/www.fumc.edu.co\/en\/wp-content\/uploads\/M\u00e9xico.png","contentUrl":"https:\/\/www.fumc.edu.co\/en\/wp-content\/uploads\/M\u00e9xico.png","width":840,"height":430},{"@type":"WebPage","@id":"https:\/\/www.fumc.edu.co\/en\/5361-2\/#webpage","url":"https:\/\/www.fumc.edu.co\/en\/5361-2\/","name":"La Mar\u00eda Cano en Misi\u00f3n Acad\u00e9mica en M\u00e9xico - Maria Cano - en","isPartOf":{"@id":"https:\/\/www.fumc.edu.co\/en\/#website"},"primaryImageOfPage":{"@id":"https:\/\/www.fumc.edu.co\/en\/5361-2\/#primaryimage"},"datePublished":"2018-09-24T13:51:44+00:00","dateModified":"2018-09-24T14:08:02+00:00","author":{"@id":"https:\/\/www.fumc.edu.co\/en\/#\/schema\/person\/50ed57da093fc879c363ff9de0a2abdb"},"description":"Cuarenta y cuatro estudiantes de la comunidad universitaria visitan Ciudad de M\u00e9xico para interactuar con organizaciones e instituciones educativas.","breadcrumb":{"@id":"https:\/\/www.fumc.edu.co\/en\/5361-2\/#breadcrumb"},"inLanguage":"es","potentialAction":[{"@type":"ReadAction","target":["https:\/\/www.fumc.edu.co\/en\/5361-2\/"]}]},{"@type":"BreadcrumbList","@id":"https:\/\/www.fumc.edu.co\/en\/5361-2\/#breadcrumb","itemListElement":[{"@type":"ListItem","position":1,"name":"Portada","item":"https:\/\/www.fumc.edu.co\/en\/"},{"@type":"ListItem","position":2,"name":"La Mar\u00eda Cano en Misi\u00f3n Acad\u00e9mica en M\u00e9xico"}]},{"@type":"Person","@id":"https:\/\/www.fumc.edu.co\/en\/#\/schema\/person\/50ed57da093fc879c363ff9de0a2abdb","name":"Luis Fernando Gomez Londo\u00f1o","url":"https:\/\/www.fumc.edu.co\/en\/author\/asiscomunicaciones\/"}]}},"_links":{"self":[{"href":"https:\/\/www.fumc.edu.co\/en\/wp-json\/wp\/v2\/posts\/5361"}],"collection":[{"href":"https:\/\/www.fumc.edu.co\/en\/wp-json\/wp\/v2\/posts"}],"about":[{"href":"https:\/\/www.fumc.edu.co\/en\/wp-json\/wp\/v2\/types\/post"}],"author":[{"embeddable":true,"href":"https:\/\/www.fumc.edu.co\/en\/wp-json\/wp\/v2\/users\/5"}],"replies":[{"embeddable":true,"href":"https:\/\/www.fumc.edu.co\/en\/wp-json\/wp\/v2\/comments?post=5361"}],"version-history":[{"count":0,"href":"https:\/\/www.fumc.edu.co\/en\/wp-json\/wp\/v2\/posts\/5361\/revisions"}],"wp:featuredmedia":[{"embeddable":true,"href":"https:\/\/www.fumc.edu.co\/en\/wp-json\/wp\/v2\/media\/5362"}],"wp:attachment":[{"href":"https:\/\/www.fumc.edu.co\/en\/wp-json\/wp\/v2\/media?parent=5361"}],"wp:term":[{"taxonomy":"category","embeddable":true,"href":"https:\/\/www.fumc.edu.co\/en\/wp-json\/wp\/v2\/categories?post=5361"},{"taxonomy":"post_tag","embeddable":true,"href":"https:\/\/www.fumc.edu.co\/en\/wp-json\/wp\/v2\/tags?post=5361"}],"curies":[{"name":"wp","href":"https:\/\/api.w.org\/{rel}","templated":true}]}}