{"id":5428,"date":"2018-10-01T13:39:03","date_gmt":"2018-10-01T13:39:03","guid":{"rendered":"https:\/\/www.fumc.edu.co\/en\/?p=5428"},"modified":"2018-10-01T13:39:11","modified_gmt":"2018-10-01T13:39:11","slug":"comunidad-universitaria-en-neiva-se-cualifica","status":"publish","type":"post","link":"https:\/\/www.fumc.edu.co\/en\/comunidad-universitaria-en-neiva-se-cualifica\/","title":{"rendered":"Comunidad universitaria en Neiva se cualifica"},"content":{"rendered":"<p>La sede Neiva realiz\u00f3 el curso de Valoraci\u00f3n e Intervenci\u00f3n Fisioterap\u00e9utica en el paciente Neonato con riesgo neurol\u00f3gico, con el objetivo de compartir conocimientos, experiencias pertinentes con las necesidades del contexto y buenas pr\u00e1cticas, para el fomento de la calidad de la oferta acad\u00e9mica. El curso cont\u00f3 con la asistencia de estudiantes, egresados y profesionales del medio, donde se contemplaron aspectos relevantes de la valoraci\u00f3n con fines de mejorar los procesos de intervenci\u00f3n del neonato con riesgo neurol\u00f3gico, los cuidados del reci\u00e9n nacido, la identificaci\u00f3n de escalas de valoraci\u00f3n aplicables para la evaluaci\u00f3n del comportamiento motor con el fin de identificar alteraciones neurol\u00f3gicas, desde el perfil del fisioterapeuta.<\/p>\n<p>Los integrantes de la comunidad universitaria en la capital del Huila muestran de esta forma, la importancia de los procesos constantes de cualificaci\u00f3n para estar a la altura de las necesidades de los grupos poblacionales que atienden, de manera que se preste un servicio enmarcado en par\u00e1metros de calidad que respondan acorde con el sello que identifica a los integrantes de la Mar\u00eda Cano, quienes se destacan por su labor acorde con los principios institucionales de respeto, equidad, excelencia, liderazgo, transparencia y responsabilidad.<\/p>\n<p>#VivelaMar\u00edaCano<\/p>\n","protected":false},"excerpt":{"rendered":"<p>La sede Neiva realiz\u00f3 el curso de Valoraci\u00f3n e Intervenci\u00f3n Fisioterap\u00e9utica en el paciente Neonato con riesgo neurol\u00f3gico, con el objetivo de compartir conocimientos, experiencias pertinentes con las necesidades del contexto y buenas pr\u00e1cticas, para el fomento de la calidad de la oferta acad\u00e9mica. El curso cont\u00f3 con la asistencia de estudiantes, egresados y profesionales [&hellip;]<\/p>\n","protected":false},"author":5,"featured_media":5429,"comment_status":"closed","ping_status":"open","sticky":false,"template":"","format":"standard","meta":{"footnotes":""},"categories":[55],"tags":[],"yoast_head":"<!-- This site is optimized with the Yoast SEO plugin v18.4.1 - https:\/\/yoast.com\/wordpress\/plugins\/seo\/ -->\n<title>Comunidad universitaria en Neiva se cualifica - Maria Cano - en<\/title>\n<meta name=\"description\" content=\"Los integrantes de la comunidad universitaria en Neiva trabajan en valoraci\u00f3n e Intervenci\u00f3n fisioterap\u00e9utica en el paciente neonato con riesgo neurol\u00f3gico.\" \/>\n<meta name=\"robots\" content=\"index, follow, max-snippet:-1, max-image-preview:large, max-video-preview:-1\" \/>\n<link rel=\"canonical\" href=\"https:\/\/www.fumc.edu.co\/en\/comunidad-universitaria-en-neiva-se-cualifica\/\" \/>\n<meta property=\"og:locale\" content=\"es_ES\" \/>\n<meta property=\"og:type\" content=\"article\" \/>\n<meta property=\"og:title\" content=\"Comunidad universitaria en Neiva se cualifica - Maria Cano - en\" \/>\n<meta property=\"og:description\" content=\"Los integrantes de la comunidad universitaria en Neiva trabajan en valoraci\u00f3n e Intervenci\u00f3n fisioterap\u00e9utica en el paciente neonato con riesgo neurol\u00f3gico.\" \/>\n<meta property=\"og:url\" content=\"https:\/\/www.fumc.edu.co\/en\/comunidad-universitaria-en-neiva-se-cualifica\/\" \/>\n<meta property=\"og:site_name\" content=\"Maria Cano - en\" \/>\n<meta property=\"article:published_time\" content=\"2018-10-01T13:39:03+00:00\" \/>\n<meta property=\"article:modified_time\" content=\"2018-10-01T13:39:11+00:00\" \/>\n<meta property=\"og:image\" content=\"https:\/\/www.fumc.edu.co\/en\/wp-content\/uploads\/Neiva-2.png\" \/>\n\t<meta property=\"og:image:width\" content=\"760\" \/>\n\t<meta property=\"og:image:height\" content=\"430\" \/>\n\t<meta property=\"og:image:type\" content=\"image\/png\" \/>\n<meta name=\"twitter:card\" content=\"summary\" \/>\n<meta name=\"twitter:label1\" content=\"Escrito por\" \/>\n\t<meta name=\"twitter:data1\" content=\"Luis Fernando Gomez Londo\u00f1o\" \/>\n\t<meta name=\"twitter:label2\" content=\"Tiempo de lectura\" \/>\n\t<meta name=\"twitter:data2\" content=\"1 minuto\" \/>\n<script type=\"application\/ld+json\" class=\"yoast-schema-graph\">{\"@context\":\"https:\/\/schema.org\",\"@graph\":[{\"@type\":\"WebSite\",\"@id\":\"https:\/\/www.fumc.edu.co\/en\/#website\",\"url\":\"https:\/\/www.fumc.edu.co\/en\/\",\"name\":\"Maria Cano - en\",\"description\":\"Otro sitio realizado con WordPress\",\"potentialAction\":[{\"@type\":\"SearchAction\",\"target\":{\"@type\":\"EntryPoint\",\"urlTemplate\":\"https:\/\/www.fumc.edu.co\/en\/?s={search_term_string}\"},\"query-input\":\"required name=search_term_string\"}],\"inLanguage\":\"es\"},{\"@type\":\"ImageObject\",\"@id\":\"https:\/\/www.fumc.edu.co\/en\/comunidad-universitaria-en-neiva-se-cualifica\/#primaryimage\",\"inLanguage\":\"es\",\"url\":\"https:\/\/www.fumc.edu.co\/en\/wp-content\/uploads\/Neiva-2.png\",\"contentUrl\":\"https:\/\/www.fumc.edu.co\/en\/wp-content\/uploads\/Neiva-2.png\",\"width\":760,\"height\":430},{\"@type\":\"WebPage\",\"@id\":\"https:\/\/www.fumc.edu.co\/en\/comunidad-universitaria-en-neiva-se-cualifica\/#webpage\",\"url\":\"https:\/\/www.fumc.edu.co\/en\/comunidad-universitaria-en-neiva-se-cualifica\/\",\"name\":\"Comunidad universitaria en Neiva se cualifica - Maria Cano - en\",\"isPartOf\":{\"@id\":\"https:\/\/www.fumc.edu.co\/en\/#website\"},\"primaryImageOfPage\":{\"@id\":\"https:\/\/www.fumc.edu.co\/en\/comunidad-universitaria-en-neiva-se-cualifica\/#primaryimage\"},\"datePublished\":\"2018-10-01T13:39:03+00:00\",\"dateModified\":\"2018-10-01T13:39:11+00:00\",\"author\":{\"@id\":\"https:\/\/www.fumc.edu.co\/en\/#\/schema\/person\/50ed57da093fc879c363ff9de0a2abdb\"},\"description\":\"Los integrantes de la comunidad universitaria en Neiva trabajan en valoraci\u00f3n e Intervenci\u00f3n fisioterap\u00e9utica en el paciente neonato con riesgo neurol\u00f3gico.\",\"breadcrumb\":{\"@id\":\"https:\/\/www.fumc.edu.co\/en\/comunidad-universitaria-en-neiva-se-cualifica\/#breadcrumb\"},\"inLanguage\":\"es\",\"potentialAction\":[{\"@type\":\"ReadAction\",\"target\":[\"https:\/\/www.fumc.edu.co\/en\/comunidad-universitaria-en-neiva-se-cualifica\/\"]}]},{\"@type\":\"BreadcrumbList\",\"@id\":\"https:\/\/www.fumc.edu.co\/en\/comunidad-universitaria-en-neiva-se-cualifica\/#breadcrumb\",\"itemListElement\":[{\"@type\":\"ListItem\",\"position\":1,\"name\":\"Portada\",\"item\":\"https:\/\/www.fumc.edu.co\/en\/\"},{\"@type\":\"ListItem\",\"position\":2,\"name\":\"Comunidad universitaria en Neiva se cualifica\"}]},{\"@type\":\"Person\",\"@id\":\"https:\/\/www.fumc.edu.co\/en\/#\/schema\/person\/50ed57da093fc879c363ff9de0a2abdb\",\"name\":\"Luis Fernando Gomez Londo\u00f1o\",\"url\":\"https:\/\/www.fumc.edu.co\/en\/author\/asiscomunicaciones\/\"}]}<\/script>\n<!-- \/ Yoast SEO plugin. -->","yoast_head_json":{"title":"Comunidad universitaria en Neiva se cualifica - Maria Cano - en","description":"Los integrantes de la comunidad universitaria en Neiva trabajan en valoraci\u00f3n e Intervenci\u00f3n fisioterap\u00e9utica en el paciente neonato con riesgo neurol\u00f3gico.","robots":{"index":"index","follow":"follow","max-snippet":"max-snippet:-1","max-image-preview":"max-image-preview:large","max-video-preview":"max-video-preview:-1"},"canonical":"https:\/\/www.fumc.edu.co\/en\/comunidad-universitaria-en-neiva-se-cualifica\/","og_locale":"es_ES","og_type":"article","og_title":"Comunidad universitaria en Neiva se cualifica - Maria Cano - en","og_description":"Los integrantes de la comunidad universitaria en Neiva trabajan en valoraci\u00f3n e Intervenci\u00f3n fisioterap\u00e9utica en el paciente neonato con riesgo neurol\u00f3gico.","og_url":"https:\/\/www.fumc.edu.co\/en\/comunidad-universitaria-en-neiva-se-cualifica\/","og_site_name":"Maria Cano - en","article_published_time":"2018-10-01T13:39:03+00:00","article_modified_time":"2018-10-01T13:39:11+00:00","og_image":[{"width":760,"height":430,"url":"https:\/\/www.fumc.edu.co\/en\/wp-content\/uploads\/Neiva-2.png","type":"image\/png"}],"twitter_card":"summary","twitter_misc":{"Escrito por":"Luis Fernando Gomez Londo\u00f1o","Tiempo de lectura":"1 minuto"},"schema":{"@context":"https:\/\/schema.org","@graph":[{"@type":"WebSite","@id":"https:\/\/www.fumc.edu.co\/en\/#website","url":"https:\/\/www.fumc.edu.co\/en\/","name":"Maria Cano - en","description":"Otro sitio realizado con WordPress","potentialAction":[{"@type":"SearchAction","target":{"@type":"EntryPoint","urlTemplate":"https:\/\/www.fumc.edu.co\/en\/?s={search_term_string}"},"query-input":"required name=search_term_string"}],"inLanguage":"es"},{"@type":"ImageObject","@id":"https:\/\/www.fumc.edu.co\/en\/comunidad-universitaria-en-neiva-se-cualifica\/#primaryimage","inLanguage":"es","url":"https:\/\/www.fumc.edu.co\/en\/wp-content\/uploads\/Neiva-2.png","contentUrl":"https:\/\/www.fumc.edu.co\/en\/wp-content\/uploads\/Neiva-2.png","width":760,"height":430},{"@type":"WebPage","@id":"https:\/\/www.fumc.edu.co\/en\/comunidad-universitaria-en-neiva-se-cualifica\/#webpage","url":"https:\/\/www.fumc.edu.co\/en\/comunidad-universitaria-en-neiva-se-cualifica\/","name":"Comunidad universitaria en Neiva se cualifica - Maria Cano - en","isPartOf":{"@id":"https:\/\/www.fumc.edu.co\/en\/#website"},"primaryImageOfPage":{"@id":"https:\/\/www.fumc.edu.co\/en\/comunidad-universitaria-en-neiva-se-cualifica\/#primaryimage"},"datePublished":"2018-10-01T13:39:03+00:00","dateModified":"2018-10-01T13:39:11+00:00","author":{"@id":"https:\/\/www.fumc.edu.co\/en\/#\/schema\/person\/50ed57da093fc879c363ff9de0a2abdb"},"description":"Los integrantes de la comunidad universitaria en Neiva trabajan en valoraci\u00f3n e Intervenci\u00f3n fisioterap\u00e9utica en el paciente neonato con riesgo neurol\u00f3gico.","breadcrumb":{"@id":"https:\/\/www.fumc.edu.co\/en\/comunidad-universitaria-en-neiva-se-cualifica\/#breadcrumb"},"inLanguage":"es","potentialAction":[{"@type":"ReadAction","target":["https:\/\/www.fumc.edu.co\/en\/comunidad-universitaria-en-neiva-se-cualifica\/"]}]},{"@type":"BreadcrumbList","@id":"https:\/\/www.fumc.edu.co\/en\/comunidad-universitaria-en-neiva-se-cualifica\/#breadcrumb","itemListElement":[{"@type":"ListItem","position":1,"name":"Portada","item":"https:\/\/www.fumc.edu.co\/en\/"},{"@type":"ListItem","position":2,"name":"Comunidad universitaria en Neiva se cualifica"}]},{"@type":"Person","@id":"https:\/\/www.fumc.edu.co\/en\/#\/schema\/person\/50ed57da093fc879c363ff9de0a2abdb","name":"Luis Fernando Gomez Londo\u00f1o","url":"https:\/\/www.fumc.edu.co\/en\/author\/asiscomunicaciones\/"}]}},"_links":{"self":[{"href":"https:\/\/www.fumc.edu.co\/en\/wp-json\/wp\/v2\/posts\/5428"}],"collection":[{"href":"https:\/\/www.fumc.edu.co\/en\/wp-json\/wp\/v2\/posts"}],"about":[{"href":"https:\/\/www.fumc.edu.co\/en\/wp-json\/wp\/v2\/types\/post"}],"author":[{"embeddable":true,"href":"https:\/\/www.fumc.edu.co\/en\/wp-json\/wp\/v2\/users\/5"}],"replies":[{"embeddable":true,"href":"https:\/\/www.fumc.edu.co\/en\/wp-json\/wp\/v2\/comments?post=5428"}],"version-history":[{"count":0,"href":"https:\/\/www.fumc.edu.co\/en\/wp-json\/wp\/v2\/posts\/5428\/revisions"}],"wp:featuredmedia":[{"embeddable":true,"href":"https:\/\/www.fumc.edu.co\/en\/wp-json\/wp\/v2\/media\/5429"}],"wp:attachment":[{"href":"https:\/\/www.fumc.edu.co\/en\/wp-json\/wp\/v2\/media?parent=5428"}],"wp:term":[{"taxonomy":"category","embeddable":true,"href":"https:\/\/www.fumc.edu.co\/en\/wp-json\/wp\/v2\/categories?post=5428"},{"taxonomy":"post_tag","embeddable":true,"href":"https:\/\/www.fumc.edu.co\/en\/wp-json\/wp\/v2\/tags?post=5428"}],"curies":[{"name":"wp","href":"https:\/\/api.w.org\/{rel}","templated":true}]}}