{"id":5555,"date":"2018-10-09T16:42:14","date_gmt":"2018-10-09T16:42:14","guid":{"rendered":"https:\/\/www.fumc.edu.co\/en\/?p=5555"},"modified":"2018-10-09T20:37:11","modified_gmt":"2018-10-09T20:37:11","slug":"5555-2","status":"publish","type":"post","link":"https:\/\/www.fumc.edu.co\/en\/5555-2\/","title":{"rendered":"En Neiva: Estudiantes, profesores y egresados conocen la proyecci\u00f3n de la Fisioterapia"},"content":{"rendered":"<p>La Mar\u00eda Cano cada vez m\u00e1s comprometida con la actualizaci\u00f3n del conocimiento y vela por la formaci\u00f3n continua de todos los integrantes de la comunidad universitaria; en la sede Neiva, capital del Huila, se realiz\u00f3 la jornada de trabajo con el Colegio Colombiano de Fisioterapeutas &#8211; COLFI y con la Asociaci\u00f3n Colombiana de Fisioterapia &#8211; ASCOFI en la que estudiantes, profesores,\u00a0egresados de la Mar\u00eda Cano y profesionales del medio, se reunieron para tratar temas como fortalecimiento gremial, funciones p\u00fablicas de la profesi\u00f3n, plan estrat\u00e9gico de trabajo para servir a la sociedad y la importancia de la tarjeta profesional (Rethus).<\/p>\n<p>La Instituci\u00f3n, como \u00fanica IES en este regi\u00f3n del pa\u00eds, en ofrecer el Programa de Fisioterapia, y gracias a la presencia en diferentes ciudades, la Mar\u00eda Cano tiene la misi\u00f3n de capacitar y actualizar a todos los profesionales en esta \u00e1rea para que siempre est\u00e9n en al vanguardia en conocimiento, que se vea reflejado en el bienestar de todos los usuarios y habitantes de Colombia.<\/p>\n<p style=\"text-align: center;\"><img decoding=\"async\" loading=\"lazy\" class=\"alignnone wp-image-5557\" src=\"https:\/\/www.fumc.edu.co\/en\/wp-content\/uploads\/IMG_3275.png\" alt=\"\" width=\"1182\" height=\"354\" srcset=\"https:\/\/www.fumc.edu.co\/en\/wp-content\/uploads\/IMG_3275.png 4569w, https:\/\/www.fumc.edu.co\/en\/wp-content\/uploads\/IMG_3275-768x230.png 768w\" sizes=\"(max-width: 1182px) 100vw, 1182px\" \/><\/p>\n","protected":false},"excerpt":{"rendered":"<p>La Mar\u00eda Cano cada vez m\u00e1s comprometida con la actualizaci\u00f3n del conocimiento y vela por la formaci\u00f3n continua de todos los integrantes de la comunidad universitaria; en la sede Neiva, capital del Huila, se realiz\u00f3 la jornada de trabajo con el Colegio Colombiano de Fisioterapeutas &#8211; COLFI y con la Asociaci\u00f3n Colombiana de Fisioterapia &#8211; [&hellip;]<\/p>\n","protected":false},"author":5,"featured_media":5562,"comment_status":"closed","ping_status":"open","sticky":false,"template":"","format":"standard","meta":{"footnotes":""},"categories":[55],"tags":[],"yoast_head":"<!-- This site is optimized with the Yoast SEO plugin v18.4.1 - https:\/\/yoast.com\/wordpress\/plugins\/seo\/ -->\n<title>En Neiva: Estudiantes, profesores y egresados conocen la proyecci\u00f3n de la Fisioterapia - Maria Cano - en<\/title>\n<meta name=\"description\" content=\"Con el liderazgo de la Mar\u00eda Cano, se realiz\u00f3 capacitaci\u00f3n en Neiva a trav\u00e9s de alianza con COLFI y ASCOFI para el beneficio de la fisioterapia.\" \/>\n<meta name=\"robots\" content=\"index, follow, max-snippet:-1, max-image-preview:large, max-video-preview:-1\" \/>\n<link rel=\"canonical\" href=\"https:\/\/www.fumc.edu.co\/en\/5555-2\/\" \/>\n<meta property=\"og:locale\" content=\"es_ES\" \/>\n<meta property=\"og:type\" content=\"article\" \/>\n<meta property=\"og:title\" content=\"En Neiva: Estudiantes, profesores y egresados conocen la proyecci\u00f3n de la Fisioterapia - Maria Cano - en\" \/>\n<meta property=\"og:description\" content=\"Con el liderazgo de la Mar\u00eda Cano, se realiz\u00f3 capacitaci\u00f3n en Neiva a trav\u00e9s de alianza con COLFI y ASCOFI para el beneficio de la fisioterapia.\" \/>\n<meta property=\"og:url\" content=\"https:\/\/www.fumc.edu.co\/en\/5555-2\/\" \/>\n<meta property=\"og:site_name\" content=\"Maria Cano - en\" \/>\n<meta property=\"article:published_time\" content=\"2018-10-09T16:42:14+00:00\" \/>\n<meta property=\"article:modified_time\" content=\"2018-10-09T20:37:11+00:00\" \/>\n<meta property=\"og:image\" content=\"https:\/\/www.fumc.edu.co\/en\/wp-content\/uploads\/IMG_3226.jpg\" \/>\n\t<meta property=\"og:image:width\" content=\"840\" \/>\n\t<meta property=\"og:image:height\" content=\"430\" \/>\n\t<meta property=\"og:image:type\" content=\"image\/jpeg\" \/>\n<meta name=\"twitter:card\" content=\"summary\" \/>\n<meta name=\"twitter:label1\" content=\"Escrito por\" \/>\n\t<meta name=\"twitter:data1\" content=\"Luis Fernando Gomez Londo\u00f1o\" \/>\n\t<meta name=\"twitter:label2\" content=\"Tiempo de lectura\" \/>\n\t<meta name=\"twitter:data2\" content=\"1 minuto\" \/>\n<script type=\"application\/ld+json\" class=\"yoast-schema-graph\">{\"@context\":\"https:\/\/schema.org\",\"@graph\":[{\"@type\":\"WebSite\",\"@id\":\"https:\/\/www.fumc.edu.co\/en\/#website\",\"url\":\"https:\/\/www.fumc.edu.co\/en\/\",\"name\":\"Maria Cano - en\",\"description\":\"Otro sitio realizado con WordPress\",\"potentialAction\":[{\"@type\":\"SearchAction\",\"target\":{\"@type\":\"EntryPoint\",\"urlTemplate\":\"https:\/\/www.fumc.edu.co\/en\/?s={search_term_string}\"},\"query-input\":\"required name=search_term_string\"}],\"inLanguage\":\"es\"},{\"@type\":\"ImageObject\",\"@id\":\"https:\/\/www.fumc.edu.co\/en\/5555-2\/#primaryimage\",\"inLanguage\":\"es\",\"url\":\"https:\/\/www.fumc.edu.co\/en\/wp-content\/uploads\/IMG_3226.jpg\",\"contentUrl\":\"https:\/\/www.fumc.edu.co\/en\/wp-content\/uploads\/IMG_3226.jpg\",\"width\":840,\"height\":430},{\"@type\":\"WebPage\",\"@id\":\"https:\/\/www.fumc.edu.co\/en\/5555-2\/#webpage\",\"url\":\"https:\/\/www.fumc.edu.co\/en\/5555-2\/\",\"name\":\"En Neiva: Estudiantes, profesores y egresados conocen la proyecci\u00f3n de la Fisioterapia - Maria Cano - en\",\"isPartOf\":{\"@id\":\"https:\/\/www.fumc.edu.co\/en\/#website\"},\"primaryImageOfPage\":{\"@id\":\"https:\/\/www.fumc.edu.co\/en\/5555-2\/#primaryimage\"},\"datePublished\":\"2018-10-09T16:42:14+00:00\",\"dateModified\":\"2018-10-09T20:37:11+00:00\",\"author\":{\"@id\":\"https:\/\/www.fumc.edu.co\/en\/#\/schema\/person\/50ed57da093fc879c363ff9de0a2abdb\"},\"description\":\"Con el liderazgo de la Mar\u00eda Cano, se realiz\u00f3 capacitaci\u00f3n en Neiva a trav\u00e9s de alianza con COLFI y ASCOFI para el beneficio de la fisioterapia.\",\"breadcrumb\":{\"@id\":\"https:\/\/www.fumc.edu.co\/en\/5555-2\/#breadcrumb\"},\"inLanguage\":\"es\",\"potentialAction\":[{\"@type\":\"ReadAction\",\"target\":[\"https:\/\/www.fumc.edu.co\/en\/5555-2\/\"]}]},{\"@type\":\"BreadcrumbList\",\"@id\":\"https:\/\/www.fumc.edu.co\/en\/5555-2\/#breadcrumb\",\"itemListElement\":[{\"@type\":\"ListItem\",\"position\":1,\"name\":\"Portada\",\"item\":\"https:\/\/www.fumc.edu.co\/en\/\"},{\"@type\":\"ListItem\",\"position\":2,\"name\":\"En Neiva: Estudiantes, profesores y egresados conocen la proyecci\u00f3n de la Fisioterapia\"}]},{\"@type\":\"Person\",\"@id\":\"https:\/\/www.fumc.edu.co\/en\/#\/schema\/person\/50ed57da093fc879c363ff9de0a2abdb\",\"name\":\"Luis Fernando Gomez Londo\u00f1o\",\"url\":\"https:\/\/www.fumc.edu.co\/en\/author\/asiscomunicaciones\/\"}]}<\/script>\n<!-- \/ Yoast SEO plugin. -->","yoast_head_json":{"title":"En Neiva: Estudiantes, profesores y egresados conocen la proyecci\u00f3n de la Fisioterapia - Maria Cano - en","description":"Con el liderazgo de la Mar\u00eda Cano, se realiz\u00f3 capacitaci\u00f3n en Neiva a trav\u00e9s de alianza con COLFI y ASCOFI para el beneficio de la fisioterapia.","robots":{"index":"index","follow":"follow","max-snippet":"max-snippet:-1","max-image-preview":"max-image-preview:large","max-video-preview":"max-video-preview:-1"},"canonical":"https:\/\/www.fumc.edu.co\/en\/5555-2\/","og_locale":"es_ES","og_type":"article","og_title":"En Neiva: Estudiantes, profesores y egresados conocen la proyecci\u00f3n de la Fisioterapia - Maria Cano - en","og_description":"Con el liderazgo de la Mar\u00eda Cano, se realiz\u00f3 capacitaci\u00f3n en Neiva a trav\u00e9s de alianza con COLFI y ASCOFI para el beneficio de la fisioterapia.","og_url":"https:\/\/www.fumc.edu.co\/en\/5555-2\/","og_site_name":"Maria Cano - en","article_published_time":"2018-10-09T16:42:14+00:00","article_modified_time":"2018-10-09T20:37:11+00:00","og_image":[{"width":840,"height":430,"url":"https:\/\/www.fumc.edu.co\/en\/wp-content\/uploads\/IMG_3226.jpg","type":"image\/jpeg"}],"twitter_card":"summary","twitter_misc":{"Escrito por":"Luis Fernando Gomez Londo\u00f1o","Tiempo de lectura":"1 minuto"},"schema":{"@context":"https:\/\/schema.org","@graph":[{"@type":"WebSite","@id":"https:\/\/www.fumc.edu.co\/en\/#website","url":"https:\/\/www.fumc.edu.co\/en\/","name":"Maria Cano - en","description":"Otro sitio realizado con WordPress","potentialAction":[{"@type":"SearchAction","target":{"@type":"EntryPoint","urlTemplate":"https:\/\/www.fumc.edu.co\/en\/?s={search_term_string}"},"query-input":"required name=search_term_string"}],"inLanguage":"es"},{"@type":"ImageObject","@id":"https:\/\/www.fumc.edu.co\/en\/5555-2\/#primaryimage","inLanguage":"es","url":"https:\/\/www.fumc.edu.co\/en\/wp-content\/uploads\/IMG_3226.jpg","contentUrl":"https:\/\/www.fumc.edu.co\/en\/wp-content\/uploads\/IMG_3226.jpg","width":840,"height":430},{"@type":"WebPage","@id":"https:\/\/www.fumc.edu.co\/en\/5555-2\/#webpage","url":"https:\/\/www.fumc.edu.co\/en\/5555-2\/","name":"En Neiva: Estudiantes, profesores y egresados conocen la proyecci\u00f3n de la Fisioterapia - Maria Cano - en","isPartOf":{"@id":"https:\/\/www.fumc.edu.co\/en\/#website"},"primaryImageOfPage":{"@id":"https:\/\/www.fumc.edu.co\/en\/5555-2\/#primaryimage"},"datePublished":"2018-10-09T16:42:14+00:00","dateModified":"2018-10-09T20:37:11+00:00","author":{"@id":"https:\/\/www.fumc.edu.co\/en\/#\/schema\/person\/50ed57da093fc879c363ff9de0a2abdb"},"description":"Con el liderazgo de la Mar\u00eda Cano, se realiz\u00f3 capacitaci\u00f3n en Neiva a trav\u00e9s de alianza con COLFI y ASCOFI para el beneficio de la fisioterapia.","breadcrumb":{"@id":"https:\/\/www.fumc.edu.co\/en\/5555-2\/#breadcrumb"},"inLanguage":"es","potentialAction":[{"@type":"ReadAction","target":["https:\/\/www.fumc.edu.co\/en\/5555-2\/"]}]},{"@type":"BreadcrumbList","@id":"https:\/\/www.fumc.edu.co\/en\/5555-2\/#breadcrumb","itemListElement":[{"@type":"ListItem","position":1,"name":"Portada","item":"https:\/\/www.fumc.edu.co\/en\/"},{"@type":"ListItem","position":2,"name":"En Neiva: Estudiantes, profesores y egresados conocen la proyecci\u00f3n de la Fisioterapia"}]},{"@type":"Person","@id":"https:\/\/www.fumc.edu.co\/en\/#\/schema\/person\/50ed57da093fc879c363ff9de0a2abdb","name":"Luis Fernando Gomez Londo\u00f1o","url":"https:\/\/www.fumc.edu.co\/en\/author\/asiscomunicaciones\/"}]}},"_links":{"self":[{"href":"https:\/\/www.fumc.edu.co\/en\/wp-json\/wp\/v2\/posts\/5555"}],"collection":[{"href":"https:\/\/www.fumc.edu.co\/en\/wp-json\/wp\/v2\/posts"}],"about":[{"href":"https:\/\/www.fumc.edu.co\/en\/wp-json\/wp\/v2\/types\/post"}],"author":[{"embeddable":true,"href":"https:\/\/www.fumc.edu.co\/en\/wp-json\/wp\/v2\/users\/5"}],"replies":[{"embeddable":true,"href":"https:\/\/www.fumc.edu.co\/en\/wp-json\/wp\/v2\/comments?post=5555"}],"version-history":[{"count":0,"href":"https:\/\/www.fumc.edu.co\/en\/wp-json\/wp\/v2\/posts\/5555\/revisions"}],"wp:featuredmedia":[{"embeddable":true,"href":"https:\/\/www.fumc.edu.co\/en\/wp-json\/wp\/v2\/media\/5562"}],"wp:attachment":[{"href":"https:\/\/www.fumc.edu.co\/en\/wp-json\/wp\/v2\/media?parent=5555"}],"wp:term":[{"taxonomy":"category","embeddable":true,"href":"https:\/\/www.fumc.edu.co\/en\/wp-json\/wp\/v2\/categories?post=5555"},{"taxonomy":"post_tag","embeddable":true,"href":"https:\/\/www.fumc.edu.co\/en\/wp-json\/wp\/v2\/tags?post=5555"}],"curies":[{"name":"wp","href":"https:\/\/api.w.org\/{rel}","templated":true}]}}