{"id":5633,"date":"2018-10-18T15:56:46","date_gmt":"2018-10-18T15:56:46","guid":{"rendered":"https:\/\/www.fumc.edu.co\/en\/?p=5633"},"modified":"2018-10-18T15:56:54","modified_gmt":"2018-10-18T15:56:54","slug":"5633-2","status":"publish","type":"post","link":"https:\/\/www.fumc.edu.co\/en\/5633-2\/","title":{"rendered":"Semilleristas de la sede Neiva en Encuentro Nacional e Internacional de RedCOLSI"},"content":{"rendered":"<p>Tres estudiantes de los semilleros de investigaci\u00f3n \u00abSenderos del conocimiento\u00bb y \u00abFimcal\u00bb representaron a la Fundaci\u00f3n Universitaria Mar\u00eda Cano con los resultados de proyectos de investigaci\u00f3n desarrollados desde su accionar de indagaci\u00f3n, b\u00fasqueda e investigaci\u00f3n, liderado por la sede Neiva, en el XXI Encuentro Nacional y XV Internacional de semilleros de investigaci\u00f3n RedCOLSI realizado en la ciudad de Pasto, capital de departamento de Nari\u00f1o. Esta participaci\u00f3n fue producto del m\u00e9rito obtenido en el XIV Encuentro Departamental de semilleros de investigaci\u00f3n realizado en el mes de mayo de la presente vigencia, organizado por el nodo Huila, en la ciudad de Neiva, los cuales fueron representados por las estudiantes Leidy Constanza Gonz\u00e1lez Montenegro, Laura Elena Castro Serrato y Mar\u00eda Paula Rojas Calder\u00f3n ; donde obtuvieron, seg\u00fan categor\u00eda de evaluaci\u00f3n, una calificaci\u00f3n de 96\/100 puntos, logrando aval nacional para su participaci\u00f3n.<\/p>\n<p>Estar presentes en este destacado evento, aporta al grupo de investigaci\u00f3n y al accionar de la Mar\u00eda Cano, en la circulaci\u00f3n especializada del conocimiento (tipolog\u00eda III apropiaci\u00f3n social del conocimiento), el fortalecimiento de la investigaci\u00f3n y as\u00ed mismo un incentivo a los estudiantes a que hagan parte de los grupos de semilleros de investigaci\u00f3n de la Instituci\u00f3n.<\/p>\n<p>#VivelaMar\u00edaCano<\/p>\n","protected":false},"excerpt":{"rendered":"<p>Tres estudiantes de los semilleros de investigaci\u00f3n \u00abSenderos del conocimiento\u00bb y \u00abFimcal\u00bb representaron a la Fundaci\u00f3n Universitaria Mar\u00eda Cano con los resultados de proyectos de investigaci\u00f3n desarrollados desde su accionar de indagaci\u00f3n, b\u00fasqueda e investigaci\u00f3n, liderado por la sede Neiva, en el XXI Encuentro Nacional y XV Internacional de semilleros de investigaci\u00f3n RedCOLSI realizado en [&hellip;]<\/p>\n","protected":false},"author":5,"featured_media":5634,"comment_status":"closed","ping_status":"open","sticky":false,"template":"","format":"standard","meta":{"footnotes":""},"categories":[55],"tags":[],"yoast_head":"<!-- This site is optimized with the Yoast SEO plugin v18.4.1 - https:\/\/yoast.com\/wordpress\/plugins\/seo\/ -->\n<title>Semilleristas de la sede Neiva en Encuentro Nacional e Internacional de RedCOLSI - Maria Cano - en<\/title>\n<meta name=\"description\" content=\"Tres semilleristas de la sede Neiva representaron a la Mar\u00eda Cano en evento nacional e internacional de investigaci\u00f3n al servicio de la comunidad.\" \/>\n<meta name=\"robots\" content=\"index, follow, max-snippet:-1, max-image-preview:large, max-video-preview:-1\" \/>\n<link rel=\"canonical\" href=\"https:\/\/www.fumc.edu.co\/en\/5633-2\/\" \/>\n<meta property=\"og:locale\" content=\"es_ES\" \/>\n<meta property=\"og:type\" content=\"article\" \/>\n<meta property=\"og:title\" content=\"Semilleristas de la sede Neiva en Encuentro Nacional e Internacional de RedCOLSI - Maria Cano - en\" \/>\n<meta property=\"og:description\" content=\"Tres semilleristas de la sede Neiva representaron a la Mar\u00eda Cano en evento nacional e internacional de investigaci\u00f3n al servicio de la comunidad.\" \/>\n<meta property=\"og:url\" content=\"https:\/\/www.fumc.edu.co\/en\/5633-2\/\" \/>\n<meta property=\"og:site_name\" content=\"Maria Cano - en\" \/>\n<meta property=\"article:published_time\" content=\"2018-10-18T15:56:46+00:00\" \/>\n<meta property=\"article:modified_time\" content=\"2018-10-18T15:56:54+00:00\" \/>\n<meta property=\"og:image\" content=\"https:\/\/www.fumc.edu.co\/en\/wp-content\/uploads\/Foto-Pasto.jpeg\" \/>\n\t<meta property=\"og:image:width\" content=\"763\" \/>\n\t<meta property=\"og:image:height\" content=\"430\" \/>\n\t<meta property=\"og:image:type\" content=\"image\/jpeg\" \/>\n<meta name=\"twitter:card\" content=\"summary\" \/>\n<meta name=\"twitter:label1\" content=\"Escrito por\" \/>\n\t<meta name=\"twitter:data1\" content=\"Luis Fernando Gomez Londo\u00f1o\" \/>\n\t<meta name=\"twitter:label2\" content=\"Tiempo de lectura\" \/>\n\t<meta name=\"twitter:data2\" content=\"1 minuto\" \/>\n<script type=\"application\/ld+json\" class=\"yoast-schema-graph\">{\"@context\":\"https:\/\/schema.org\",\"@graph\":[{\"@type\":\"WebSite\",\"@id\":\"https:\/\/www.fumc.edu.co\/en\/#website\",\"url\":\"https:\/\/www.fumc.edu.co\/en\/\",\"name\":\"Maria Cano - en\",\"description\":\"Otro sitio realizado con WordPress\",\"potentialAction\":[{\"@type\":\"SearchAction\",\"target\":{\"@type\":\"EntryPoint\",\"urlTemplate\":\"https:\/\/www.fumc.edu.co\/en\/?s={search_term_string}\"},\"query-input\":\"required name=search_term_string\"}],\"inLanguage\":\"es\"},{\"@type\":\"ImageObject\",\"@id\":\"https:\/\/www.fumc.edu.co\/en\/5633-2\/#primaryimage\",\"inLanguage\":\"es\",\"url\":\"https:\/\/www.fumc.edu.co\/en\/wp-content\/uploads\/Foto-Pasto.jpeg\",\"contentUrl\":\"https:\/\/www.fumc.edu.co\/en\/wp-content\/uploads\/Foto-Pasto.jpeg\",\"width\":763,\"height\":430},{\"@type\":\"WebPage\",\"@id\":\"https:\/\/www.fumc.edu.co\/en\/5633-2\/#webpage\",\"url\":\"https:\/\/www.fumc.edu.co\/en\/5633-2\/\",\"name\":\"Semilleristas de la sede Neiva en Encuentro Nacional e Internacional de RedCOLSI - Maria Cano - en\",\"isPartOf\":{\"@id\":\"https:\/\/www.fumc.edu.co\/en\/#website\"},\"primaryImageOfPage\":{\"@id\":\"https:\/\/www.fumc.edu.co\/en\/5633-2\/#primaryimage\"},\"datePublished\":\"2018-10-18T15:56:46+00:00\",\"dateModified\":\"2018-10-18T15:56:54+00:00\",\"author\":{\"@id\":\"https:\/\/www.fumc.edu.co\/en\/#\/schema\/person\/50ed57da093fc879c363ff9de0a2abdb\"},\"description\":\"Tres semilleristas de la sede Neiva representaron a la Mar\u00eda Cano en evento nacional e internacional de investigaci\u00f3n al servicio de la comunidad.\",\"breadcrumb\":{\"@id\":\"https:\/\/www.fumc.edu.co\/en\/5633-2\/#breadcrumb\"},\"inLanguage\":\"es\",\"potentialAction\":[{\"@type\":\"ReadAction\",\"target\":[\"https:\/\/www.fumc.edu.co\/en\/5633-2\/\"]}]},{\"@type\":\"BreadcrumbList\",\"@id\":\"https:\/\/www.fumc.edu.co\/en\/5633-2\/#breadcrumb\",\"itemListElement\":[{\"@type\":\"ListItem\",\"position\":1,\"name\":\"Portada\",\"item\":\"https:\/\/www.fumc.edu.co\/en\/\"},{\"@type\":\"ListItem\",\"position\":2,\"name\":\"Semilleristas de la sede Neiva en Encuentro Nacional e Internacional de RedCOLSI\"}]},{\"@type\":\"Person\",\"@id\":\"https:\/\/www.fumc.edu.co\/en\/#\/schema\/person\/50ed57da093fc879c363ff9de0a2abdb\",\"name\":\"Luis Fernando Gomez Londo\u00f1o\",\"url\":\"https:\/\/www.fumc.edu.co\/en\/author\/asiscomunicaciones\/\"}]}<\/script>\n<!-- \/ Yoast SEO plugin. -->","yoast_head_json":{"title":"Semilleristas de la sede Neiva en Encuentro Nacional e Internacional de RedCOLSI - Maria Cano - en","description":"Tres semilleristas de la sede Neiva representaron a la Mar\u00eda Cano en evento nacional e internacional de investigaci\u00f3n al servicio de la comunidad.","robots":{"index":"index","follow":"follow","max-snippet":"max-snippet:-1","max-image-preview":"max-image-preview:large","max-video-preview":"max-video-preview:-1"},"canonical":"https:\/\/www.fumc.edu.co\/en\/5633-2\/","og_locale":"es_ES","og_type":"article","og_title":"Semilleristas de la sede Neiva en Encuentro Nacional e Internacional de RedCOLSI - Maria Cano - en","og_description":"Tres semilleristas de la sede Neiva representaron a la Mar\u00eda Cano en evento nacional e internacional de investigaci\u00f3n al servicio de la comunidad.","og_url":"https:\/\/www.fumc.edu.co\/en\/5633-2\/","og_site_name":"Maria Cano - en","article_published_time":"2018-10-18T15:56:46+00:00","article_modified_time":"2018-10-18T15:56:54+00:00","og_image":[{"width":763,"height":430,"url":"https:\/\/www.fumc.edu.co\/en\/wp-content\/uploads\/Foto-Pasto.jpeg","type":"image\/jpeg"}],"twitter_card":"summary","twitter_misc":{"Escrito por":"Luis Fernando Gomez Londo\u00f1o","Tiempo de lectura":"1 minuto"},"schema":{"@context":"https:\/\/schema.org","@graph":[{"@type":"WebSite","@id":"https:\/\/www.fumc.edu.co\/en\/#website","url":"https:\/\/www.fumc.edu.co\/en\/","name":"Maria Cano - en","description":"Otro sitio realizado con WordPress","potentialAction":[{"@type":"SearchAction","target":{"@type":"EntryPoint","urlTemplate":"https:\/\/www.fumc.edu.co\/en\/?s={search_term_string}"},"query-input":"required name=search_term_string"}],"inLanguage":"es"},{"@type":"ImageObject","@id":"https:\/\/www.fumc.edu.co\/en\/5633-2\/#primaryimage","inLanguage":"es","url":"https:\/\/www.fumc.edu.co\/en\/wp-content\/uploads\/Foto-Pasto.jpeg","contentUrl":"https:\/\/www.fumc.edu.co\/en\/wp-content\/uploads\/Foto-Pasto.jpeg","width":763,"height":430},{"@type":"WebPage","@id":"https:\/\/www.fumc.edu.co\/en\/5633-2\/#webpage","url":"https:\/\/www.fumc.edu.co\/en\/5633-2\/","name":"Semilleristas de la sede Neiva en Encuentro Nacional e Internacional de RedCOLSI - Maria Cano - en","isPartOf":{"@id":"https:\/\/www.fumc.edu.co\/en\/#website"},"primaryImageOfPage":{"@id":"https:\/\/www.fumc.edu.co\/en\/5633-2\/#primaryimage"},"datePublished":"2018-10-18T15:56:46+00:00","dateModified":"2018-10-18T15:56:54+00:00","author":{"@id":"https:\/\/www.fumc.edu.co\/en\/#\/schema\/person\/50ed57da093fc879c363ff9de0a2abdb"},"description":"Tres semilleristas de la sede Neiva representaron a la Mar\u00eda Cano en evento nacional e internacional de investigaci\u00f3n al servicio de la comunidad.","breadcrumb":{"@id":"https:\/\/www.fumc.edu.co\/en\/5633-2\/#breadcrumb"},"inLanguage":"es","potentialAction":[{"@type":"ReadAction","target":["https:\/\/www.fumc.edu.co\/en\/5633-2\/"]}]},{"@type":"BreadcrumbList","@id":"https:\/\/www.fumc.edu.co\/en\/5633-2\/#breadcrumb","itemListElement":[{"@type":"ListItem","position":1,"name":"Portada","item":"https:\/\/www.fumc.edu.co\/en\/"},{"@type":"ListItem","position":2,"name":"Semilleristas de la sede Neiva en Encuentro Nacional e Internacional de RedCOLSI"}]},{"@type":"Person","@id":"https:\/\/www.fumc.edu.co\/en\/#\/schema\/person\/50ed57da093fc879c363ff9de0a2abdb","name":"Luis Fernando Gomez Londo\u00f1o","url":"https:\/\/www.fumc.edu.co\/en\/author\/asiscomunicaciones\/"}]}},"_links":{"self":[{"href":"https:\/\/www.fumc.edu.co\/en\/wp-json\/wp\/v2\/posts\/5633"}],"collection":[{"href":"https:\/\/www.fumc.edu.co\/en\/wp-json\/wp\/v2\/posts"}],"about":[{"href":"https:\/\/www.fumc.edu.co\/en\/wp-json\/wp\/v2\/types\/post"}],"author":[{"embeddable":true,"href":"https:\/\/www.fumc.edu.co\/en\/wp-json\/wp\/v2\/users\/5"}],"replies":[{"embeddable":true,"href":"https:\/\/www.fumc.edu.co\/en\/wp-json\/wp\/v2\/comments?post=5633"}],"version-history":[{"count":0,"href":"https:\/\/www.fumc.edu.co\/en\/wp-json\/wp\/v2\/posts\/5633\/revisions"}],"wp:featuredmedia":[{"embeddable":true,"href":"https:\/\/www.fumc.edu.co\/en\/wp-json\/wp\/v2\/media\/5634"}],"wp:attachment":[{"href":"https:\/\/www.fumc.edu.co\/en\/wp-json\/wp\/v2\/media?parent=5633"}],"wp:term":[{"taxonomy":"category","embeddable":true,"href":"https:\/\/www.fumc.edu.co\/en\/wp-json\/wp\/v2\/categories?post=5633"},{"taxonomy":"post_tag","embeddable":true,"href":"https:\/\/www.fumc.edu.co\/en\/wp-json\/wp\/v2\/tags?post=5633"}],"curies":[{"name":"wp","href":"https:\/\/api.w.org\/{rel}","templated":true}]}}