{"id":5639,"date":"2018-10-18T19:07:58","date_gmt":"2018-10-18T19:07:58","guid":{"rendered":"https:\/\/www.fumc.edu.co\/en\/?p=5639"},"modified":"2018-10-18T19:16:39","modified_gmt":"2018-10-18T19:16:39","slug":"somos-miembros-observadores-del-consejo-latinoamericano-escuelas-administracion-cladea","status":"publish","type":"post","link":"https:\/\/www.fumc.edu.co\/en\/somos-miembros-observadores-del-consejo-latinoamericano-escuelas-administracion-cladea\/","title":{"rendered":"Somos miembros observadores del Consejo Latinoamericano de Escuelas de Administraci\u00f3n &#8211; CLADEA"},"content":{"rendered":"<p>Una excelente noticia para la Fundaci\u00f3n Universitaria Mar\u00eda Cano y la Facultad de Ciencias Empresariales, es el ingreso al Consejo Latinoamericano de Escuelas de Administraci\u00f3n, en calidad de Miembros Observadores. CLADEA\u00a0es una red internacional que re\u00fane a instituciones de educaci\u00f3n superior y organizaciones dedicadas a la ense\u00f1anza e investigaci\u00f3n en el campo de la administraci\u00f3n, que trabaja bajo cuatro pilares fundamentales: apoyar en la gesti\u00f3n acad\u00e9mica y administrativa, generar espacios de intercambio de conocimientos, impulsar y divulgar las investigaciones te\u00f3ricas y aplicadas y promover acuerdos de movilidad.<\/p>\n<p>Con el ingreso de la Mar\u00eda Cano, CLADEA contar\u00e1 con con 242 instituciones afiliadas, pertenecientes a 32 pa\u00edses de Am\u00e9rica, Europa y Ocean\u00eda, de naturaleza tanto privada como p\u00fablica y quedar\u00e1 compuesto por 140 miembros Titulares, 66\u00a0miembros asociados, 21 observadores y 15 miembros Institucionales.<\/p>\n<p>CLADEA desarrolla actividades de cooperaci\u00f3n entre directores y acad\u00e9micos de diferentes pa\u00edses y mantiene v\u00ednculos con las principales instituciones acad\u00e9micas del mundo. Ofrece una membres\u00eda que garantiza una certificaci\u00f3n de calidad acad\u00e9mica para las escuelas de negocios y de ciencias administrativas; tiene 53 a\u00f1os de acci\u00f3n, siendo una de las redes acad\u00e9micas m\u00e1s importantes a nivel mundial, lo que representar\u00e1 grandes beneficios para estudiantes, profesores y egresados, entre ellos:<\/p>\n<ul>\n<li>Promover un alto nivel y ampliar el \u00e1mbito de ense\u00f1anza de las ciencias y las t\u00e9cnicas de Administraci\u00f3n entre sus propios miembros.<\/li>\n<li>Asistir a otras instituciones educativas en sus programas de ense\u00f1anza de las ciencias y las t\u00e9cnicas de la Administraci\u00f3n.<\/li>\n<li>Coordinar esfuerzos a fin de promover la investigaci\u00f3n en Administraci\u00f3n en cada pa\u00eds e instituci\u00f3n miembro, en particular, como en el \u00e1mbito de CLADEA y de la sociedad latinoamericana, en general.<\/li>\n<li>Procurar por la difusi\u00f3n de los conocimientos y las t\u00e9cnicas de la Administraci\u00f3n entre las personas vinculadas a las organizaciones sociales y econ\u00f3micas de Am\u00e9rica Latina.<\/li>\n<\/ul>\n<p>Este trabajo con CLADEA beneficiar\u00e1 directamente a los programas de Administraci\u00f3n de Empresas, Contadur\u00eda P\u00fablica, Especializaci\u00f3n en Alta Gerencia y la Especializaci\u00f3n en Gerencia de Mercadeo Relacional.<\/p>\n<p>#VivelaMar\u00edaCano<\/p>\n","protected":false},"excerpt":{"rendered":"<p>Una excelente noticia para la Fundaci\u00f3n Universitaria Mar\u00eda Cano y la Facultad de Ciencias Empresariales, es el ingreso al Consejo Latinoamericano de Escuelas de Administraci\u00f3n, en calidad de Miembros Observadores. CLADEA\u00a0es una red internacional que re\u00fane a instituciones de educaci\u00f3n superior y organizaciones dedicadas a la ense\u00f1anza e investigaci\u00f3n en el campo de la administraci\u00f3n, [&hellip;]<\/p>\n","protected":false},"author":5,"featured_media":5642,"comment_status":"closed","ping_status":"open","sticky":false,"template":"","format":"standard","meta":{"footnotes":""},"categories":[54,53,55,56],"tags":[],"yoast_head":"<!-- This site is optimized with the Yoast SEO plugin v18.4.1 - https:\/\/yoast.com\/wordpress\/plugins\/seo\/ -->\n<title>Somos miembros observadores del Consejo Latinoamericano de Escuelas de Administraci\u00f3n - CLADEA - Maria Cano - en<\/title>\n<meta name=\"description\" content=\"Desde ahora la Mar\u00eda Cano forma parte del Consejo Latinoamericano de Escuelas de Administraci\u00f3n - CLADEA, con sus programas empresariales.\" \/>\n<meta name=\"robots\" content=\"index, follow, max-snippet:-1, max-image-preview:large, max-video-preview:-1\" \/>\n<link rel=\"canonical\" href=\"https:\/\/www.fumc.edu.co\/en\/somos-miembros-observadores-del-consejo-latinoamericano-escuelas-administracion-cladea\/\" \/>\n<meta property=\"og:locale\" content=\"es_ES\" \/>\n<meta property=\"og:type\" content=\"article\" \/>\n<meta property=\"og:title\" content=\"Somos miembros observadores del Consejo Latinoamericano de Escuelas de Administraci\u00f3n - CLADEA - Maria Cano - en\" \/>\n<meta property=\"og:description\" content=\"Desde ahora la Mar\u00eda Cano forma parte del Consejo Latinoamericano de Escuelas de Administraci\u00f3n - CLADEA, con sus programas empresariales.\" \/>\n<meta property=\"og:url\" content=\"https:\/\/www.fumc.edu.co\/en\/somos-miembros-observadores-del-consejo-latinoamericano-escuelas-administracion-cladea\/\" \/>\n<meta property=\"og:site_name\" content=\"Maria Cano - en\" \/>\n<meta property=\"article:published_time\" content=\"2018-10-18T19:07:58+00:00\" \/>\n<meta property=\"article:modified_time\" content=\"2018-10-18T19:16:39+00:00\" \/>\n<meta property=\"og:image\" content=\"https:\/\/www.fumc.edu.co\/en\/wp-content\/uploads\/logo_CLADEA_4.png\" \/>\n\t<meta property=\"og:image:width\" content=\"840\" \/>\n\t<meta property=\"og:image:height\" content=\"447\" \/>\n\t<meta property=\"og:image:type\" content=\"image\/png\" \/>\n<meta name=\"twitter:card\" content=\"summary\" \/>\n<meta name=\"twitter:label1\" content=\"Escrito por\" \/>\n\t<meta name=\"twitter:data1\" content=\"Luis Fernando Gomez Londo\u00f1o\" \/>\n\t<meta name=\"twitter:label2\" content=\"Tiempo de lectura\" \/>\n\t<meta name=\"twitter:data2\" content=\"2 minutos\" \/>\n<script type=\"application\/ld+json\" class=\"yoast-schema-graph\">{\"@context\":\"https:\/\/schema.org\",\"@graph\":[{\"@type\":\"WebSite\",\"@id\":\"https:\/\/www.fumc.edu.co\/en\/#website\",\"url\":\"https:\/\/www.fumc.edu.co\/en\/\",\"name\":\"Maria Cano - en\",\"description\":\"Otro sitio realizado con WordPress\",\"potentialAction\":[{\"@type\":\"SearchAction\",\"target\":{\"@type\":\"EntryPoint\",\"urlTemplate\":\"https:\/\/www.fumc.edu.co\/en\/?s={search_term_string}\"},\"query-input\":\"required name=search_term_string\"}],\"inLanguage\":\"es\"},{\"@type\":\"ImageObject\",\"@id\":\"https:\/\/www.fumc.edu.co\/en\/somos-miembros-observadores-del-consejo-latinoamericano-escuelas-administracion-cladea\/#primaryimage\",\"inLanguage\":\"es\",\"url\":\"https:\/\/www.fumc.edu.co\/en\/wp-content\/uploads\/logo_CLADEA_4.png\",\"contentUrl\":\"https:\/\/www.fumc.edu.co\/en\/wp-content\/uploads\/logo_CLADEA_4.png\",\"width\":840,\"height\":447},{\"@type\":\"WebPage\",\"@id\":\"https:\/\/www.fumc.edu.co\/en\/somos-miembros-observadores-del-consejo-latinoamericano-escuelas-administracion-cladea\/#webpage\",\"url\":\"https:\/\/www.fumc.edu.co\/en\/somos-miembros-observadores-del-consejo-latinoamericano-escuelas-administracion-cladea\/\",\"name\":\"Somos miembros observadores del Consejo Latinoamericano de Escuelas de Administraci\u00f3n - CLADEA - Maria Cano - en\",\"isPartOf\":{\"@id\":\"https:\/\/www.fumc.edu.co\/en\/#website\"},\"primaryImageOfPage\":{\"@id\":\"https:\/\/www.fumc.edu.co\/en\/somos-miembros-observadores-del-consejo-latinoamericano-escuelas-administracion-cladea\/#primaryimage\"},\"datePublished\":\"2018-10-18T19:07:58+00:00\",\"dateModified\":\"2018-10-18T19:16:39+00:00\",\"author\":{\"@id\":\"https:\/\/www.fumc.edu.co\/en\/#\/schema\/person\/50ed57da093fc879c363ff9de0a2abdb\"},\"description\":\"Desde ahora la Mar\u00eda Cano forma parte del Consejo Latinoamericano de Escuelas de Administraci\u00f3n - CLADEA, con sus programas empresariales.\",\"breadcrumb\":{\"@id\":\"https:\/\/www.fumc.edu.co\/en\/somos-miembros-observadores-del-consejo-latinoamericano-escuelas-administracion-cladea\/#breadcrumb\"},\"inLanguage\":\"es\",\"potentialAction\":[{\"@type\":\"ReadAction\",\"target\":[\"https:\/\/www.fumc.edu.co\/en\/somos-miembros-observadores-del-consejo-latinoamericano-escuelas-administracion-cladea\/\"]}]},{\"@type\":\"BreadcrumbList\",\"@id\":\"https:\/\/www.fumc.edu.co\/en\/somos-miembros-observadores-del-consejo-latinoamericano-escuelas-administracion-cladea\/#breadcrumb\",\"itemListElement\":[{\"@type\":\"ListItem\",\"position\":1,\"name\":\"Portada\",\"item\":\"https:\/\/www.fumc.edu.co\/en\/\"},{\"@type\":\"ListItem\",\"position\":2,\"name\":\"Somos miembros observadores del Consejo Latinoamericano de Escuelas de Administraci\u00f3n &#8211; CLADEA\"}]},{\"@type\":\"Person\",\"@id\":\"https:\/\/www.fumc.edu.co\/en\/#\/schema\/person\/50ed57da093fc879c363ff9de0a2abdb\",\"name\":\"Luis Fernando Gomez Londo\u00f1o\",\"url\":\"https:\/\/www.fumc.edu.co\/en\/author\/asiscomunicaciones\/\"}]}<\/script>\n<!-- \/ Yoast SEO plugin. -->","yoast_head_json":{"title":"Somos miembros observadores del Consejo Latinoamericano de Escuelas de Administraci\u00f3n - CLADEA - Maria Cano - en","description":"Desde ahora la Mar\u00eda Cano forma parte del Consejo Latinoamericano de Escuelas de Administraci\u00f3n - CLADEA, con sus programas empresariales.","robots":{"index":"index","follow":"follow","max-snippet":"max-snippet:-1","max-image-preview":"max-image-preview:large","max-video-preview":"max-video-preview:-1"},"canonical":"https:\/\/www.fumc.edu.co\/en\/somos-miembros-observadores-del-consejo-latinoamericano-escuelas-administracion-cladea\/","og_locale":"es_ES","og_type":"article","og_title":"Somos miembros observadores del Consejo Latinoamericano de Escuelas de Administraci\u00f3n - CLADEA - Maria Cano - en","og_description":"Desde ahora la Mar\u00eda Cano forma parte del Consejo Latinoamericano de Escuelas de Administraci\u00f3n - CLADEA, con sus programas empresariales.","og_url":"https:\/\/www.fumc.edu.co\/en\/somos-miembros-observadores-del-consejo-latinoamericano-escuelas-administracion-cladea\/","og_site_name":"Maria Cano - en","article_published_time":"2018-10-18T19:07:58+00:00","article_modified_time":"2018-10-18T19:16:39+00:00","og_image":[{"width":840,"height":447,"url":"https:\/\/www.fumc.edu.co\/en\/wp-content\/uploads\/logo_CLADEA_4.png","type":"image\/png"}],"twitter_card":"summary","twitter_misc":{"Escrito por":"Luis Fernando Gomez Londo\u00f1o","Tiempo de lectura":"2 minutos"},"schema":{"@context":"https:\/\/schema.org","@graph":[{"@type":"WebSite","@id":"https:\/\/www.fumc.edu.co\/en\/#website","url":"https:\/\/www.fumc.edu.co\/en\/","name":"Maria Cano - en","description":"Otro sitio realizado con WordPress","potentialAction":[{"@type":"SearchAction","target":{"@type":"EntryPoint","urlTemplate":"https:\/\/www.fumc.edu.co\/en\/?s={search_term_string}"},"query-input":"required name=search_term_string"}],"inLanguage":"es"},{"@type":"ImageObject","@id":"https:\/\/www.fumc.edu.co\/en\/somos-miembros-observadores-del-consejo-latinoamericano-escuelas-administracion-cladea\/#primaryimage","inLanguage":"es","url":"https:\/\/www.fumc.edu.co\/en\/wp-content\/uploads\/logo_CLADEA_4.png","contentUrl":"https:\/\/www.fumc.edu.co\/en\/wp-content\/uploads\/logo_CLADEA_4.png","width":840,"height":447},{"@type":"WebPage","@id":"https:\/\/www.fumc.edu.co\/en\/somos-miembros-observadores-del-consejo-latinoamericano-escuelas-administracion-cladea\/#webpage","url":"https:\/\/www.fumc.edu.co\/en\/somos-miembros-observadores-del-consejo-latinoamericano-escuelas-administracion-cladea\/","name":"Somos miembros observadores del Consejo Latinoamericano de Escuelas de Administraci\u00f3n - CLADEA - Maria Cano - en","isPartOf":{"@id":"https:\/\/www.fumc.edu.co\/en\/#website"},"primaryImageOfPage":{"@id":"https:\/\/www.fumc.edu.co\/en\/somos-miembros-observadores-del-consejo-latinoamericano-escuelas-administracion-cladea\/#primaryimage"},"datePublished":"2018-10-18T19:07:58+00:00","dateModified":"2018-10-18T19:16:39+00:00","author":{"@id":"https:\/\/www.fumc.edu.co\/en\/#\/schema\/person\/50ed57da093fc879c363ff9de0a2abdb"},"description":"Desde ahora la Mar\u00eda Cano forma parte del Consejo Latinoamericano de Escuelas de Administraci\u00f3n - CLADEA, con sus programas empresariales.","breadcrumb":{"@id":"https:\/\/www.fumc.edu.co\/en\/somos-miembros-observadores-del-consejo-latinoamericano-escuelas-administracion-cladea\/#breadcrumb"},"inLanguage":"es","potentialAction":[{"@type":"ReadAction","target":["https:\/\/www.fumc.edu.co\/en\/somos-miembros-observadores-del-consejo-latinoamericano-escuelas-administracion-cladea\/"]}]},{"@type":"BreadcrumbList","@id":"https:\/\/www.fumc.edu.co\/en\/somos-miembros-observadores-del-consejo-latinoamericano-escuelas-administracion-cladea\/#breadcrumb","itemListElement":[{"@type":"ListItem","position":1,"name":"Portada","item":"https:\/\/www.fumc.edu.co\/en\/"},{"@type":"ListItem","position":2,"name":"Somos miembros observadores del Consejo Latinoamericano de Escuelas de Administraci\u00f3n &#8211; CLADEA"}]},{"@type":"Person","@id":"https:\/\/www.fumc.edu.co\/en\/#\/schema\/person\/50ed57da093fc879c363ff9de0a2abdb","name":"Luis Fernando Gomez Londo\u00f1o","url":"https:\/\/www.fumc.edu.co\/en\/author\/asiscomunicaciones\/"}]}},"_links":{"self":[{"href":"https:\/\/www.fumc.edu.co\/en\/wp-json\/wp\/v2\/posts\/5639"}],"collection":[{"href":"https:\/\/www.fumc.edu.co\/en\/wp-json\/wp\/v2\/posts"}],"about":[{"href":"https:\/\/www.fumc.edu.co\/en\/wp-json\/wp\/v2\/types\/post"}],"author":[{"embeddable":true,"href":"https:\/\/www.fumc.edu.co\/en\/wp-json\/wp\/v2\/users\/5"}],"replies":[{"embeddable":true,"href":"https:\/\/www.fumc.edu.co\/en\/wp-json\/wp\/v2\/comments?post=5639"}],"version-history":[{"count":0,"href":"https:\/\/www.fumc.edu.co\/en\/wp-json\/wp\/v2\/posts\/5639\/revisions"}],"wp:featuredmedia":[{"embeddable":true,"href":"https:\/\/www.fumc.edu.co\/en\/wp-json\/wp\/v2\/media\/5642"}],"wp:attachment":[{"href":"https:\/\/www.fumc.edu.co\/en\/wp-json\/wp\/v2\/media?parent=5639"}],"wp:term":[{"taxonomy":"category","embeddable":true,"href":"https:\/\/www.fumc.edu.co\/en\/wp-json\/wp\/v2\/categories?post=5639"},{"taxonomy":"post_tag","embeddable":true,"href":"https:\/\/www.fumc.edu.co\/en\/wp-json\/wp\/v2\/tags?post=5639"}],"curies":[{"name":"wp","href":"https:\/\/api.w.org\/{rel}","templated":true}]}}