{"id":5660,"date":"2018-10-22T13:32:10","date_gmt":"2018-10-22T13:32:10","guid":{"rendered":"https:\/\/www.fumc.edu.co\/en\/?p=5660"},"modified":"2018-10-22T13:32:10","modified_gmt":"2018-10-22T13:32:10","slug":"5660-2","status":"publish","type":"post","link":"https:\/\/www.fumc.edu.co\/en\/5660-2\/","title":{"rendered":"La Mar\u00eda Cano presente en la Universidad Gerardo Barrios de El Salvador"},"content":{"rendered":"<p>Fruto del convenio de cooperaci\u00f3n firmado entre la Universidad Gerardo Barrios \u2013 UGB de El Salvador y la Fundaci\u00f3n Universitaria Mar\u00eda Cano, el Vicerrector de Extensi\u00f3n y Proyecci\u00f3n Social fue invitado para presentar al Rector de la Instituci\u00f3n, Ra\u00fal Rivas Quintanilla, y a su equipo directivo, la conferencia \u201cRetos y estrategias de la Educaci\u00f3n Continua como elemento fundamental del desarrollo, en las Instituciones de Educaci\u00f3n Superior\u201d.\u00a0Durante su estancia en la ciudad de San Miguel, el Vicerrector tambi\u00e9n acompa\u00f1\u00f3 a los estudiantes de la Maestr\u00eda en Direcci\u00f3n Estrat\u00e9gica de Empresas con un curso de Habilidades Gerenciales; en donde comparti\u00f3 su conocimiento sobre el liderazgo en las organizaciones y la proyecci\u00f3n de las Instituciones de Educaci\u00f3n Superior para el servicio a la comunidad.<\/p>\n<p>La Universidad Gerardo Barrios es reconocida en centroam\u00e9rica por su liderazgo en la gesti\u00f3n del conocimiento, por su contribuci\u00f3n con el desarrollo cient\u00edfico, econ\u00f3mico y social de El Salvador. Adem\u00e1s de estar enfocada en satisfacer las necesidades de estudiantes, comunidades, profesionales y empresas, mediante la docencia, investigaci\u00f3n y proyecci\u00f3n social. Tiene como valores fundamentales, trabajar enmarcada en par\u00e1metros de confianza, respeto, innovaci\u00f3n e integridad.<\/p>\n<p>Tiene como principales objetivos en la formaci\u00f3n profesional:<\/p>\n<ul>\n<li>Formar profesionales competentes con fuerte vocaci\u00f3n de servicio y s\u00f3lidos principios morales.<\/li>\n<li>Promover la investigaci\u00f3n en todas sus formas.<\/li>\n<li>Prestar un servicio social a la comunidad, y cooperar en la conservaci\u00f3n, difusi\u00f3n y enriquecimiento del legado cultural en su dimensi\u00f3n nacional y universal<\/li>\n<\/ul>\n<p>#VivelaMar\u00edaCano<\/p>\n<p style=\"text-align: center;\"><img decoding=\"async\" loading=\"lazy\" class=\"alignnone  wp-image-5661\" src=\"https:\/\/www.fumc.edu.co\/en\/wp-content\/uploads\/UGB-Rector.jpeg\" alt=\"\" width=\"559\" height=\"685\" srcset=\"https:\/\/www.fumc.edu.co\/en\/wp-content\/uploads\/UGB-Rector.jpeg 855w, https:\/\/www.fumc.edu.co\/en\/wp-content\/uploads\/UGB-Rector-768x940.jpeg 768w\" sizes=\"(max-width: 559px) 100vw, 559px\" \/><\/p>\n","protected":false},"excerpt":{"rendered":"<p>Fruto del convenio de cooperaci\u00f3n firmado entre la Universidad Gerardo Barrios \u2013 UGB de El Salvador y la Fundaci\u00f3n Universitaria Mar\u00eda Cano, el Vicerrector de Extensi\u00f3n y Proyecci\u00f3n Social fue invitado para presentar al Rector de la Instituci\u00f3n, Ra\u00fal Rivas Quintanilla, y a su equipo directivo, la conferencia \u201cRetos y estrategias de la Educaci\u00f3n Continua [&hellip;]<\/p>\n","protected":false},"author":5,"featured_media":5662,"comment_status":"closed","ping_status":"open","sticky":false,"template":"","format":"standard","meta":{"footnotes":""},"categories":[54,53,55,56],"tags":[],"yoast_head":"<!-- This site is optimized with the Yoast SEO plugin v18.4.1 - https:\/\/yoast.com\/wordpress\/plugins\/seo\/ -->\n<title>La Mar\u00eda Cano presente en la Universidad Gerardo Barrios de El Salvador - Maria Cano - en<\/title>\n<meta name=\"description\" content=\"El Vicerrector de Extensi\u00f3n y Proyecci\u00f3n Social, Carlos Julio Escobar Nore\u00f1a, represent\u00f3 a la Mar\u00eda Cano en visita acad\u00e9mica en centroam\u00e9rica.\" \/>\n<meta name=\"robots\" content=\"index, follow, max-snippet:-1, max-image-preview:large, max-video-preview:-1\" \/>\n<link rel=\"canonical\" href=\"https:\/\/www.fumc.edu.co\/en\/5660-2\/\" \/>\n<meta property=\"og:locale\" content=\"es_ES\" \/>\n<meta property=\"og:type\" content=\"article\" \/>\n<meta property=\"og:title\" content=\"La Mar\u00eda Cano presente en la Universidad Gerardo Barrios de El Salvador - Maria Cano - en\" \/>\n<meta property=\"og:description\" content=\"El Vicerrector de Extensi\u00f3n y Proyecci\u00f3n Social, Carlos Julio Escobar Nore\u00f1a, represent\u00f3 a la Mar\u00eda Cano en visita acad\u00e9mica en centroam\u00e9rica.\" \/>\n<meta property=\"og:url\" content=\"https:\/\/www.fumc.edu.co\/en\/5660-2\/\" \/>\n<meta property=\"og:site_name\" content=\"Maria Cano - en\" \/>\n<meta property=\"article:published_time\" content=\"2018-10-22T13:32:10+00:00\" \/>\n<meta property=\"og:image\" content=\"https:\/\/www.fumc.edu.co\/en\/wp-content\/uploads\/UGB-Conferencia.jpeg\" \/>\n\t<meta property=\"og:image:width\" content=\"840\" \/>\n\t<meta property=\"og:image:height\" content=\"430\" \/>\n\t<meta property=\"og:image:type\" content=\"image\/jpeg\" \/>\n<meta name=\"twitter:card\" content=\"summary\" \/>\n<meta name=\"twitter:label1\" content=\"Escrito por\" \/>\n\t<meta name=\"twitter:data1\" content=\"Luis Fernando Gomez Londo\u00f1o\" \/>\n\t<meta name=\"twitter:label2\" content=\"Tiempo de lectura\" \/>\n\t<meta name=\"twitter:data2\" content=\"1 minuto\" \/>\n<script type=\"application\/ld+json\" class=\"yoast-schema-graph\">{\"@context\":\"https:\/\/schema.org\",\"@graph\":[{\"@type\":\"WebSite\",\"@id\":\"https:\/\/www.fumc.edu.co\/en\/#website\",\"url\":\"https:\/\/www.fumc.edu.co\/en\/\",\"name\":\"Maria Cano - en\",\"description\":\"Otro sitio realizado con WordPress\",\"potentialAction\":[{\"@type\":\"SearchAction\",\"target\":{\"@type\":\"EntryPoint\",\"urlTemplate\":\"https:\/\/www.fumc.edu.co\/en\/?s={search_term_string}\"},\"query-input\":\"required name=search_term_string\"}],\"inLanguage\":\"es\"},{\"@type\":\"ImageObject\",\"@id\":\"https:\/\/www.fumc.edu.co\/en\/5660-2\/#primaryimage\",\"inLanguage\":\"es\",\"url\":\"https:\/\/www.fumc.edu.co\/en\/wp-content\/uploads\/UGB-Conferencia.jpeg\",\"contentUrl\":\"https:\/\/www.fumc.edu.co\/en\/wp-content\/uploads\/UGB-Conferencia.jpeg\",\"width\":840,\"height\":430},{\"@type\":\"WebPage\",\"@id\":\"https:\/\/www.fumc.edu.co\/en\/5660-2\/#webpage\",\"url\":\"https:\/\/www.fumc.edu.co\/en\/5660-2\/\",\"name\":\"La Mar\u00eda Cano presente en la Universidad Gerardo Barrios de El Salvador - Maria Cano - en\",\"isPartOf\":{\"@id\":\"https:\/\/www.fumc.edu.co\/en\/#website\"},\"primaryImageOfPage\":{\"@id\":\"https:\/\/www.fumc.edu.co\/en\/5660-2\/#primaryimage\"},\"datePublished\":\"2018-10-22T13:32:10+00:00\",\"dateModified\":\"2018-10-22T13:32:10+00:00\",\"author\":{\"@id\":\"https:\/\/www.fumc.edu.co\/en\/#\/schema\/person\/50ed57da093fc879c363ff9de0a2abdb\"},\"description\":\"El Vicerrector de Extensi\u00f3n y Proyecci\u00f3n Social, Carlos Julio Escobar Nore\u00f1a, represent\u00f3 a la Mar\u00eda Cano en visita acad\u00e9mica en centroam\u00e9rica.\",\"breadcrumb\":{\"@id\":\"https:\/\/www.fumc.edu.co\/en\/5660-2\/#breadcrumb\"},\"inLanguage\":\"es\",\"potentialAction\":[{\"@type\":\"ReadAction\",\"target\":[\"https:\/\/www.fumc.edu.co\/en\/5660-2\/\"]}]},{\"@type\":\"BreadcrumbList\",\"@id\":\"https:\/\/www.fumc.edu.co\/en\/5660-2\/#breadcrumb\",\"itemListElement\":[{\"@type\":\"ListItem\",\"position\":1,\"name\":\"Portada\",\"item\":\"https:\/\/www.fumc.edu.co\/en\/\"},{\"@type\":\"ListItem\",\"position\":2,\"name\":\"La Mar\u00eda Cano presente en la Universidad Gerardo Barrios de El Salvador\"}]},{\"@type\":\"Person\",\"@id\":\"https:\/\/www.fumc.edu.co\/en\/#\/schema\/person\/50ed57da093fc879c363ff9de0a2abdb\",\"name\":\"Luis Fernando Gomez Londo\u00f1o\",\"url\":\"https:\/\/www.fumc.edu.co\/en\/author\/asiscomunicaciones\/\"}]}<\/script>\n<!-- \/ Yoast SEO plugin. -->","yoast_head_json":{"title":"La Mar\u00eda Cano presente en la Universidad Gerardo Barrios de El Salvador - Maria Cano - en","description":"El Vicerrector de Extensi\u00f3n y Proyecci\u00f3n Social, Carlos Julio Escobar Nore\u00f1a, represent\u00f3 a la Mar\u00eda Cano en visita acad\u00e9mica en centroam\u00e9rica.","robots":{"index":"index","follow":"follow","max-snippet":"max-snippet:-1","max-image-preview":"max-image-preview:large","max-video-preview":"max-video-preview:-1"},"canonical":"https:\/\/www.fumc.edu.co\/en\/5660-2\/","og_locale":"es_ES","og_type":"article","og_title":"La Mar\u00eda Cano presente en la Universidad Gerardo Barrios de El Salvador - Maria Cano - en","og_description":"El Vicerrector de Extensi\u00f3n y Proyecci\u00f3n Social, Carlos Julio Escobar Nore\u00f1a, represent\u00f3 a la Mar\u00eda Cano en visita acad\u00e9mica en centroam\u00e9rica.","og_url":"https:\/\/www.fumc.edu.co\/en\/5660-2\/","og_site_name":"Maria Cano - en","article_published_time":"2018-10-22T13:32:10+00:00","og_image":[{"width":840,"height":430,"url":"https:\/\/www.fumc.edu.co\/en\/wp-content\/uploads\/UGB-Conferencia.jpeg","type":"image\/jpeg"}],"twitter_card":"summary","twitter_misc":{"Escrito por":"Luis Fernando Gomez Londo\u00f1o","Tiempo de lectura":"1 minuto"},"schema":{"@context":"https:\/\/schema.org","@graph":[{"@type":"WebSite","@id":"https:\/\/www.fumc.edu.co\/en\/#website","url":"https:\/\/www.fumc.edu.co\/en\/","name":"Maria Cano - en","description":"Otro sitio realizado con WordPress","potentialAction":[{"@type":"SearchAction","target":{"@type":"EntryPoint","urlTemplate":"https:\/\/www.fumc.edu.co\/en\/?s={search_term_string}"},"query-input":"required name=search_term_string"}],"inLanguage":"es"},{"@type":"ImageObject","@id":"https:\/\/www.fumc.edu.co\/en\/5660-2\/#primaryimage","inLanguage":"es","url":"https:\/\/www.fumc.edu.co\/en\/wp-content\/uploads\/UGB-Conferencia.jpeg","contentUrl":"https:\/\/www.fumc.edu.co\/en\/wp-content\/uploads\/UGB-Conferencia.jpeg","width":840,"height":430},{"@type":"WebPage","@id":"https:\/\/www.fumc.edu.co\/en\/5660-2\/#webpage","url":"https:\/\/www.fumc.edu.co\/en\/5660-2\/","name":"La Mar\u00eda Cano presente en la Universidad Gerardo Barrios de El Salvador - Maria Cano - en","isPartOf":{"@id":"https:\/\/www.fumc.edu.co\/en\/#website"},"primaryImageOfPage":{"@id":"https:\/\/www.fumc.edu.co\/en\/5660-2\/#primaryimage"},"datePublished":"2018-10-22T13:32:10+00:00","dateModified":"2018-10-22T13:32:10+00:00","author":{"@id":"https:\/\/www.fumc.edu.co\/en\/#\/schema\/person\/50ed57da093fc879c363ff9de0a2abdb"},"description":"El Vicerrector de Extensi\u00f3n y Proyecci\u00f3n Social, Carlos Julio Escobar Nore\u00f1a, represent\u00f3 a la Mar\u00eda Cano en visita acad\u00e9mica en centroam\u00e9rica.","breadcrumb":{"@id":"https:\/\/www.fumc.edu.co\/en\/5660-2\/#breadcrumb"},"inLanguage":"es","potentialAction":[{"@type":"ReadAction","target":["https:\/\/www.fumc.edu.co\/en\/5660-2\/"]}]},{"@type":"BreadcrumbList","@id":"https:\/\/www.fumc.edu.co\/en\/5660-2\/#breadcrumb","itemListElement":[{"@type":"ListItem","position":1,"name":"Portada","item":"https:\/\/www.fumc.edu.co\/en\/"},{"@type":"ListItem","position":2,"name":"La Mar\u00eda Cano presente en la Universidad Gerardo Barrios de El Salvador"}]},{"@type":"Person","@id":"https:\/\/www.fumc.edu.co\/en\/#\/schema\/person\/50ed57da093fc879c363ff9de0a2abdb","name":"Luis Fernando Gomez Londo\u00f1o","url":"https:\/\/www.fumc.edu.co\/en\/author\/asiscomunicaciones\/"}]}},"_links":{"self":[{"href":"https:\/\/www.fumc.edu.co\/en\/wp-json\/wp\/v2\/posts\/5660"}],"collection":[{"href":"https:\/\/www.fumc.edu.co\/en\/wp-json\/wp\/v2\/posts"}],"about":[{"href":"https:\/\/www.fumc.edu.co\/en\/wp-json\/wp\/v2\/types\/post"}],"author":[{"embeddable":true,"href":"https:\/\/www.fumc.edu.co\/en\/wp-json\/wp\/v2\/users\/5"}],"replies":[{"embeddable":true,"href":"https:\/\/www.fumc.edu.co\/en\/wp-json\/wp\/v2\/comments?post=5660"}],"version-history":[{"count":0,"href":"https:\/\/www.fumc.edu.co\/en\/wp-json\/wp\/v2\/posts\/5660\/revisions"}],"wp:featuredmedia":[{"embeddable":true,"href":"https:\/\/www.fumc.edu.co\/en\/wp-json\/wp\/v2\/media\/5662"}],"wp:attachment":[{"href":"https:\/\/www.fumc.edu.co\/en\/wp-json\/wp\/v2\/media?parent=5660"}],"wp:term":[{"taxonomy":"category","embeddable":true,"href":"https:\/\/www.fumc.edu.co\/en\/wp-json\/wp\/v2\/categories?post=5660"},{"taxonomy":"post_tag","embeddable":true,"href":"https:\/\/www.fumc.edu.co\/en\/wp-json\/wp\/v2\/tags?post=5660"}],"curies":[{"name":"wp","href":"https:\/\/api.w.org\/{rel}","templated":true}]}}