{"id":5674,"date":"2018-10-23T12:39:59","date_gmt":"2018-10-23T12:39:59","guid":{"rendered":"https:\/\/www.fumc.edu.co\/en\/?p=5674"},"modified":"2018-10-23T12:40:18","modified_gmt":"2018-10-23T12:40:18","slug":"la-maria-cano-se-reune-destacados-ejecutivos-multilatinas","status":"publish","type":"post","link":"https:\/\/www.fumc.edu.co\/en\/la-maria-cano-se-reune-destacados-ejecutivos-multilatinas\/","title":{"rendered":"La Mar\u00eda Cano se re\u00fane con destacados ejecutivos de multilatinas"},"content":{"rendered":"<p class=\"x_MsoNormal\">En la capital de El Salvador, San Salvador, La Fundaci\u00f3n Universitaria Mar\u00eda Cano lider\u00f3 un encuentro con los primeros ejecutivos de las compa\u00f1\u00edas multilatinas colombianas con presencia en ese pa\u00eds de centroam\u00e9rica.\u00a0La Instituci\u00f3n present\u00f3 el programa de Formaci\u00f3n Continua para Emprendimiento Corporativo \u201cEUREKA\u201d a Enzo Bizzarro, Presidente Ejecutivo ASESUISA \u2013 SURA, Ruth de Sol\u00f3rzano, Presidente Ejecutiva AFP Crecer (filial de Protecci\u00f3n) y Rafael Barraza, Presidente Ejecutivo del Banco Agr\u00edcola (filial del Bancolombia). All\u00ed tambi\u00e9n se present\u00f3 la alianza con la Universidad Gerardo Barrios para el desarrollo de propuestas formativas empresariales de alto nivel.<\/p>\n<p class=\"x_MsoNormal\">La propuesta fue liderada por el Vicerrector de Extensi\u00f3n y Proyecci\u00f3n Social, Carlos Julio Escobar Nore\u00f1a, quien estuvo acompa\u00f1ado del Rector de la Gerardo Barrios, Ra\u00fal Rivas Q. y por Mario Quintanilla, Coordinador de Educaci\u00f3n Continua de la misma Universidad; en donde se destacaron las potencialidades de la Mar\u00eda Cano a lo largo de sis 31 a\u00f1os de vida acad\u00e9mica y administrativa, la presencia en diferentes regiones de Colombia, la entrega al pa\u00eds de m\u00e1s de 14.800 egresados, as\u00ed como las propuestas de programas internacionales que se han liderado en los \u00faltimos dos a\u00f1os.<\/p>\n<p class=\"x_MsoNormal\">Estas acciones reafirman el avance del proyecto de internacionalizaci\u00f3n regional de la Mar\u00eda Cano y nos permiten ver en el entorno centroamericano nuevas posibilidades de desarrollo institucional; que estar\u00e1n beneficiando directamente a los estudiantes y a los profesionales que han parte de la historia institucional.<\/p>\n<p class=\"x_MsoNormal\">#VivelaMar\u00edaCano<\/p>\n<p class=\"x_MsoNormal\" style=\"text-align: center;\"><img decoding=\"async\" loading=\"lazy\" class=\"alignnone size-full wp-image-5676\" src=\"https:\/\/www.fumc.edu.co\/en\/wp-content\/uploads\/Eureka-2.jpeg\" alt=\"\" width=\"764\" height=\"430\" srcset=\"https:\/\/www.fumc.edu.co\/en\/wp-content\/uploads\/Eureka-2.jpeg 764w, https:\/\/www.fumc.edu.co\/en\/wp-content\/uploads\/Eureka-2-270x153.jpeg 270w\" sizes=\"(max-width: 764px) 100vw, 764px\" \/><\/p>\n","protected":false},"excerpt":{"rendered":"<p>En la capital de El Salvador, San Salvador, La Fundaci\u00f3n Universitaria Mar\u00eda Cano lider\u00f3 un encuentro con los primeros ejecutivos de las compa\u00f1\u00edas multilatinas colombianas con presencia en ese pa\u00eds de centroam\u00e9rica.\u00a0La Instituci\u00f3n present\u00f3 el programa de Formaci\u00f3n Continua para Emprendimiento Corporativo \u201cEUREKA\u201d a Enzo Bizzarro, Presidente Ejecutivo ASESUISA \u2013 SURA, Ruth de Sol\u00f3rzano, Presidente [&hellip;]<\/p>\n","protected":false},"author":5,"featured_media":5675,"comment_status":"closed","ping_status":"open","sticky":false,"template":"","format":"standard","meta":{"footnotes":""},"categories":[54,53,55,56],"tags":[],"yoast_head":"<!-- This site is optimized with the Yoast SEO plugin v18.4.1 - https:\/\/yoast.com\/wordpress\/plugins\/seo\/ -->\n<title>La Mar\u00eda Cano se re\u00fane con destacados ejecutivos de multilatinas - Maria Cano - en<\/title>\n<meta name=\"description\" content=\"La Mar\u00eda Cano present\u00f3 en El Salvador, las potencialidades institucionales a destacados ejecutivos de multilatinas para socializar proyecto institucional.\" \/>\n<meta name=\"robots\" content=\"index, follow, max-snippet:-1, max-image-preview:large, max-video-preview:-1\" \/>\n<link rel=\"canonical\" href=\"https:\/\/www.fumc.edu.co\/en\/la-maria-cano-se-reune-destacados-ejecutivos-multilatinas\/\" \/>\n<meta property=\"og:locale\" content=\"es_ES\" \/>\n<meta property=\"og:type\" content=\"article\" \/>\n<meta property=\"og:title\" content=\"La Mar\u00eda Cano se re\u00fane con destacados ejecutivos de multilatinas - Maria Cano - en\" \/>\n<meta property=\"og:description\" content=\"La Mar\u00eda Cano present\u00f3 en El Salvador, las potencialidades institucionales a destacados ejecutivos de multilatinas para socializar proyecto institucional.\" \/>\n<meta property=\"og:url\" content=\"https:\/\/www.fumc.edu.co\/en\/la-maria-cano-se-reune-destacados-ejecutivos-multilatinas\/\" \/>\n<meta property=\"og:site_name\" content=\"Maria Cano - en\" \/>\n<meta property=\"article:published_time\" content=\"2018-10-23T12:39:59+00:00\" \/>\n<meta property=\"article:modified_time\" content=\"2018-10-23T12:40:18+00:00\" \/>\n<meta property=\"og:image\" content=\"https:\/\/www.fumc.edu.co\/en\/wp-content\/uploads\/Eureka-1.jpeg\" \/>\n\t<meta property=\"og:image:width\" content=\"764\" \/>\n\t<meta property=\"og:image:height\" content=\"430\" \/>\n\t<meta property=\"og:image:type\" content=\"image\/jpeg\" \/>\n<meta name=\"twitter:card\" content=\"summary\" \/>\n<meta name=\"twitter:label1\" content=\"Escrito por\" \/>\n\t<meta name=\"twitter:data1\" content=\"Luis Fernando Gomez Londo\u00f1o\" \/>\n\t<meta name=\"twitter:label2\" content=\"Tiempo de lectura\" \/>\n\t<meta name=\"twitter:data2\" content=\"1 minuto\" \/>\n<script type=\"application\/ld+json\" class=\"yoast-schema-graph\">{\"@context\":\"https:\/\/schema.org\",\"@graph\":[{\"@type\":\"WebSite\",\"@id\":\"https:\/\/www.fumc.edu.co\/en\/#website\",\"url\":\"https:\/\/www.fumc.edu.co\/en\/\",\"name\":\"Maria Cano - en\",\"description\":\"Otro sitio realizado con WordPress\",\"potentialAction\":[{\"@type\":\"SearchAction\",\"target\":{\"@type\":\"EntryPoint\",\"urlTemplate\":\"https:\/\/www.fumc.edu.co\/en\/?s={search_term_string}\"},\"query-input\":\"required name=search_term_string\"}],\"inLanguage\":\"es\"},{\"@type\":\"ImageObject\",\"@id\":\"https:\/\/www.fumc.edu.co\/en\/la-maria-cano-se-reune-destacados-ejecutivos-multilatinas\/#primaryimage\",\"inLanguage\":\"es\",\"url\":\"https:\/\/www.fumc.edu.co\/en\/wp-content\/uploads\/Eureka-1.jpeg\",\"contentUrl\":\"https:\/\/www.fumc.edu.co\/en\/wp-content\/uploads\/Eureka-1.jpeg\",\"width\":764,\"height\":430},{\"@type\":\"WebPage\",\"@id\":\"https:\/\/www.fumc.edu.co\/en\/la-maria-cano-se-reune-destacados-ejecutivos-multilatinas\/#webpage\",\"url\":\"https:\/\/www.fumc.edu.co\/en\/la-maria-cano-se-reune-destacados-ejecutivos-multilatinas\/\",\"name\":\"La Mar\u00eda Cano se re\u00fane con destacados ejecutivos de multilatinas - Maria Cano - en\",\"isPartOf\":{\"@id\":\"https:\/\/www.fumc.edu.co\/en\/#website\"},\"primaryImageOfPage\":{\"@id\":\"https:\/\/www.fumc.edu.co\/en\/la-maria-cano-se-reune-destacados-ejecutivos-multilatinas\/#primaryimage\"},\"datePublished\":\"2018-10-23T12:39:59+00:00\",\"dateModified\":\"2018-10-23T12:40:18+00:00\",\"author\":{\"@id\":\"https:\/\/www.fumc.edu.co\/en\/#\/schema\/person\/50ed57da093fc879c363ff9de0a2abdb\"},\"description\":\"La Mar\u00eda Cano present\u00f3 en El Salvador, las potencialidades institucionales a destacados ejecutivos de multilatinas para socializar proyecto institucional.\",\"breadcrumb\":{\"@id\":\"https:\/\/www.fumc.edu.co\/en\/la-maria-cano-se-reune-destacados-ejecutivos-multilatinas\/#breadcrumb\"},\"inLanguage\":\"es\",\"potentialAction\":[{\"@type\":\"ReadAction\",\"target\":[\"https:\/\/www.fumc.edu.co\/en\/la-maria-cano-se-reune-destacados-ejecutivos-multilatinas\/\"]}]},{\"@type\":\"BreadcrumbList\",\"@id\":\"https:\/\/www.fumc.edu.co\/en\/la-maria-cano-se-reune-destacados-ejecutivos-multilatinas\/#breadcrumb\",\"itemListElement\":[{\"@type\":\"ListItem\",\"position\":1,\"name\":\"Portada\",\"item\":\"https:\/\/www.fumc.edu.co\/en\/\"},{\"@type\":\"ListItem\",\"position\":2,\"name\":\"La Mar\u00eda Cano se re\u00fane con destacados ejecutivos de multilatinas\"}]},{\"@type\":\"Person\",\"@id\":\"https:\/\/www.fumc.edu.co\/en\/#\/schema\/person\/50ed57da093fc879c363ff9de0a2abdb\",\"name\":\"Luis Fernando Gomez Londo\u00f1o\",\"url\":\"https:\/\/www.fumc.edu.co\/en\/author\/asiscomunicaciones\/\"}]}<\/script>\n<!-- \/ Yoast SEO plugin. -->","yoast_head_json":{"title":"La Mar\u00eda Cano se re\u00fane con destacados ejecutivos de multilatinas - Maria Cano - en","description":"La Mar\u00eda Cano present\u00f3 en El Salvador, las potencialidades institucionales a destacados ejecutivos de multilatinas para socializar proyecto institucional.","robots":{"index":"index","follow":"follow","max-snippet":"max-snippet:-1","max-image-preview":"max-image-preview:large","max-video-preview":"max-video-preview:-1"},"canonical":"https:\/\/www.fumc.edu.co\/en\/la-maria-cano-se-reune-destacados-ejecutivos-multilatinas\/","og_locale":"es_ES","og_type":"article","og_title":"La Mar\u00eda Cano se re\u00fane con destacados ejecutivos de multilatinas - Maria Cano - en","og_description":"La Mar\u00eda Cano present\u00f3 en El Salvador, las potencialidades institucionales a destacados ejecutivos de multilatinas para socializar proyecto institucional.","og_url":"https:\/\/www.fumc.edu.co\/en\/la-maria-cano-se-reune-destacados-ejecutivos-multilatinas\/","og_site_name":"Maria Cano - en","article_published_time":"2018-10-23T12:39:59+00:00","article_modified_time":"2018-10-23T12:40:18+00:00","og_image":[{"width":764,"height":430,"url":"https:\/\/www.fumc.edu.co\/en\/wp-content\/uploads\/Eureka-1.jpeg","type":"image\/jpeg"}],"twitter_card":"summary","twitter_misc":{"Escrito por":"Luis Fernando Gomez Londo\u00f1o","Tiempo de lectura":"1 minuto"},"schema":{"@context":"https:\/\/schema.org","@graph":[{"@type":"WebSite","@id":"https:\/\/www.fumc.edu.co\/en\/#website","url":"https:\/\/www.fumc.edu.co\/en\/","name":"Maria Cano - en","description":"Otro sitio realizado con WordPress","potentialAction":[{"@type":"SearchAction","target":{"@type":"EntryPoint","urlTemplate":"https:\/\/www.fumc.edu.co\/en\/?s={search_term_string}"},"query-input":"required name=search_term_string"}],"inLanguage":"es"},{"@type":"ImageObject","@id":"https:\/\/www.fumc.edu.co\/en\/la-maria-cano-se-reune-destacados-ejecutivos-multilatinas\/#primaryimage","inLanguage":"es","url":"https:\/\/www.fumc.edu.co\/en\/wp-content\/uploads\/Eureka-1.jpeg","contentUrl":"https:\/\/www.fumc.edu.co\/en\/wp-content\/uploads\/Eureka-1.jpeg","width":764,"height":430},{"@type":"WebPage","@id":"https:\/\/www.fumc.edu.co\/en\/la-maria-cano-se-reune-destacados-ejecutivos-multilatinas\/#webpage","url":"https:\/\/www.fumc.edu.co\/en\/la-maria-cano-se-reune-destacados-ejecutivos-multilatinas\/","name":"La Mar\u00eda Cano se re\u00fane con destacados ejecutivos de multilatinas - Maria Cano - en","isPartOf":{"@id":"https:\/\/www.fumc.edu.co\/en\/#website"},"primaryImageOfPage":{"@id":"https:\/\/www.fumc.edu.co\/en\/la-maria-cano-se-reune-destacados-ejecutivos-multilatinas\/#primaryimage"},"datePublished":"2018-10-23T12:39:59+00:00","dateModified":"2018-10-23T12:40:18+00:00","author":{"@id":"https:\/\/www.fumc.edu.co\/en\/#\/schema\/person\/50ed57da093fc879c363ff9de0a2abdb"},"description":"La Mar\u00eda Cano present\u00f3 en El Salvador, las potencialidades institucionales a destacados ejecutivos de multilatinas para socializar proyecto institucional.","breadcrumb":{"@id":"https:\/\/www.fumc.edu.co\/en\/la-maria-cano-se-reune-destacados-ejecutivos-multilatinas\/#breadcrumb"},"inLanguage":"es","potentialAction":[{"@type":"ReadAction","target":["https:\/\/www.fumc.edu.co\/en\/la-maria-cano-se-reune-destacados-ejecutivos-multilatinas\/"]}]},{"@type":"BreadcrumbList","@id":"https:\/\/www.fumc.edu.co\/en\/la-maria-cano-se-reune-destacados-ejecutivos-multilatinas\/#breadcrumb","itemListElement":[{"@type":"ListItem","position":1,"name":"Portada","item":"https:\/\/www.fumc.edu.co\/en\/"},{"@type":"ListItem","position":2,"name":"La Mar\u00eda Cano se re\u00fane con destacados ejecutivos de multilatinas"}]},{"@type":"Person","@id":"https:\/\/www.fumc.edu.co\/en\/#\/schema\/person\/50ed57da093fc879c363ff9de0a2abdb","name":"Luis Fernando Gomez Londo\u00f1o","url":"https:\/\/www.fumc.edu.co\/en\/author\/asiscomunicaciones\/"}]}},"_links":{"self":[{"href":"https:\/\/www.fumc.edu.co\/en\/wp-json\/wp\/v2\/posts\/5674"}],"collection":[{"href":"https:\/\/www.fumc.edu.co\/en\/wp-json\/wp\/v2\/posts"}],"about":[{"href":"https:\/\/www.fumc.edu.co\/en\/wp-json\/wp\/v2\/types\/post"}],"author":[{"embeddable":true,"href":"https:\/\/www.fumc.edu.co\/en\/wp-json\/wp\/v2\/users\/5"}],"replies":[{"embeddable":true,"href":"https:\/\/www.fumc.edu.co\/en\/wp-json\/wp\/v2\/comments?post=5674"}],"version-history":[{"count":0,"href":"https:\/\/www.fumc.edu.co\/en\/wp-json\/wp\/v2\/posts\/5674\/revisions"}],"wp:featuredmedia":[{"embeddable":true,"href":"https:\/\/www.fumc.edu.co\/en\/wp-json\/wp\/v2\/media\/5675"}],"wp:attachment":[{"href":"https:\/\/www.fumc.edu.co\/en\/wp-json\/wp\/v2\/media?parent=5674"}],"wp:term":[{"taxonomy":"category","embeddable":true,"href":"https:\/\/www.fumc.edu.co\/en\/wp-json\/wp\/v2\/categories?post=5674"},{"taxonomy":"post_tag","embeddable":true,"href":"https:\/\/www.fumc.edu.co\/en\/wp-json\/wp\/v2\/tags?post=5674"}],"curies":[{"name":"wp","href":"https:\/\/api.w.org\/{rel}","templated":true}]}}