{"id":5708,"date":"2018-10-30T15:16:19","date_gmt":"2018-10-30T15:16:19","guid":{"rendered":"https:\/\/www.fumc.edu.co\/en\/?p=5708"},"modified":"2018-10-30T15:16:46","modified_gmt":"2018-10-30T15:16:46","slug":"semana-del-administrador-empresas-la-maria-cano","status":"publish","type":"post","link":"https:\/\/www.fumc.edu.co\/en\/semana-del-administrador-empresas-la-maria-cano\/","title":{"rendered":"Semana del Administrador de Empresas en la Mar\u00eda Cano"},"content":{"rendered":"<p>Por su aporte a la sostenibilidad y al posicionamiento de las organizaciones, por su trabajo comprometido en \u00e1rea de la administraci\u00f3n, la Facultad de Ciencias Empresariales ha preparado diferentes actividades para celebrar el D\u00eda del Administrador de Empresas. Entre el 6 y el 8 de noviembre, con el apoyo del Consejo Profesional de Administraci\u00f3n de Empresas, se realizar\u00e1n conversatorios, talleres, encuentros acad\u00e9micos y reuniones pr\u00e1cticas en las cuales, se exaltar\u00e1 el quehacer de los profesionales de este programa; an\u00edmate a participar en esta propuesta que se ha preparado para todos los estudiantes, profesores, egresados y colaboradores de la Mar\u00eda Cano.<\/p>\n<p>La programaci\u00f3n es la siguiente:<\/p>\n<p style=\"text-align: center;\"><img decoding=\"async\" loading=\"lazy\" class=\"alignnone size-full wp-image-5704\" src=\"https:\/\/www.fumc.edu.co\/en\/wp-content\/uploads\/Semana-administrador.png\" alt=\"\" width=\"4001\" height=\"2250\" srcset=\"https:\/\/www.fumc.edu.co\/en\/wp-content\/uploads\/Semana-administrador.png 4001w, https:\/\/www.fumc.edu.co\/en\/wp-content\/uploads\/Semana-administrador-768x432.png 768w, https:\/\/www.fumc.edu.co\/en\/wp-content\/uploads\/Semana-administrador-270x153.png 270w\" sizes=\"(max-width: 4001px) 100vw, 4001px\" \/><\/p>\n","protected":false},"excerpt":{"rendered":"<p>Por su aporte a la sostenibilidad y al posicionamiento de las organizaciones, por su trabajo comprometido en \u00e1rea de la administraci\u00f3n, la Facultad de Ciencias Empresariales ha preparado diferentes actividades para celebrar el D\u00eda del Administrador de Empresas. Entre el 6 y el 8 de noviembre, con el apoyo del Consejo Profesional de Administraci\u00f3n de [&hellip;]<\/p>\n","protected":false},"author":5,"featured_media":5709,"comment_status":"closed","ping_status":"open","sticky":false,"template":"","format":"standard","meta":{"footnotes":""},"categories":[53],"tags":[],"yoast_head":"<!-- This site is optimized with the Yoast SEO plugin v18.4.1 - https:\/\/yoast.com\/wordpress\/plugins\/seo\/ -->\n<title>Semana del Administrador de Empresas en la Mar\u00eda Cano - Maria Cano - en<\/title>\n<meta name=\"description\" content=\"La Mar\u00eda Cano se prepara para celebrar el D\u00eda del Administrador de Empresas, con actividades entre el 6 y el 8 de noviembre en la sede Medell\u00edn.\" \/>\n<meta name=\"robots\" content=\"index, follow, max-snippet:-1, max-image-preview:large, max-video-preview:-1\" \/>\n<link rel=\"canonical\" href=\"https:\/\/www.fumc.edu.co\/en\/semana-del-administrador-empresas-la-maria-cano\/\" \/>\n<meta property=\"og:locale\" content=\"es_ES\" \/>\n<meta property=\"og:type\" content=\"article\" \/>\n<meta property=\"og:title\" content=\"Semana del Administrador de Empresas en la Mar\u00eda Cano - Maria Cano - en\" \/>\n<meta property=\"og:description\" content=\"La Mar\u00eda Cano se prepara para celebrar el D\u00eda del Administrador de Empresas, con actividades entre el 6 y el 8 de noviembre en la sede Medell\u00edn.\" \/>\n<meta property=\"og:url\" content=\"https:\/\/www.fumc.edu.co\/en\/semana-del-administrador-empresas-la-maria-cano\/\" \/>\n<meta property=\"og:site_name\" content=\"Maria Cano - en\" \/>\n<meta property=\"article:published_time\" content=\"2018-10-30T15:16:19+00:00\" \/>\n<meta property=\"article:modified_time\" content=\"2018-10-30T15:16:46+00:00\" \/>\n<meta property=\"og:image\" content=\"https:\/\/www.fumc.edu.co\/en\/wp-content\/uploads\/semana-admon.png\" \/>\n\t<meta property=\"og:image:width\" content=\"840\" \/>\n\t<meta property=\"og:image:height\" content=\"430\" \/>\n\t<meta property=\"og:image:type\" content=\"image\/png\" \/>\n<meta name=\"twitter:card\" content=\"summary\" \/>\n<meta name=\"twitter:label1\" content=\"Escrito por\" \/>\n\t<meta name=\"twitter:data1\" content=\"Luis Fernando Gomez Londo\u00f1o\" \/>\n\t<meta name=\"twitter:label2\" content=\"Tiempo de lectura\" \/>\n\t<meta name=\"twitter:data2\" content=\"1 minuto\" \/>\n<script type=\"application\/ld+json\" class=\"yoast-schema-graph\">{\"@context\":\"https:\/\/schema.org\",\"@graph\":[{\"@type\":\"WebSite\",\"@id\":\"https:\/\/www.fumc.edu.co\/en\/#website\",\"url\":\"https:\/\/www.fumc.edu.co\/en\/\",\"name\":\"Maria Cano - en\",\"description\":\"Otro sitio realizado con WordPress\",\"potentialAction\":[{\"@type\":\"SearchAction\",\"target\":{\"@type\":\"EntryPoint\",\"urlTemplate\":\"https:\/\/www.fumc.edu.co\/en\/?s={search_term_string}\"},\"query-input\":\"required name=search_term_string\"}],\"inLanguage\":\"es\"},{\"@type\":\"ImageObject\",\"@id\":\"https:\/\/www.fumc.edu.co\/en\/semana-del-administrador-empresas-la-maria-cano\/#primaryimage\",\"inLanguage\":\"es\",\"url\":\"https:\/\/www.fumc.edu.co\/en\/wp-content\/uploads\/semana-admon.png\",\"contentUrl\":\"https:\/\/www.fumc.edu.co\/en\/wp-content\/uploads\/semana-admon.png\",\"width\":840,\"height\":430},{\"@type\":\"WebPage\",\"@id\":\"https:\/\/www.fumc.edu.co\/en\/semana-del-administrador-empresas-la-maria-cano\/#webpage\",\"url\":\"https:\/\/www.fumc.edu.co\/en\/semana-del-administrador-empresas-la-maria-cano\/\",\"name\":\"Semana del Administrador de Empresas en la Mar\u00eda Cano - Maria Cano - en\",\"isPartOf\":{\"@id\":\"https:\/\/www.fumc.edu.co\/en\/#website\"},\"primaryImageOfPage\":{\"@id\":\"https:\/\/www.fumc.edu.co\/en\/semana-del-administrador-empresas-la-maria-cano\/#primaryimage\"},\"datePublished\":\"2018-10-30T15:16:19+00:00\",\"dateModified\":\"2018-10-30T15:16:46+00:00\",\"author\":{\"@id\":\"https:\/\/www.fumc.edu.co\/en\/#\/schema\/person\/50ed57da093fc879c363ff9de0a2abdb\"},\"description\":\"La Mar\u00eda Cano se prepara para celebrar el D\u00eda del Administrador de Empresas, con actividades entre el 6 y el 8 de noviembre en la sede Medell\u00edn.\",\"breadcrumb\":{\"@id\":\"https:\/\/www.fumc.edu.co\/en\/semana-del-administrador-empresas-la-maria-cano\/#breadcrumb\"},\"inLanguage\":\"es\",\"potentialAction\":[{\"@type\":\"ReadAction\",\"target\":[\"https:\/\/www.fumc.edu.co\/en\/semana-del-administrador-empresas-la-maria-cano\/\"]}]},{\"@type\":\"BreadcrumbList\",\"@id\":\"https:\/\/www.fumc.edu.co\/en\/semana-del-administrador-empresas-la-maria-cano\/#breadcrumb\",\"itemListElement\":[{\"@type\":\"ListItem\",\"position\":1,\"name\":\"Portada\",\"item\":\"https:\/\/www.fumc.edu.co\/en\/\"},{\"@type\":\"ListItem\",\"position\":2,\"name\":\"Semana del Administrador de Empresas en la Mar\u00eda Cano\"}]},{\"@type\":\"Person\",\"@id\":\"https:\/\/www.fumc.edu.co\/en\/#\/schema\/person\/50ed57da093fc879c363ff9de0a2abdb\",\"name\":\"Luis Fernando Gomez Londo\u00f1o\",\"url\":\"https:\/\/www.fumc.edu.co\/en\/author\/asiscomunicaciones\/\"}]}<\/script>\n<!-- \/ Yoast SEO plugin. -->","yoast_head_json":{"title":"Semana del Administrador de Empresas en la Mar\u00eda Cano - Maria Cano - en","description":"La Mar\u00eda Cano se prepara para celebrar el D\u00eda del Administrador de Empresas, con actividades entre el 6 y el 8 de noviembre en la sede Medell\u00edn.","robots":{"index":"index","follow":"follow","max-snippet":"max-snippet:-1","max-image-preview":"max-image-preview:large","max-video-preview":"max-video-preview:-1"},"canonical":"https:\/\/www.fumc.edu.co\/en\/semana-del-administrador-empresas-la-maria-cano\/","og_locale":"es_ES","og_type":"article","og_title":"Semana del Administrador de Empresas en la Mar\u00eda Cano - Maria Cano - en","og_description":"La Mar\u00eda Cano se prepara para celebrar el D\u00eda del Administrador de Empresas, con actividades entre el 6 y el 8 de noviembre en la sede Medell\u00edn.","og_url":"https:\/\/www.fumc.edu.co\/en\/semana-del-administrador-empresas-la-maria-cano\/","og_site_name":"Maria Cano - en","article_published_time":"2018-10-30T15:16:19+00:00","article_modified_time":"2018-10-30T15:16:46+00:00","og_image":[{"width":840,"height":430,"url":"https:\/\/www.fumc.edu.co\/en\/wp-content\/uploads\/semana-admon.png","type":"image\/png"}],"twitter_card":"summary","twitter_misc":{"Escrito por":"Luis Fernando Gomez Londo\u00f1o","Tiempo de lectura":"1 minuto"},"schema":{"@context":"https:\/\/schema.org","@graph":[{"@type":"WebSite","@id":"https:\/\/www.fumc.edu.co\/en\/#website","url":"https:\/\/www.fumc.edu.co\/en\/","name":"Maria Cano - en","description":"Otro sitio realizado con WordPress","potentialAction":[{"@type":"SearchAction","target":{"@type":"EntryPoint","urlTemplate":"https:\/\/www.fumc.edu.co\/en\/?s={search_term_string}"},"query-input":"required name=search_term_string"}],"inLanguage":"es"},{"@type":"ImageObject","@id":"https:\/\/www.fumc.edu.co\/en\/semana-del-administrador-empresas-la-maria-cano\/#primaryimage","inLanguage":"es","url":"https:\/\/www.fumc.edu.co\/en\/wp-content\/uploads\/semana-admon.png","contentUrl":"https:\/\/www.fumc.edu.co\/en\/wp-content\/uploads\/semana-admon.png","width":840,"height":430},{"@type":"WebPage","@id":"https:\/\/www.fumc.edu.co\/en\/semana-del-administrador-empresas-la-maria-cano\/#webpage","url":"https:\/\/www.fumc.edu.co\/en\/semana-del-administrador-empresas-la-maria-cano\/","name":"Semana del Administrador de Empresas en la Mar\u00eda Cano - Maria Cano - en","isPartOf":{"@id":"https:\/\/www.fumc.edu.co\/en\/#website"},"primaryImageOfPage":{"@id":"https:\/\/www.fumc.edu.co\/en\/semana-del-administrador-empresas-la-maria-cano\/#primaryimage"},"datePublished":"2018-10-30T15:16:19+00:00","dateModified":"2018-10-30T15:16:46+00:00","author":{"@id":"https:\/\/www.fumc.edu.co\/en\/#\/schema\/person\/50ed57da093fc879c363ff9de0a2abdb"},"description":"La Mar\u00eda Cano se prepara para celebrar el D\u00eda del Administrador de Empresas, con actividades entre el 6 y el 8 de noviembre en la sede Medell\u00edn.","breadcrumb":{"@id":"https:\/\/www.fumc.edu.co\/en\/semana-del-administrador-empresas-la-maria-cano\/#breadcrumb"},"inLanguage":"es","potentialAction":[{"@type":"ReadAction","target":["https:\/\/www.fumc.edu.co\/en\/semana-del-administrador-empresas-la-maria-cano\/"]}]},{"@type":"BreadcrumbList","@id":"https:\/\/www.fumc.edu.co\/en\/semana-del-administrador-empresas-la-maria-cano\/#breadcrumb","itemListElement":[{"@type":"ListItem","position":1,"name":"Portada","item":"https:\/\/www.fumc.edu.co\/en\/"},{"@type":"ListItem","position":2,"name":"Semana del Administrador de Empresas en la Mar\u00eda Cano"}]},{"@type":"Person","@id":"https:\/\/www.fumc.edu.co\/en\/#\/schema\/person\/50ed57da093fc879c363ff9de0a2abdb","name":"Luis Fernando Gomez Londo\u00f1o","url":"https:\/\/www.fumc.edu.co\/en\/author\/asiscomunicaciones\/"}]}},"_links":{"self":[{"href":"https:\/\/www.fumc.edu.co\/en\/wp-json\/wp\/v2\/posts\/5708"}],"collection":[{"href":"https:\/\/www.fumc.edu.co\/en\/wp-json\/wp\/v2\/posts"}],"about":[{"href":"https:\/\/www.fumc.edu.co\/en\/wp-json\/wp\/v2\/types\/post"}],"author":[{"embeddable":true,"href":"https:\/\/www.fumc.edu.co\/en\/wp-json\/wp\/v2\/users\/5"}],"replies":[{"embeddable":true,"href":"https:\/\/www.fumc.edu.co\/en\/wp-json\/wp\/v2\/comments?post=5708"}],"version-history":[{"count":0,"href":"https:\/\/www.fumc.edu.co\/en\/wp-json\/wp\/v2\/posts\/5708\/revisions"}],"wp:featuredmedia":[{"embeddable":true,"href":"https:\/\/www.fumc.edu.co\/en\/wp-json\/wp\/v2\/media\/5709"}],"wp:attachment":[{"href":"https:\/\/www.fumc.edu.co\/en\/wp-json\/wp\/v2\/media?parent=5708"}],"wp:term":[{"taxonomy":"category","embeddable":true,"href":"https:\/\/www.fumc.edu.co\/en\/wp-json\/wp\/v2\/categories?post=5708"},{"taxonomy":"post_tag","embeddable":true,"href":"https:\/\/www.fumc.edu.co\/en\/wp-json\/wp\/v2\/tags?post=5708"}],"curies":[{"name":"wp","href":"https:\/\/api.w.org\/{rel}","templated":true}]}}