{"id":5711,"date":"2018-10-31T14:03:41","date_gmt":"2018-10-31T14:03:41","guid":{"rendered":"https:\/\/www.fumc.edu.co\/en\/?p=5711"},"modified":"2018-10-31T14:12:27","modified_gmt":"2018-10-31T14:12:27","slug":"5711-2","status":"publish","type":"post","link":"https:\/\/www.fumc.edu.co\/en\/5711-2\/","title":{"rendered":"Sede Cali se compromete con la investigaci\u00f3n en Fisioterapia"},"content":{"rendered":"<p>La Mar\u00eda Cano, en la capital del Valle del Cauca, realiz\u00f3 la Jornada Ciencia, Movimiento e Investigaci\u00f3n 2018, evento de proyecci\u00f3n y socializaci\u00f3n, organizado semestralmente por el Grupo de Investigaci\u00f3n Fisioter, en el que se presentan los resultados y productos de los proyectos destacados derivados de las actividades de Investigaci\u00f3n en el Aula, Investigaci\u00f3n en la Pr\u00e1ctica y Emprendimiento, del programa de Fisioterapia. En esta ocasi\u00f3n las ponencias centrales estuvieron enfocadas en Adherencia a procesos de Neurorehabilitaci\u00f3n funcional y su relaci\u00f3n con la discapacidad y la calidad de vida en adultos con lesi\u00f3n medular de Popay\u00e1n -Ponente Ft. Arquimedes Gurrute Campo \u2013 Mg. y Neurorehabilitaci\u00f3n, Evaluaci\u00f3n de marcha con tecnolog\u00eda vestible (sensores inerciales) Ponente Ft. Julieth Rivas Campo &#8211; Mg. (c) Epidemiolog\u00eda, resaltando la importancia del qu\u00e9 hacer profesional del Fisioterapeuta en esta \u00e1rea.<\/p>\n<p>Tambi\u00e9n se realiz\u00f3 una conferencia de Cuidado y conservaci\u00f3n de las zonas verdes p\u00fablicas adoptadas, por personal del Dagma, y actividades simult\u00e1neas con presentaci\u00f3n de estands modelos anat\u00f3micos &#8211; Investigaci\u00f3n en el Aula, de las asignaturas de Morfofisiolog\u00eda I, \u00c9tica, Neurofisiolog\u00eda, Biomec\u00e1nica, Neuromuscular, Masoterapia. Otras ponencias investigaci\u00f3n en la pr\u00e1ctica: \u00c1rea Comunitaria y \u00c1rea Deportiva, \u00c1rea Laboral, \u00c1rea Cl\u00ednica; m\u00e1s de 560 estudiantes participaron de la actividad.<\/p>\n<p style=\"text-align: center;\"><img decoding=\"async\" loading=\"lazy\" class=\"alignnone size-full wp-image-5713\" src=\"https:\/\/www.fumc.edu.co\/en\/wp-content\/uploads\/FOTO-1.png\" alt=\"\" width=\"840\" height=\"430\" srcset=\"https:\/\/www.fumc.edu.co\/en\/wp-content\/uploads\/FOTO-1.png 840w, https:\/\/www.fumc.edu.co\/en\/wp-content\/uploads\/FOTO-1-768x393.png 768w\" sizes=\"(max-width: 840px) 100vw, 840px\" \/><img decoding=\"async\" loading=\"lazy\" class=\"alignnone size-full wp-image-5714\" src=\"https:\/\/www.fumc.edu.co\/en\/wp-content\/uploads\/FOTO-2.png\" alt=\"\" width=\"840\" height=\"430\" srcset=\"https:\/\/www.fumc.edu.co\/en\/wp-content\/uploads\/FOTO-2.png 840w, https:\/\/www.fumc.edu.co\/en\/wp-content\/uploads\/FOTO-2-768x393.png 768w\" sizes=\"(max-width: 840px) 100vw, 840px\" \/><img decoding=\"async\" loading=\"lazy\" class=\"alignnone size-full wp-image-5715\" src=\"https:\/\/www.fumc.edu.co\/en\/wp-content\/uploads\/FOTO-4.png\" alt=\"\" width=\"840\" height=\"430\" srcset=\"https:\/\/www.fumc.edu.co\/en\/wp-content\/uploads\/FOTO-4.png 840w, https:\/\/www.fumc.edu.co\/en\/wp-content\/uploads\/FOTO-4-768x393.png 768w\" sizes=\"(max-width: 840px) 100vw, 840px\" \/><img decoding=\"async\" loading=\"lazy\" class=\"alignnone size-full wp-image-5716\" src=\"https:\/\/www.fumc.edu.co\/en\/wp-content\/uploads\/FOTO-5.png\" alt=\"\" width=\"840\" height=\"430\" srcset=\"https:\/\/www.fumc.edu.co\/en\/wp-content\/uploads\/FOTO-5.png 840w, https:\/\/www.fumc.edu.co\/en\/wp-content\/uploads\/FOTO-5-768x393.png 768w\" sizes=\"(max-width: 840px) 100vw, 840px\" \/><\/p>\n","protected":false},"excerpt":{"rendered":"<p>La Mar\u00eda Cano, en la capital del Valle del Cauca, realiz\u00f3 la Jornada Ciencia, Movimiento e Investigaci\u00f3n 2018, evento de proyecci\u00f3n y socializaci\u00f3n, organizado semestralmente por el Grupo de Investigaci\u00f3n Fisioter, en el que se presentan los resultados y productos de los proyectos destacados derivados de las actividades de Investigaci\u00f3n en el Aula, Investigaci\u00f3n en [&hellip;]<\/p>\n","protected":false},"author":5,"featured_media":5712,"comment_status":"closed","ping_status":"open","sticky":false,"template":"","format":"standard","meta":{"footnotes":""},"categories":[54],"tags":[],"yoast_head":"<!-- This site is optimized with the Yoast SEO plugin v18.4.1 - https:\/\/yoast.com\/wordpress\/plugins\/seo\/ -->\n<title>Sede Cali se compromete con la investigaci\u00f3n en Fisioterapia - Maria Cano - en<\/title>\n<meta name=\"description\" content=\"El Grupo de Investigaci\u00f3n Fisioter, present\u00f3 los resultados de su trabajo en la ciudad de Cali, donde se comprometen con el bienestar comunitario.\" \/>\n<meta name=\"robots\" content=\"index, follow, max-snippet:-1, max-image-preview:large, max-video-preview:-1\" \/>\n<link rel=\"canonical\" href=\"https:\/\/www.fumc.edu.co\/en\/5711-2\/\" \/>\n<meta property=\"og:locale\" content=\"es_ES\" \/>\n<meta property=\"og:type\" content=\"article\" \/>\n<meta property=\"og:title\" content=\"Sede Cali se compromete con la investigaci\u00f3n en Fisioterapia - Maria Cano - en\" \/>\n<meta property=\"og:description\" content=\"El Grupo de Investigaci\u00f3n Fisioter, present\u00f3 los resultados de su trabajo en la ciudad de Cali, donde se comprometen con el bienestar comunitario.\" \/>\n<meta property=\"og:url\" content=\"https:\/\/www.fumc.edu.co\/en\/5711-2\/\" \/>\n<meta property=\"og:site_name\" content=\"Maria Cano - en\" \/>\n<meta property=\"article:published_time\" content=\"2018-10-31T14:03:41+00:00\" \/>\n<meta property=\"article:modified_time\" content=\"2018-10-31T14:12:27+00:00\" \/>\n<meta property=\"og:image\" content=\"https:\/\/www.fumc.edu.co\/en\/wp-content\/uploads\/FOTO-3.png\" \/>\n\t<meta property=\"og:image:width\" content=\"840\" \/>\n\t<meta property=\"og:image:height\" content=\"430\" \/>\n\t<meta property=\"og:image:type\" content=\"image\/png\" \/>\n<meta name=\"twitter:card\" content=\"summary\" \/>\n<meta name=\"twitter:label1\" content=\"Escrito por\" \/>\n\t<meta name=\"twitter:data1\" content=\"Luis Fernando Gomez Londo\u00f1o\" \/>\n\t<meta name=\"twitter:label2\" content=\"Tiempo de lectura\" \/>\n\t<meta name=\"twitter:data2\" content=\"1 minuto\" \/>\n<script type=\"application\/ld+json\" class=\"yoast-schema-graph\">{\"@context\":\"https:\/\/schema.org\",\"@graph\":[{\"@type\":\"WebSite\",\"@id\":\"https:\/\/www.fumc.edu.co\/en\/#website\",\"url\":\"https:\/\/www.fumc.edu.co\/en\/\",\"name\":\"Maria Cano - en\",\"description\":\"Otro sitio realizado con WordPress\",\"potentialAction\":[{\"@type\":\"SearchAction\",\"target\":{\"@type\":\"EntryPoint\",\"urlTemplate\":\"https:\/\/www.fumc.edu.co\/en\/?s={search_term_string}\"},\"query-input\":\"required name=search_term_string\"}],\"inLanguage\":\"es\"},{\"@type\":\"ImageObject\",\"@id\":\"https:\/\/www.fumc.edu.co\/en\/5711-2\/#primaryimage\",\"inLanguage\":\"es\",\"url\":\"https:\/\/www.fumc.edu.co\/en\/wp-content\/uploads\/FOTO-3.png\",\"contentUrl\":\"https:\/\/www.fumc.edu.co\/en\/wp-content\/uploads\/FOTO-3.png\",\"width\":840,\"height\":430},{\"@type\":\"WebPage\",\"@id\":\"https:\/\/www.fumc.edu.co\/en\/5711-2\/#webpage\",\"url\":\"https:\/\/www.fumc.edu.co\/en\/5711-2\/\",\"name\":\"Sede Cali se compromete con la investigaci\u00f3n en Fisioterapia - Maria Cano - en\",\"isPartOf\":{\"@id\":\"https:\/\/www.fumc.edu.co\/en\/#website\"},\"primaryImageOfPage\":{\"@id\":\"https:\/\/www.fumc.edu.co\/en\/5711-2\/#primaryimage\"},\"datePublished\":\"2018-10-31T14:03:41+00:00\",\"dateModified\":\"2018-10-31T14:12:27+00:00\",\"author\":{\"@id\":\"https:\/\/www.fumc.edu.co\/en\/#\/schema\/person\/50ed57da093fc879c363ff9de0a2abdb\"},\"description\":\"El Grupo de Investigaci\u00f3n Fisioter, present\u00f3 los resultados de su trabajo en la ciudad de Cali, donde se comprometen con el bienestar comunitario.\",\"breadcrumb\":{\"@id\":\"https:\/\/www.fumc.edu.co\/en\/5711-2\/#breadcrumb\"},\"inLanguage\":\"es\",\"potentialAction\":[{\"@type\":\"ReadAction\",\"target\":[\"https:\/\/www.fumc.edu.co\/en\/5711-2\/\"]}]},{\"@type\":\"BreadcrumbList\",\"@id\":\"https:\/\/www.fumc.edu.co\/en\/5711-2\/#breadcrumb\",\"itemListElement\":[{\"@type\":\"ListItem\",\"position\":1,\"name\":\"Portada\",\"item\":\"https:\/\/www.fumc.edu.co\/en\/\"},{\"@type\":\"ListItem\",\"position\":2,\"name\":\"Sede Cali se compromete con la investigaci\u00f3n en Fisioterapia\"}]},{\"@type\":\"Person\",\"@id\":\"https:\/\/www.fumc.edu.co\/en\/#\/schema\/person\/50ed57da093fc879c363ff9de0a2abdb\",\"name\":\"Luis Fernando Gomez Londo\u00f1o\",\"url\":\"https:\/\/www.fumc.edu.co\/en\/author\/asiscomunicaciones\/\"}]}<\/script>\n<!-- \/ Yoast SEO plugin. -->","yoast_head_json":{"title":"Sede Cali se compromete con la investigaci\u00f3n en Fisioterapia - Maria Cano - en","description":"El Grupo de Investigaci\u00f3n Fisioter, present\u00f3 los resultados de su trabajo en la ciudad de Cali, donde se comprometen con el bienestar comunitario.","robots":{"index":"index","follow":"follow","max-snippet":"max-snippet:-1","max-image-preview":"max-image-preview:large","max-video-preview":"max-video-preview:-1"},"canonical":"https:\/\/www.fumc.edu.co\/en\/5711-2\/","og_locale":"es_ES","og_type":"article","og_title":"Sede Cali se compromete con la investigaci\u00f3n en Fisioterapia - Maria Cano - en","og_description":"El Grupo de Investigaci\u00f3n Fisioter, present\u00f3 los resultados de su trabajo en la ciudad de Cali, donde se comprometen con el bienestar comunitario.","og_url":"https:\/\/www.fumc.edu.co\/en\/5711-2\/","og_site_name":"Maria Cano - en","article_published_time":"2018-10-31T14:03:41+00:00","article_modified_time":"2018-10-31T14:12:27+00:00","og_image":[{"width":840,"height":430,"url":"https:\/\/www.fumc.edu.co\/en\/wp-content\/uploads\/FOTO-3.png","type":"image\/png"}],"twitter_card":"summary","twitter_misc":{"Escrito por":"Luis Fernando Gomez Londo\u00f1o","Tiempo de lectura":"1 minuto"},"schema":{"@context":"https:\/\/schema.org","@graph":[{"@type":"WebSite","@id":"https:\/\/www.fumc.edu.co\/en\/#website","url":"https:\/\/www.fumc.edu.co\/en\/","name":"Maria Cano - en","description":"Otro sitio realizado con WordPress","potentialAction":[{"@type":"SearchAction","target":{"@type":"EntryPoint","urlTemplate":"https:\/\/www.fumc.edu.co\/en\/?s={search_term_string}"},"query-input":"required name=search_term_string"}],"inLanguage":"es"},{"@type":"ImageObject","@id":"https:\/\/www.fumc.edu.co\/en\/5711-2\/#primaryimage","inLanguage":"es","url":"https:\/\/www.fumc.edu.co\/en\/wp-content\/uploads\/FOTO-3.png","contentUrl":"https:\/\/www.fumc.edu.co\/en\/wp-content\/uploads\/FOTO-3.png","width":840,"height":430},{"@type":"WebPage","@id":"https:\/\/www.fumc.edu.co\/en\/5711-2\/#webpage","url":"https:\/\/www.fumc.edu.co\/en\/5711-2\/","name":"Sede Cali se compromete con la investigaci\u00f3n en Fisioterapia - Maria Cano - en","isPartOf":{"@id":"https:\/\/www.fumc.edu.co\/en\/#website"},"primaryImageOfPage":{"@id":"https:\/\/www.fumc.edu.co\/en\/5711-2\/#primaryimage"},"datePublished":"2018-10-31T14:03:41+00:00","dateModified":"2018-10-31T14:12:27+00:00","author":{"@id":"https:\/\/www.fumc.edu.co\/en\/#\/schema\/person\/50ed57da093fc879c363ff9de0a2abdb"},"description":"El Grupo de Investigaci\u00f3n Fisioter, present\u00f3 los resultados de su trabajo en la ciudad de Cali, donde se comprometen con el bienestar comunitario.","breadcrumb":{"@id":"https:\/\/www.fumc.edu.co\/en\/5711-2\/#breadcrumb"},"inLanguage":"es","potentialAction":[{"@type":"ReadAction","target":["https:\/\/www.fumc.edu.co\/en\/5711-2\/"]}]},{"@type":"BreadcrumbList","@id":"https:\/\/www.fumc.edu.co\/en\/5711-2\/#breadcrumb","itemListElement":[{"@type":"ListItem","position":1,"name":"Portada","item":"https:\/\/www.fumc.edu.co\/en\/"},{"@type":"ListItem","position":2,"name":"Sede Cali se compromete con la investigaci\u00f3n en Fisioterapia"}]},{"@type":"Person","@id":"https:\/\/www.fumc.edu.co\/en\/#\/schema\/person\/50ed57da093fc879c363ff9de0a2abdb","name":"Luis Fernando Gomez Londo\u00f1o","url":"https:\/\/www.fumc.edu.co\/en\/author\/asiscomunicaciones\/"}]}},"_links":{"self":[{"href":"https:\/\/www.fumc.edu.co\/en\/wp-json\/wp\/v2\/posts\/5711"}],"collection":[{"href":"https:\/\/www.fumc.edu.co\/en\/wp-json\/wp\/v2\/posts"}],"about":[{"href":"https:\/\/www.fumc.edu.co\/en\/wp-json\/wp\/v2\/types\/post"}],"author":[{"embeddable":true,"href":"https:\/\/www.fumc.edu.co\/en\/wp-json\/wp\/v2\/users\/5"}],"replies":[{"embeddable":true,"href":"https:\/\/www.fumc.edu.co\/en\/wp-json\/wp\/v2\/comments?post=5711"}],"version-history":[{"count":0,"href":"https:\/\/www.fumc.edu.co\/en\/wp-json\/wp\/v2\/posts\/5711\/revisions"}],"wp:featuredmedia":[{"embeddable":true,"href":"https:\/\/www.fumc.edu.co\/en\/wp-json\/wp\/v2\/media\/5712"}],"wp:attachment":[{"href":"https:\/\/www.fumc.edu.co\/en\/wp-json\/wp\/v2\/media?parent=5711"}],"wp:term":[{"taxonomy":"category","embeddable":true,"href":"https:\/\/www.fumc.edu.co\/en\/wp-json\/wp\/v2\/categories?post=5711"},{"taxonomy":"post_tag","embeddable":true,"href":"https:\/\/www.fumc.edu.co\/en\/wp-json\/wp\/v2\/tags?post=5711"}],"curies":[{"name":"wp","href":"https:\/\/api.w.org\/{rel}","templated":true}]}}