{"id":5718,"date":"2018-11-01T18:22:53","date_gmt":"2018-11-01T18:22:53","guid":{"rendered":"https:\/\/www.fumc.edu.co\/en\/?p=5718"},"modified":"2018-11-01T18:22:53","modified_gmt":"2018-11-01T18:22:53","slug":"pensamiento-maria-cano-siempre-vigente-colombia","status":"publish","type":"post","link":"https:\/\/www.fumc.edu.co\/en\/pensamiento-maria-cano-siempre-vigente-colombia\/","title":{"rendered":"Pensamiento Mar\u00eda Cano siempre vigente para Colombia"},"content":{"rendered":"<p>Una mujer que siempre ha sido ejemplo para el pa\u00eds, una dama antioque\u00f1a que demostr\u00f3 la importancia de la educaci\u00f3n, del arte, de la cultura y del respeto por los dem\u00e1s para poder expresar sus ideales y luchar por el bienestar comunitario; una persona que nunca se rindi\u00f3 ante las adversidades y que es la demostraci\u00f3n m\u00e1s clara de la importancia de trabajar, de manera desinteresada, por los dem\u00e1s. Mar\u00eda de los \u00c1ngeles Cano M\u00e1rquez nunca se rindi\u00f3 ante las cr\u00edticas o la excesiva tradici\u00f3n que exist\u00eda en Colombia en los \u00faltimos a\u00f1os del siglo XIX y en las d\u00e9cadas m\u00e1s importantes del siglo XX porque ten\u00eda clara su meta de alcanzar mayores beneficios para los m\u00e1s necesitados y un reconocimiento para los trabajadores, quienes cada d\u00eda se dedicaban a alcanzar mayores condiciones de vida para su familia.<\/p>\n<p>En esta oportunidad te invitamos a leer el art\u00edculo publicado en la <em><strong>Revista Palabras al Margen<\/strong><\/em>, en la cual se destaca a Mar\u00eda Cano como \u00abla mujer de oratoria avasalladora, que en sus siete giras por el pa\u00eds, junto a obreros y obreras, a artesanos y artesanas, inquilinos e inquilinas, ind\u00edgenas, negros y negras; alz\u00f3 su voz contra la pena de muerte y el servicio militar obligatorio; defendi\u00f3 a los presos sociales y pol\u00edticos y fund\u00f3 cooperativas, peri\u00f3dicos y bibliotecas\u00bb.<\/p>\n<p><em><strong><a href=\"http:\/\/palabrasalmargen.com\/uncategorized\/maria-de-los-angeles-cano-marquez-para-rememorar\/\">Lee el art\u00edculo completo AQU\u00cd<\/a><\/strong><\/em><\/p>\n","protected":false},"excerpt":{"rendered":"<p>Una mujer que siempre ha sido ejemplo para el pa\u00eds, una dama antioque\u00f1a que demostr\u00f3 la importancia de la educaci\u00f3n, del arte, de la cultura y del respeto por los dem\u00e1s para poder expresar sus ideales y luchar por el bienestar comunitario; una persona que nunca se rindi\u00f3 ante las adversidades y que es la [&hellip;]<\/p>\n","protected":false},"author":5,"featured_media":5719,"comment_status":"closed","ping_status":"open","sticky":false,"template":"","format":"standard","meta":{"footnotes":""},"categories":[54,53,55,56],"tags":[],"yoast_head":"<!-- This site is optimized with the Yoast SEO plugin v18.4.1 - https:\/\/yoast.com\/wordpress\/plugins\/seo\/ -->\n<title>Pensamiento Mar\u00eda Cano siempre vigente para Colombia - Maria Cano - en<\/title>\n<meta name=\"description\" content=\"Una vez m\u00e1s, Mar\u00eda de los \u00c1ngeles Cano M\u00e1rquez es resaltada por los medios de comunicaci\u00f3n como una colombiana ejemplar para las nuevas generaciones.\" \/>\n<meta name=\"robots\" content=\"index, follow, max-snippet:-1, max-image-preview:large, max-video-preview:-1\" \/>\n<link rel=\"canonical\" href=\"https:\/\/www.fumc.edu.co\/en\/pensamiento-maria-cano-siempre-vigente-colombia\/\" \/>\n<meta property=\"og:locale\" content=\"es_ES\" \/>\n<meta property=\"og:type\" content=\"article\" \/>\n<meta property=\"og:title\" content=\"Pensamiento Mar\u00eda Cano siempre vigente para Colombia - Maria Cano - en\" \/>\n<meta property=\"og:description\" content=\"Una vez m\u00e1s, Mar\u00eda de los \u00c1ngeles Cano M\u00e1rquez es resaltada por los medios de comunicaci\u00f3n como una colombiana ejemplar para las nuevas generaciones.\" \/>\n<meta property=\"og:url\" content=\"https:\/\/www.fumc.edu.co\/en\/pensamiento-maria-cano-siempre-vigente-colombia\/\" \/>\n<meta property=\"og:site_name\" content=\"Maria Cano - en\" \/>\n<meta property=\"article:published_time\" content=\"2018-11-01T18:22:53+00:00\" \/>\n<meta property=\"og:image\" content=\"https:\/\/www.fumc.edu.co\/en\/wp-content\/uploads\/mariacano.png\" \/>\n\t<meta property=\"og:image:width\" content=\"420\" \/>\n\t<meta property=\"og:image:height\" content=\"215\" \/>\n\t<meta property=\"og:image:type\" content=\"image\/png\" \/>\n<meta name=\"twitter:card\" content=\"summary\" \/>\n<meta name=\"twitter:label1\" content=\"Escrito por\" \/>\n\t<meta name=\"twitter:data1\" content=\"Luis Fernando Gomez Londo\u00f1o\" \/>\n\t<meta name=\"twitter:label2\" content=\"Tiempo de lectura\" \/>\n\t<meta name=\"twitter:data2\" content=\"1 minuto\" \/>\n<script type=\"application\/ld+json\" class=\"yoast-schema-graph\">{\"@context\":\"https:\/\/schema.org\",\"@graph\":[{\"@type\":\"WebSite\",\"@id\":\"https:\/\/www.fumc.edu.co\/en\/#website\",\"url\":\"https:\/\/www.fumc.edu.co\/en\/\",\"name\":\"Maria Cano - en\",\"description\":\"Otro sitio realizado con WordPress\",\"potentialAction\":[{\"@type\":\"SearchAction\",\"target\":{\"@type\":\"EntryPoint\",\"urlTemplate\":\"https:\/\/www.fumc.edu.co\/en\/?s={search_term_string}\"},\"query-input\":\"required name=search_term_string\"}],\"inLanguage\":\"es\"},{\"@type\":\"ImageObject\",\"@id\":\"https:\/\/www.fumc.edu.co\/en\/pensamiento-maria-cano-siempre-vigente-colombia\/#primaryimage\",\"inLanguage\":\"es\",\"url\":\"https:\/\/www.fumc.edu.co\/en\/wp-content\/uploads\/mariacano.png\",\"contentUrl\":\"https:\/\/www.fumc.edu.co\/en\/wp-content\/uploads\/mariacano.png\",\"width\":420,\"height\":215},{\"@type\":\"WebPage\",\"@id\":\"https:\/\/www.fumc.edu.co\/en\/pensamiento-maria-cano-siempre-vigente-colombia\/#webpage\",\"url\":\"https:\/\/www.fumc.edu.co\/en\/pensamiento-maria-cano-siempre-vigente-colombia\/\",\"name\":\"Pensamiento Mar\u00eda Cano siempre vigente para Colombia - Maria Cano - en\",\"isPartOf\":{\"@id\":\"https:\/\/www.fumc.edu.co\/en\/#website\"},\"primaryImageOfPage\":{\"@id\":\"https:\/\/www.fumc.edu.co\/en\/pensamiento-maria-cano-siempre-vigente-colombia\/#primaryimage\"},\"datePublished\":\"2018-11-01T18:22:53+00:00\",\"dateModified\":\"2018-11-01T18:22:53+00:00\",\"author\":{\"@id\":\"https:\/\/www.fumc.edu.co\/en\/#\/schema\/person\/50ed57da093fc879c363ff9de0a2abdb\"},\"description\":\"Una vez m\u00e1s, Mar\u00eda de los \u00c1ngeles Cano M\u00e1rquez es resaltada por los medios de comunicaci\u00f3n como una colombiana ejemplar para las nuevas generaciones.\",\"breadcrumb\":{\"@id\":\"https:\/\/www.fumc.edu.co\/en\/pensamiento-maria-cano-siempre-vigente-colombia\/#breadcrumb\"},\"inLanguage\":\"es\",\"potentialAction\":[{\"@type\":\"ReadAction\",\"target\":[\"https:\/\/www.fumc.edu.co\/en\/pensamiento-maria-cano-siempre-vigente-colombia\/\"]}]},{\"@type\":\"BreadcrumbList\",\"@id\":\"https:\/\/www.fumc.edu.co\/en\/pensamiento-maria-cano-siempre-vigente-colombia\/#breadcrumb\",\"itemListElement\":[{\"@type\":\"ListItem\",\"position\":1,\"name\":\"Portada\",\"item\":\"https:\/\/www.fumc.edu.co\/en\/\"},{\"@type\":\"ListItem\",\"position\":2,\"name\":\"Pensamiento Mar\u00eda Cano siempre vigente para Colombia\"}]},{\"@type\":\"Person\",\"@id\":\"https:\/\/www.fumc.edu.co\/en\/#\/schema\/person\/50ed57da093fc879c363ff9de0a2abdb\",\"name\":\"Luis Fernando Gomez Londo\u00f1o\",\"url\":\"https:\/\/www.fumc.edu.co\/en\/author\/asiscomunicaciones\/\"}]}<\/script>\n<!-- \/ Yoast SEO plugin. -->","yoast_head_json":{"title":"Pensamiento Mar\u00eda Cano siempre vigente para Colombia - Maria Cano - en","description":"Una vez m\u00e1s, Mar\u00eda de los \u00c1ngeles Cano M\u00e1rquez es resaltada por los medios de comunicaci\u00f3n como una colombiana ejemplar para las nuevas generaciones.","robots":{"index":"index","follow":"follow","max-snippet":"max-snippet:-1","max-image-preview":"max-image-preview:large","max-video-preview":"max-video-preview:-1"},"canonical":"https:\/\/www.fumc.edu.co\/en\/pensamiento-maria-cano-siempre-vigente-colombia\/","og_locale":"es_ES","og_type":"article","og_title":"Pensamiento Mar\u00eda Cano siempre vigente para Colombia - Maria Cano - en","og_description":"Una vez m\u00e1s, Mar\u00eda de los \u00c1ngeles Cano M\u00e1rquez es resaltada por los medios de comunicaci\u00f3n como una colombiana ejemplar para las nuevas generaciones.","og_url":"https:\/\/www.fumc.edu.co\/en\/pensamiento-maria-cano-siempre-vigente-colombia\/","og_site_name":"Maria Cano - en","article_published_time":"2018-11-01T18:22:53+00:00","og_image":[{"width":420,"height":215,"url":"https:\/\/www.fumc.edu.co\/en\/wp-content\/uploads\/mariacano.png","type":"image\/png"}],"twitter_card":"summary","twitter_misc":{"Escrito por":"Luis Fernando Gomez Londo\u00f1o","Tiempo de lectura":"1 minuto"},"schema":{"@context":"https:\/\/schema.org","@graph":[{"@type":"WebSite","@id":"https:\/\/www.fumc.edu.co\/en\/#website","url":"https:\/\/www.fumc.edu.co\/en\/","name":"Maria Cano - en","description":"Otro sitio realizado con WordPress","potentialAction":[{"@type":"SearchAction","target":{"@type":"EntryPoint","urlTemplate":"https:\/\/www.fumc.edu.co\/en\/?s={search_term_string}"},"query-input":"required name=search_term_string"}],"inLanguage":"es"},{"@type":"ImageObject","@id":"https:\/\/www.fumc.edu.co\/en\/pensamiento-maria-cano-siempre-vigente-colombia\/#primaryimage","inLanguage":"es","url":"https:\/\/www.fumc.edu.co\/en\/wp-content\/uploads\/mariacano.png","contentUrl":"https:\/\/www.fumc.edu.co\/en\/wp-content\/uploads\/mariacano.png","width":420,"height":215},{"@type":"WebPage","@id":"https:\/\/www.fumc.edu.co\/en\/pensamiento-maria-cano-siempre-vigente-colombia\/#webpage","url":"https:\/\/www.fumc.edu.co\/en\/pensamiento-maria-cano-siempre-vigente-colombia\/","name":"Pensamiento Mar\u00eda Cano siempre vigente para Colombia - Maria Cano - en","isPartOf":{"@id":"https:\/\/www.fumc.edu.co\/en\/#website"},"primaryImageOfPage":{"@id":"https:\/\/www.fumc.edu.co\/en\/pensamiento-maria-cano-siempre-vigente-colombia\/#primaryimage"},"datePublished":"2018-11-01T18:22:53+00:00","dateModified":"2018-11-01T18:22:53+00:00","author":{"@id":"https:\/\/www.fumc.edu.co\/en\/#\/schema\/person\/50ed57da093fc879c363ff9de0a2abdb"},"description":"Una vez m\u00e1s, Mar\u00eda de los \u00c1ngeles Cano M\u00e1rquez es resaltada por los medios de comunicaci\u00f3n como una colombiana ejemplar para las nuevas generaciones.","breadcrumb":{"@id":"https:\/\/www.fumc.edu.co\/en\/pensamiento-maria-cano-siempre-vigente-colombia\/#breadcrumb"},"inLanguage":"es","potentialAction":[{"@type":"ReadAction","target":["https:\/\/www.fumc.edu.co\/en\/pensamiento-maria-cano-siempre-vigente-colombia\/"]}]},{"@type":"BreadcrumbList","@id":"https:\/\/www.fumc.edu.co\/en\/pensamiento-maria-cano-siempre-vigente-colombia\/#breadcrumb","itemListElement":[{"@type":"ListItem","position":1,"name":"Portada","item":"https:\/\/www.fumc.edu.co\/en\/"},{"@type":"ListItem","position":2,"name":"Pensamiento Mar\u00eda Cano siempre vigente para Colombia"}]},{"@type":"Person","@id":"https:\/\/www.fumc.edu.co\/en\/#\/schema\/person\/50ed57da093fc879c363ff9de0a2abdb","name":"Luis Fernando Gomez Londo\u00f1o","url":"https:\/\/www.fumc.edu.co\/en\/author\/asiscomunicaciones\/"}]}},"_links":{"self":[{"href":"https:\/\/www.fumc.edu.co\/en\/wp-json\/wp\/v2\/posts\/5718"}],"collection":[{"href":"https:\/\/www.fumc.edu.co\/en\/wp-json\/wp\/v2\/posts"}],"about":[{"href":"https:\/\/www.fumc.edu.co\/en\/wp-json\/wp\/v2\/types\/post"}],"author":[{"embeddable":true,"href":"https:\/\/www.fumc.edu.co\/en\/wp-json\/wp\/v2\/users\/5"}],"replies":[{"embeddable":true,"href":"https:\/\/www.fumc.edu.co\/en\/wp-json\/wp\/v2\/comments?post=5718"}],"version-history":[{"count":0,"href":"https:\/\/www.fumc.edu.co\/en\/wp-json\/wp\/v2\/posts\/5718\/revisions"}],"wp:featuredmedia":[{"embeddable":true,"href":"https:\/\/www.fumc.edu.co\/en\/wp-json\/wp\/v2\/media\/5719"}],"wp:attachment":[{"href":"https:\/\/www.fumc.edu.co\/en\/wp-json\/wp\/v2\/media?parent=5718"}],"wp:term":[{"taxonomy":"category","embeddable":true,"href":"https:\/\/www.fumc.edu.co\/en\/wp-json\/wp\/v2\/categories?post=5718"},{"taxonomy":"post_tag","embeddable":true,"href":"https:\/\/www.fumc.edu.co\/en\/wp-json\/wp\/v2\/tags?post=5718"}],"curies":[{"name":"wp","href":"https:\/\/api.w.org\/{rel}","templated":true}]}}