{"id":5720,"date":"2018-11-01T20:15:11","date_gmt":"2018-11-01T20:15:11","guid":{"rendered":"https:\/\/www.fumc.edu.co\/en\/?p=5720"},"modified":"2018-11-01T20:15:11","modified_gmt":"2018-11-01T20:15:11","slug":"la-sede-neiva-se-evidencia-compromiso-bienestar-comunitario","status":"publish","type":"post","link":"https:\/\/www.fumc.edu.co\/en\/la-sede-neiva-se-evidencia-compromiso-bienestar-comunitario\/","title":{"rendered":"En la sede Neiva se evidencia el compromiso con el bienestar comunitario"},"content":{"rendered":"<p>La Fundaci\u00f3n Universitaria Mar\u00eda Cano, en su sede ubicada en la capital del Huila, se sum\u00f3 al Simulacro Nacional de Respuesta a Emergencias que se viene realizando los \u00faltimos a\u00f1os en Colombia, en el cual\u00a0particip\u00f3 toda la comunidad universitaria y los visitantes de la Instituci\u00f3n. Profesores y administrativos que pertenecen al grupo de Brigadistas realizaron acciones de respuesta ante simulaci\u00f3n de posibles eventos tras un sismo, actividad que sirvi\u00f3 para evaluar los planes de contingencia y generar conciencia en la poblaci\u00f3n de la importancia de estar preparados en caso de emergencias que se puedan presentar; al tiempo que se ense\u00f1a a los profesionales en formaci\u00f3n, sobre la importancia de la prevenci\u00f3n y el cuidado ante situaciones que se presenten.<\/p>\n<p style=\"text-align: center;\"><img decoding=\"async\" loading=\"lazy\" class=\"alignnone size-full wp-image-5722\" src=\"https:\/\/www.fumc.edu.co\/en\/wp-content\/uploads\/IMG_2817.png\" alt=\"\" width=\"720\" height=\"430\" \/><\/p>\n<p>De igual manera, en iniciativa del \u00e1rea de Seguridad y Salud en el Trabajo, se adelant\u00f3 la Jornada de Seguridad y Salud en el Trabajo, denominada Prevenci\u00f3n del Riesgo Psicosocial y Promoci\u00f3n de H\u00e1bitos Saludables, en el cual se capacitaron a los docentes y administrativos en tem\u00e1ticas como comunicaci\u00f3n asertiva y trabajo en equipo fortaleciendo el clima laboral y organizacional, de igual forma recibieron capacitaci\u00f3n de los h\u00e1bitos de saludables enfocados en la alimentaci\u00f3n y actividad f\u00edsica.<\/p>\n<p style=\"text-align: center;\"><img decoding=\"async\" loading=\"lazy\" class=\"alignnone  wp-image-5723\" src=\"https:\/\/www.fumc.edu.co\/en\/wp-content\/uploads\/IMG_42022.png\" alt=\"\" width=\"713\" height=\"413\" \/><img decoding=\"async\" loading=\"lazy\" class=\"alignnone  wp-image-5724\" src=\"https:\/\/www.fumc.edu.co\/en\/wp-content\/uploads\/IMG_4260.png\" alt=\"\" width=\"711\" height=\"439\" \/><\/p>\n<p>&nbsp;<\/p>\n","protected":false},"excerpt":{"rendered":"<p>La Fundaci\u00f3n Universitaria Mar\u00eda Cano, en su sede ubicada en la capital del Huila, se sum\u00f3 al Simulacro Nacional de Respuesta a Emergencias que se viene realizando los \u00faltimos a\u00f1os en Colombia, en el cual\u00a0particip\u00f3 toda la comunidad universitaria y los visitantes de la Instituci\u00f3n. Profesores y administrativos que pertenecen al grupo de Brigadistas realizaron [&hellip;]<\/p>\n","protected":false},"author":5,"featured_media":5721,"comment_status":"closed","ping_status":"open","sticky":false,"template":"","format":"standard","meta":{"footnotes":""},"categories":[55],"tags":[],"yoast_head":"<!-- This site is optimized with the Yoast SEO plugin v18.4.1 - https:\/\/yoast.com\/wordpress\/plugins\/seo\/ -->\n<title>En la sede Neiva se evidencia el compromiso con el bienestar comunitario - Maria Cano - en<\/title>\n<meta name=\"description\" content=\"La Mar\u00eda Cano en Neiva, realiza jornadas de prevenci\u00f3n y atenci\u00f3n de desastres y cuidado del bienestar de la comunidad, con estilos de vida saludables.\" \/>\n<meta name=\"robots\" content=\"index, follow, max-snippet:-1, max-image-preview:large, max-video-preview:-1\" \/>\n<link rel=\"canonical\" href=\"https:\/\/www.fumc.edu.co\/en\/la-sede-neiva-se-evidencia-compromiso-bienestar-comunitario\/\" \/>\n<meta property=\"og:locale\" content=\"es_ES\" \/>\n<meta property=\"og:type\" content=\"article\" \/>\n<meta property=\"og:title\" content=\"En la sede Neiva se evidencia el compromiso con el bienestar comunitario - Maria Cano - en\" \/>\n<meta property=\"og:description\" content=\"La Mar\u00eda Cano en Neiva, realiza jornadas de prevenci\u00f3n y atenci\u00f3n de desastres y cuidado del bienestar de la comunidad, con estilos de vida saludables.\" \/>\n<meta property=\"og:url\" content=\"https:\/\/www.fumc.edu.co\/en\/la-sede-neiva-se-evidencia-compromiso-bienestar-comunitario\/\" \/>\n<meta property=\"og:site_name\" content=\"Maria Cano - en\" \/>\n<meta property=\"article:published_time\" content=\"2018-11-01T20:15:11+00:00\" \/>\n<meta property=\"og:image\" content=\"https:\/\/www.fumc.edu.co\/en\/wp-content\/uploads\/IMG_4130-1.png\" \/>\n\t<meta property=\"og:image:width\" content=\"840\" \/>\n\t<meta property=\"og:image:height\" content=\"430\" \/>\n\t<meta property=\"og:image:type\" content=\"image\/png\" \/>\n<meta name=\"twitter:card\" content=\"summary\" \/>\n<meta name=\"twitter:label1\" content=\"Escrito por\" \/>\n\t<meta name=\"twitter:data1\" content=\"Luis Fernando Gomez Londo\u00f1o\" \/>\n\t<meta name=\"twitter:label2\" content=\"Tiempo de lectura\" \/>\n\t<meta name=\"twitter:data2\" content=\"1 minuto\" \/>\n<script type=\"application\/ld+json\" class=\"yoast-schema-graph\">{\"@context\":\"https:\/\/schema.org\",\"@graph\":[{\"@type\":\"WebSite\",\"@id\":\"https:\/\/www.fumc.edu.co\/en\/#website\",\"url\":\"https:\/\/www.fumc.edu.co\/en\/\",\"name\":\"Maria Cano - en\",\"description\":\"Otro sitio realizado con WordPress\",\"potentialAction\":[{\"@type\":\"SearchAction\",\"target\":{\"@type\":\"EntryPoint\",\"urlTemplate\":\"https:\/\/www.fumc.edu.co\/en\/?s={search_term_string}\"},\"query-input\":\"required name=search_term_string\"}],\"inLanguage\":\"es\"},{\"@type\":\"ImageObject\",\"@id\":\"https:\/\/www.fumc.edu.co\/en\/la-sede-neiva-se-evidencia-compromiso-bienestar-comunitario\/#primaryimage\",\"inLanguage\":\"es\",\"url\":\"https:\/\/www.fumc.edu.co\/en\/wp-content\/uploads\/IMG_4130-1.png\",\"contentUrl\":\"https:\/\/www.fumc.edu.co\/en\/wp-content\/uploads\/IMG_4130-1.png\",\"width\":840,\"height\":430},{\"@type\":\"WebPage\",\"@id\":\"https:\/\/www.fumc.edu.co\/en\/la-sede-neiva-se-evidencia-compromiso-bienestar-comunitario\/#webpage\",\"url\":\"https:\/\/www.fumc.edu.co\/en\/la-sede-neiva-se-evidencia-compromiso-bienestar-comunitario\/\",\"name\":\"En la sede Neiva se evidencia el compromiso con el bienestar comunitario - Maria Cano - en\",\"isPartOf\":{\"@id\":\"https:\/\/www.fumc.edu.co\/en\/#website\"},\"primaryImageOfPage\":{\"@id\":\"https:\/\/www.fumc.edu.co\/en\/la-sede-neiva-se-evidencia-compromiso-bienestar-comunitario\/#primaryimage\"},\"datePublished\":\"2018-11-01T20:15:11+00:00\",\"dateModified\":\"2018-11-01T20:15:11+00:00\",\"author\":{\"@id\":\"https:\/\/www.fumc.edu.co\/en\/#\/schema\/person\/50ed57da093fc879c363ff9de0a2abdb\"},\"description\":\"La Mar\u00eda Cano en Neiva, realiza jornadas de prevenci\u00f3n y atenci\u00f3n de desastres y cuidado del bienestar de la comunidad, con estilos de vida saludables.\",\"breadcrumb\":{\"@id\":\"https:\/\/www.fumc.edu.co\/en\/la-sede-neiva-se-evidencia-compromiso-bienestar-comunitario\/#breadcrumb\"},\"inLanguage\":\"es\",\"potentialAction\":[{\"@type\":\"ReadAction\",\"target\":[\"https:\/\/www.fumc.edu.co\/en\/la-sede-neiva-se-evidencia-compromiso-bienestar-comunitario\/\"]}]},{\"@type\":\"BreadcrumbList\",\"@id\":\"https:\/\/www.fumc.edu.co\/en\/la-sede-neiva-se-evidencia-compromiso-bienestar-comunitario\/#breadcrumb\",\"itemListElement\":[{\"@type\":\"ListItem\",\"position\":1,\"name\":\"Portada\",\"item\":\"https:\/\/www.fumc.edu.co\/en\/\"},{\"@type\":\"ListItem\",\"position\":2,\"name\":\"En la sede Neiva se evidencia el compromiso con el bienestar comunitario\"}]},{\"@type\":\"Person\",\"@id\":\"https:\/\/www.fumc.edu.co\/en\/#\/schema\/person\/50ed57da093fc879c363ff9de0a2abdb\",\"name\":\"Luis Fernando Gomez Londo\u00f1o\",\"url\":\"https:\/\/www.fumc.edu.co\/en\/author\/asiscomunicaciones\/\"}]}<\/script>\n<!-- \/ Yoast SEO plugin. -->","yoast_head_json":{"title":"En la sede Neiva se evidencia el compromiso con el bienestar comunitario - Maria Cano - en","description":"La Mar\u00eda Cano en Neiva, realiza jornadas de prevenci\u00f3n y atenci\u00f3n de desastres y cuidado del bienestar de la comunidad, con estilos de vida saludables.","robots":{"index":"index","follow":"follow","max-snippet":"max-snippet:-1","max-image-preview":"max-image-preview:large","max-video-preview":"max-video-preview:-1"},"canonical":"https:\/\/www.fumc.edu.co\/en\/la-sede-neiva-se-evidencia-compromiso-bienestar-comunitario\/","og_locale":"es_ES","og_type":"article","og_title":"En la sede Neiva se evidencia el compromiso con el bienestar comunitario - Maria Cano - en","og_description":"La Mar\u00eda Cano en Neiva, realiza jornadas de prevenci\u00f3n y atenci\u00f3n de desastres y cuidado del bienestar de la comunidad, con estilos de vida saludables.","og_url":"https:\/\/www.fumc.edu.co\/en\/la-sede-neiva-se-evidencia-compromiso-bienestar-comunitario\/","og_site_name":"Maria Cano - en","article_published_time":"2018-11-01T20:15:11+00:00","og_image":[{"width":840,"height":430,"url":"https:\/\/www.fumc.edu.co\/en\/wp-content\/uploads\/IMG_4130-1.png","type":"image\/png"}],"twitter_card":"summary","twitter_misc":{"Escrito por":"Luis Fernando Gomez Londo\u00f1o","Tiempo de lectura":"1 minuto"},"schema":{"@context":"https:\/\/schema.org","@graph":[{"@type":"WebSite","@id":"https:\/\/www.fumc.edu.co\/en\/#website","url":"https:\/\/www.fumc.edu.co\/en\/","name":"Maria Cano - en","description":"Otro sitio realizado con WordPress","potentialAction":[{"@type":"SearchAction","target":{"@type":"EntryPoint","urlTemplate":"https:\/\/www.fumc.edu.co\/en\/?s={search_term_string}"},"query-input":"required name=search_term_string"}],"inLanguage":"es"},{"@type":"ImageObject","@id":"https:\/\/www.fumc.edu.co\/en\/la-sede-neiva-se-evidencia-compromiso-bienestar-comunitario\/#primaryimage","inLanguage":"es","url":"https:\/\/www.fumc.edu.co\/en\/wp-content\/uploads\/IMG_4130-1.png","contentUrl":"https:\/\/www.fumc.edu.co\/en\/wp-content\/uploads\/IMG_4130-1.png","width":840,"height":430},{"@type":"WebPage","@id":"https:\/\/www.fumc.edu.co\/en\/la-sede-neiva-se-evidencia-compromiso-bienestar-comunitario\/#webpage","url":"https:\/\/www.fumc.edu.co\/en\/la-sede-neiva-se-evidencia-compromiso-bienestar-comunitario\/","name":"En la sede Neiva se evidencia el compromiso con el bienestar comunitario - Maria Cano - en","isPartOf":{"@id":"https:\/\/www.fumc.edu.co\/en\/#website"},"primaryImageOfPage":{"@id":"https:\/\/www.fumc.edu.co\/en\/la-sede-neiva-se-evidencia-compromiso-bienestar-comunitario\/#primaryimage"},"datePublished":"2018-11-01T20:15:11+00:00","dateModified":"2018-11-01T20:15:11+00:00","author":{"@id":"https:\/\/www.fumc.edu.co\/en\/#\/schema\/person\/50ed57da093fc879c363ff9de0a2abdb"},"description":"La Mar\u00eda Cano en Neiva, realiza jornadas de prevenci\u00f3n y atenci\u00f3n de desastres y cuidado del bienestar de la comunidad, con estilos de vida saludables.","breadcrumb":{"@id":"https:\/\/www.fumc.edu.co\/en\/la-sede-neiva-se-evidencia-compromiso-bienestar-comunitario\/#breadcrumb"},"inLanguage":"es","potentialAction":[{"@type":"ReadAction","target":["https:\/\/www.fumc.edu.co\/en\/la-sede-neiva-se-evidencia-compromiso-bienestar-comunitario\/"]}]},{"@type":"BreadcrumbList","@id":"https:\/\/www.fumc.edu.co\/en\/la-sede-neiva-se-evidencia-compromiso-bienestar-comunitario\/#breadcrumb","itemListElement":[{"@type":"ListItem","position":1,"name":"Portada","item":"https:\/\/www.fumc.edu.co\/en\/"},{"@type":"ListItem","position":2,"name":"En la sede Neiva se evidencia el compromiso con el bienestar comunitario"}]},{"@type":"Person","@id":"https:\/\/www.fumc.edu.co\/en\/#\/schema\/person\/50ed57da093fc879c363ff9de0a2abdb","name":"Luis Fernando Gomez Londo\u00f1o","url":"https:\/\/www.fumc.edu.co\/en\/author\/asiscomunicaciones\/"}]}},"_links":{"self":[{"href":"https:\/\/www.fumc.edu.co\/en\/wp-json\/wp\/v2\/posts\/5720"}],"collection":[{"href":"https:\/\/www.fumc.edu.co\/en\/wp-json\/wp\/v2\/posts"}],"about":[{"href":"https:\/\/www.fumc.edu.co\/en\/wp-json\/wp\/v2\/types\/post"}],"author":[{"embeddable":true,"href":"https:\/\/www.fumc.edu.co\/en\/wp-json\/wp\/v2\/users\/5"}],"replies":[{"embeddable":true,"href":"https:\/\/www.fumc.edu.co\/en\/wp-json\/wp\/v2\/comments?post=5720"}],"version-history":[{"count":0,"href":"https:\/\/www.fumc.edu.co\/en\/wp-json\/wp\/v2\/posts\/5720\/revisions"}],"wp:featuredmedia":[{"embeddable":true,"href":"https:\/\/www.fumc.edu.co\/en\/wp-json\/wp\/v2\/media\/5721"}],"wp:attachment":[{"href":"https:\/\/www.fumc.edu.co\/en\/wp-json\/wp\/v2\/media?parent=5720"}],"wp:term":[{"taxonomy":"category","embeddable":true,"href":"https:\/\/www.fumc.edu.co\/en\/wp-json\/wp\/v2\/categories?post=5720"},{"taxonomy":"post_tag","embeddable":true,"href":"https:\/\/www.fumc.edu.co\/en\/wp-json\/wp\/v2\/tags?post=5720"}],"curies":[{"name":"wp","href":"https:\/\/api.w.org\/{rel}","templated":true}]}}