{"id":5725,"date":"2018-11-02T13:36:02","date_gmt":"2018-11-02T13:36:02","guid":{"rendered":"https:\/\/www.fumc.edu.co\/en\/?p=5725"},"modified":"2018-11-02T13:36:54","modified_gmt":"2018-11-02T13:36:54","slug":"se-fortalece-relacionamiento-del-programa-fonoaudiologia-la-maria-cano","status":"publish","type":"post","link":"https:\/\/www.fumc.edu.co\/en\/se-fortalece-relacionamiento-del-programa-fonoaudiologia-la-maria-cano\/","title":{"rendered":"Se fortalece el relacionamiento del programa de Fonoaudiolog\u00eda de la Mar\u00eda Cano"},"content":{"rendered":"<p>La Directora del Programa, que es pionero en Antioquia, Belkis Lorena Torres Osorio, participa en VII Encuentro Nacional de Docentes y Directivos de Fonoaudiolog\u00eda que tiene lugar los d\u00edas 1 y 2 de noviembre en la Universidad del Cauca, en la ciudad de Popay\u00e1n. La actividad que se realiza en el\u00a0Paraninfo Francisco Jos\u00e9 de Caldas y en el Auditorio Antonio Jos\u00e9 Lemos Guzm\u00e1n de la Facultad de Ciencias de la Salud, tiene como principal objetivo\u00a0compartir un espacio de di\u00e1logo y reflexi\u00f3n alrededor de la transformaci\u00f3n curricular; donde se abordan temas como el modelo de atenci\u00f3n integral en salud, la atenci\u00f3n primaria en salud en los pregrados del \u00e1rea, los retos en la formaci\u00f3n profesional, la educaci\u00f3n interprofesional, las nuevas tendencias en educaci\u00f3n, la evaluaci\u00f3n de los aprendizajes, as\u00ed como mesas de trabajo para exaltar el trabajo de estos profesionales.<\/p>\n<p>En la cita acad\u00e9mica participan representantes de 11 universidades de Colombia que cuentan con el programa de Fonoaudiolog\u00eda que cuentan con esta oferta acad\u00e9mica, para un total de 48 participantes entre directores y profesores especializados, lo que permite mirar el trabajo que se brinda a la comunidad, con un enfoque multicultural, en el cual se estudian los casos que se han presentado en diferentes regiones del pa\u00eds y en todo tipo de poblaciones; lo que engrandece el accionar para la futura transmisi\u00f3n del conocimiento a los estudiantes en formaci\u00f3n.<\/p>\n<p>La Fonoaudiolog\u00eda es una profesi\u00f3n de la salud que aborda la comunicaci\u00f3n humana, sus des\u00f3rdenes y variaciones. Esta comunicaci\u00f3n se manifiesta en la capacidad de la persona para relacionarse con otros a trav\u00e9s de habilidades para hablar, escuchar, leer y escribir. Sin embargo, estas habilidades se pueden ver disminuidas o alteradas por causas biol\u00f3gicas, psicol\u00f3gicas o sociales que afectan el bienestar de la persona y su calidad de vida, desencadenando des\u00f3rdenes de comunicaci\u00f3n.<\/p>\n<p>#VivelaMar\u00edaCano<\/p>\n","protected":false},"excerpt":{"rendered":"<p>La Directora del Programa, que es pionero en Antioquia, Belkis Lorena Torres Osorio, participa en VII Encuentro Nacional de Docentes y Directivos de Fonoaudiolog\u00eda que tiene lugar los d\u00edas 1 y 2 de noviembre en la Universidad del Cauca, en la ciudad de Popay\u00e1n. La actividad que se realiza en el\u00a0Paraninfo Francisco Jos\u00e9 de Caldas [&hellip;]<\/p>\n","protected":false},"author":5,"featured_media":5726,"comment_status":"closed","ping_status":"open","sticky":false,"template":"","format":"standard","meta":{"footnotes":""},"categories":[53],"tags":[],"yoast_head":"<!-- This site is optimized with the Yoast SEO plugin v18.4.1 - https:\/\/yoast.com\/wordpress\/plugins\/seo\/ -->\n<title>Se fortalece el relacionamiento del programa de Fonoaudiolog\u00eda de la Mar\u00eda Cano - Maria Cano - en<\/title>\n<meta name=\"description\" content=\"Directivos y profesores de los programas de Fonoaudiolog\u00eda en Colombia, se unen para actualizar los conocimientos en el \u00e1rea para la comunidad.\" \/>\n<meta name=\"robots\" content=\"index, follow, max-snippet:-1, max-image-preview:large, max-video-preview:-1\" \/>\n<link rel=\"canonical\" href=\"https:\/\/www.fumc.edu.co\/en\/se-fortalece-relacionamiento-del-programa-fonoaudiologia-la-maria-cano\/\" \/>\n<meta property=\"og:locale\" content=\"es_ES\" \/>\n<meta property=\"og:type\" content=\"article\" \/>\n<meta property=\"og:title\" content=\"Se fortalece el relacionamiento del programa de Fonoaudiolog\u00eda de la Mar\u00eda Cano - Maria Cano - en\" \/>\n<meta property=\"og:description\" content=\"Directivos y profesores de los programas de Fonoaudiolog\u00eda en Colombia, se unen para actualizar los conocimientos en el \u00e1rea para la comunidad.\" \/>\n<meta property=\"og:url\" content=\"https:\/\/www.fumc.edu.co\/en\/se-fortalece-relacionamiento-del-programa-fonoaudiologia-la-maria-cano\/\" \/>\n<meta property=\"og:site_name\" content=\"Maria Cano - en\" \/>\n<meta property=\"article:published_time\" content=\"2018-11-02T13:36:02+00:00\" \/>\n<meta property=\"article:modified_time\" content=\"2018-11-02T13:36:54+00:00\" \/>\n<meta property=\"og:image\" content=\"https:\/\/www.fumc.edu.co\/en\/wp-content\/uploads\/Belkis.png\" \/>\n\t<meta property=\"og:image:width\" content=\"840\" \/>\n\t<meta property=\"og:image:height\" content=\"430\" \/>\n\t<meta property=\"og:image:type\" content=\"image\/png\" \/>\n<meta name=\"twitter:card\" content=\"summary\" \/>\n<meta name=\"twitter:label1\" content=\"Escrito por\" \/>\n\t<meta name=\"twitter:data1\" content=\"Luis Fernando Gomez Londo\u00f1o\" \/>\n\t<meta name=\"twitter:label2\" content=\"Tiempo de lectura\" \/>\n\t<meta name=\"twitter:data2\" content=\"2 minutos\" \/>\n<script type=\"application\/ld+json\" class=\"yoast-schema-graph\">{\"@context\":\"https:\/\/schema.org\",\"@graph\":[{\"@type\":\"WebSite\",\"@id\":\"https:\/\/www.fumc.edu.co\/en\/#website\",\"url\":\"https:\/\/www.fumc.edu.co\/en\/\",\"name\":\"Maria Cano - en\",\"description\":\"Otro sitio realizado con WordPress\",\"potentialAction\":[{\"@type\":\"SearchAction\",\"target\":{\"@type\":\"EntryPoint\",\"urlTemplate\":\"https:\/\/www.fumc.edu.co\/en\/?s={search_term_string}\"},\"query-input\":\"required name=search_term_string\"}],\"inLanguage\":\"es\"},{\"@type\":\"ImageObject\",\"@id\":\"https:\/\/www.fumc.edu.co\/en\/se-fortalece-relacionamiento-del-programa-fonoaudiologia-la-maria-cano\/#primaryimage\",\"inLanguage\":\"es\",\"url\":\"https:\/\/www.fumc.edu.co\/en\/wp-content\/uploads\/Belkis.png\",\"contentUrl\":\"https:\/\/www.fumc.edu.co\/en\/wp-content\/uploads\/Belkis.png\",\"width\":840,\"height\":430},{\"@type\":\"WebPage\",\"@id\":\"https:\/\/www.fumc.edu.co\/en\/se-fortalece-relacionamiento-del-programa-fonoaudiologia-la-maria-cano\/#webpage\",\"url\":\"https:\/\/www.fumc.edu.co\/en\/se-fortalece-relacionamiento-del-programa-fonoaudiologia-la-maria-cano\/\",\"name\":\"Se fortalece el relacionamiento del programa de Fonoaudiolog\u00eda de la Mar\u00eda Cano - Maria Cano - en\",\"isPartOf\":{\"@id\":\"https:\/\/www.fumc.edu.co\/en\/#website\"},\"primaryImageOfPage\":{\"@id\":\"https:\/\/www.fumc.edu.co\/en\/se-fortalece-relacionamiento-del-programa-fonoaudiologia-la-maria-cano\/#primaryimage\"},\"datePublished\":\"2018-11-02T13:36:02+00:00\",\"dateModified\":\"2018-11-02T13:36:54+00:00\",\"author\":{\"@id\":\"https:\/\/www.fumc.edu.co\/en\/#\/schema\/person\/50ed57da093fc879c363ff9de0a2abdb\"},\"description\":\"Directivos y profesores de los programas de Fonoaudiolog\u00eda en Colombia, se unen para actualizar los conocimientos en el \u00e1rea para la comunidad.\",\"breadcrumb\":{\"@id\":\"https:\/\/www.fumc.edu.co\/en\/se-fortalece-relacionamiento-del-programa-fonoaudiologia-la-maria-cano\/#breadcrumb\"},\"inLanguage\":\"es\",\"potentialAction\":[{\"@type\":\"ReadAction\",\"target\":[\"https:\/\/www.fumc.edu.co\/en\/se-fortalece-relacionamiento-del-programa-fonoaudiologia-la-maria-cano\/\"]}]},{\"@type\":\"BreadcrumbList\",\"@id\":\"https:\/\/www.fumc.edu.co\/en\/se-fortalece-relacionamiento-del-programa-fonoaudiologia-la-maria-cano\/#breadcrumb\",\"itemListElement\":[{\"@type\":\"ListItem\",\"position\":1,\"name\":\"Portada\",\"item\":\"https:\/\/www.fumc.edu.co\/en\/\"},{\"@type\":\"ListItem\",\"position\":2,\"name\":\"Se fortalece el relacionamiento del programa de Fonoaudiolog\u00eda de la Mar\u00eda Cano\"}]},{\"@type\":\"Person\",\"@id\":\"https:\/\/www.fumc.edu.co\/en\/#\/schema\/person\/50ed57da093fc879c363ff9de0a2abdb\",\"name\":\"Luis Fernando Gomez Londo\u00f1o\",\"url\":\"https:\/\/www.fumc.edu.co\/en\/author\/asiscomunicaciones\/\"}]}<\/script>\n<!-- \/ Yoast SEO plugin. -->","yoast_head_json":{"title":"Se fortalece el relacionamiento del programa de Fonoaudiolog\u00eda de la Mar\u00eda Cano - Maria Cano - en","description":"Directivos y profesores de los programas de Fonoaudiolog\u00eda en Colombia, se unen para actualizar los conocimientos en el \u00e1rea para la comunidad.","robots":{"index":"index","follow":"follow","max-snippet":"max-snippet:-1","max-image-preview":"max-image-preview:large","max-video-preview":"max-video-preview:-1"},"canonical":"https:\/\/www.fumc.edu.co\/en\/se-fortalece-relacionamiento-del-programa-fonoaudiologia-la-maria-cano\/","og_locale":"es_ES","og_type":"article","og_title":"Se fortalece el relacionamiento del programa de Fonoaudiolog\u00eda de la Mar\u00eda Cano - Maria Cano - en","og_description":"Directivos y profesores de los programas de Fonoaudiolog\u00eda en Colombia, se unen para actualizar los conocimientos en el \u00e1rea para la comunidad.","og_url":"https:\/\/www.fumc.edu.co\/en\/se-fortalece-relacionamiento-del-programa-fonoaudiologia-la-maria-cano\/","og_site_name":"Maria Cano - en","article_published_time":"2018-11-02T13:36:02+00:00","article_modified_time":"2018-11-02T13:36:54+00:00","og_image":[{"width":840,"height":430,"url":"https:\/\/www.fumc.edu.co\/en\/wp-content\/uploads\/Belkis.png","type":"image\/png"}],"twitter_card":"summary","twitter_misc":{"Escrito por":"Luis Fernando Gomez Londo\u00f1o","Tiempo de lectura":"2 minutos"},"schema":{"@context":"https:\/\/schema.org","@graph":[{"@type":"WebSite","@id":"https:\/\/www.fumc.edu.co\/en\/#website","url":"https:\/\/www.fumc.edu.co\/en\/","name":"Maria Cano - en","description":"Otro sitio realizado con WordPress","potentialAction":[{"@type":"SearchAction","target":{"@type":"EntryPoint","urlTemplate":"https:\/\/www.fumc.edu.co\/en\/?s={search_term_string}"},"query-input":"required name=search_term_string"}],"inLanguage":"es"},{"@type":"ImageObject","@id":"https:\/\/www.fumc.edu.co\/en\/se-fortalece-relacionamiento-del-programa-fonoaudiologia-la-maria-cano\/#primaryimage","inLanguage":"es","url":"https:\/\/www.fumc.edu.co\/en\/wp-content\/uploads\/Belkis.png","contentUrl":"https:\/\/www.fumc.edu.co\/en\/wp-content\/uploads\/Belkis.png","width":840,"height":430},{"@type":"WebPage","@id":"https:\/\/www.fumc.edu.co\/en\/se-fortalece-relacionamiento-del-programa-fonoaudiologia-la-maria-cano\/#webpage","url":"https:\/\/www.fumc.edu.co\/en\/se-fortalece-relacionamiento-del-programa-fonoaudiologia-la-maria-cano\/","name":"Se fortalece el relacionamiento del programa de Fonoaudiolog\u00eda de la Mar\u00eda Cano - Maria Cano - en","isPartOf":{"@id":"https:\/\/www.fumc.edu.co\/en\/#website"},"primaryImageOfPage":{"@id":"https:\/\/www.fumc.edu.co\/en\/se-fortalece-relacionamiento-del-programa-fonoaudiologia-la-maria-cano\/#primaryimage"},"datePublished":"2018-11-02T13:36:02+00:00","dateModified":"2018-11-02T13:36:54+00:00","author":{"@id":"https:\/\/www.fumc.edu.co\/en\/#\/schema\/person\/50ed57da093fc879c363ff9de0a2abdb"},"description":"Directivos y profesores de los programas de Fonoaudiolog\u00eda en Colombia, se unen para actualizar los conocimientos en el \u00e1rea para la comunidad.","breadcrumb":{"@id":"https:\/\/www.fumc.edu.co\/en\/se-fortalece-relacionamiento-del-programa-fonoaudiologia-la-maria-cano\/#breadcrumb"},"inLanguage":"es","potentialAction":[{"@type":"ReadAction","target":["https:\/\/www.fumc.edu.co\/en\/se-fortalece-relacionamiento-del-programa-fonoaudiologia-la-maria-cano\/"]}]},{"@type":"BreadcrumbList","@id":"https:\/\/www.fumc.edu.co\/en\/se-fortalece-relacionamiento-del-programa-fonoaudiologia-la-maria-cano\/#breadcrumb","itemListElement":[{"@type":"ListItem","position":1,"name":"Portada","item":"https:\/\/www.fumc.edu.co\/en\/"},{"@type":"ListItem","position":2,"name":"Se fortalece el relacionamiento del programa de Fonoaudiolog\u00eda de la Mar\u00eda Cano"}]},{"@type":"Person","@id":"https:\/\/www.fumc.edu.co\/en\/#\/schema\/person\/50ed57da093fc879c363ff9de0a2abdb","name":"Luis Fernando Gomez Londo\u00f1o","url":"https:\/\/www.fumc.edu.co\/en\/author\/asiscomunicaciones\/"}]}},"_links":{"self":[{"href":"https:\/\/www.fumc.edu.co\/en\/wp-json\/wp\/v2\/posts\/5725"}],"collection":[{"href":"https:\/\/www.fumc.edu.co\/en\/wp-json\/wp\/v2\/posts"}],"about":[{"href":"https:\/\/www.fumc.edu.co\/en\/wp-json\/wp\/v2\/types\/post"}],"author":[{"embeddable":true,"href":"https:\/\/www.fumc.edu.co\/en\/wp-json\/wp\/v2\/users\/5"}],"replies":[{"embeddable":true,"href":"https:\/\/www.fumc.edu.co\/en\/wp-json\/wp\/v2\/comments?post=5725"}],"version-history":[{"count":0,"href":"https:\/\/www.fumc.edu.co\/en\/wp-json\/wp\/v2\/posts\/5725\/revisions"}],"wp:featuredmedia":[{"embeddable":true,"href":"https:\/\/www.fumc.edu.co\/en\/wp-json\/wp\/v2\/media\/5726"}],"wp:attachment":[{"href":"https:\/\/www.fumc.edu.co\/en\/wp-json\/wp\/v2\/media?parent=5725"}],"wp:term":[{"taxonomy":"category","embeddable":true,"href":"https:\/\/www.fumc.edu.co\/en\/wp-json\/wp\/v2\/categories?post=5725"},{"taxonomy":"post_tag","embeddable":true,"href":"https:\/\/www.fumc.edu.co\/en\/wp-json\/wp\/v2\/tags?post=5725"}],"curies":[{"name":"wp","href":"https:\/\/api.w.org\/{rel}","templated":true}]}}