{"id":5745,"date":"2018-11-06T14:03:17","date_gmt":"2018-11-06T14:03:17","guid":{"rendered":"https:\/\/www.fumc.edu.co\/en\/?p=5745"},"modified":"2018-11-06T14:06:43","modified_gmt":"2018-11-06T14:06:43","slug":"conoce-ten-presente-las-fechas-del-calendario-academico-institucional","status":"publish","type":"post","link":"https:\/\/www.fumc.edu.co\/en\/conoce-ten-presente-las-fechas-del-calendario-academico-institucional\/","title":{"rendered":"Conoce y ten presente las fechas del calendario acad\u00e9mico institucional 2019"},"content":{"rendered":"<p>La planeaci\u00f3n estricta y cuidadosa de todas las actividades institucionales, demuestran que somos una Mar\u00eda Cano que est\u00e1 al d\u00eda con toda la organizaci\u00f3n de sus procesos, tanto acad\u00e9micos como administrativos; al tiempo que permite que todos los integrantes de la comunidad universitaria: estudiantes, profesores, egresados, colaboradores y comunidad en general, puedan proyectar su accionar, sus tiempos, la fechas de pagos, los registros, los requerimientos y el diario accionar de la Instituci\u00f3n en la sede principal de Medell\u00edn y en sus sedes ubicadas en las ciudades de Cali, Neiva y Popay\u00e1n. Una Mar\u00eda Cano alineada, ser\u00eda, coherente, que trabaja en forma multicampus, respetando a todos sus equipos y permitiendo el trabajo en equipo para el bienestar de toda la comunidad.<\/p>\n<p>Es as\u00ed como te presentamos el calendario acad\u00e9mico institucional que tendr\u00e1 lugar en la vigencia 2019, para que lo descargues y lo tengas en cuenta; puede ser fuente de consulta para las programaciones que realizas y lo puedes compartir con tus compa\u00f1eros. Juntos construimos la Mar\u00eda Cano que so\u00f1amos, unidos podemos transitar por la ruta del \u00e9xito, la comunicaci\u00f3n y la socializaci\u00f3n constante de los procesos.<\/p>\n<p><strong><a href=\"https:\/\/www.fumc.edu.co\/en\/institucional\/calendario-institucional-2018\/\">Consulta AQU\u00cd el calendario acad\u00e9mico institucional<\/a><\/strong><\/p>\n<p>#VivelaMar\u00edaCano<\/p>\n","protected":false},"excerpt":{"rendered":"<p>La planeaci\u00f3n estricta y cuidadosa de todas las actividades institucionales, demuestran que somos una Mar\u00eda Cano que est\u00e1 al d\u00eda con toda la organizaci\u00f3n de sus procesos, tanto acad\u00e9micos como administrativos; al tiempo que permite que todos los integrantes de la comunidad universitaria: estudiantes, profesores, egresados, colaboradores y comunidad en general, puedan proyectar su accionar, [&hellip;]<\/p>\n","protected":false},"author":5,"featured_media":5746,"comment_status":"closed","ping_status":"open","sticky":false,"template":"","format":"standard","meta":{"footnotes":""},"categories":[54,53,55,56],"tags":[],"yoast_head":"<!-- This site is optimized with the Yoast SEO plugin v18.4.1 - https:\/\/yoast.com\/wordpress\/plugins\/seo\/ -->\n<title>Conoce y ten presente las fechas del calendario acad\u00e9mico institucional 2019 - Maria Cano - en<\/title>\n<meta name=\"description\" content=\"La Mar\u00eda Cano pone a disposici\u00f3n de toda la comunidad universitaria, el calendario acad\u00e9mico institucional que debes tener en cuenta para 2019.\" \/>\n<meta name=\"robots\" content=\"index, follow, max-snippet:-1, max-image-preview:large, max-video-preview:-1\" \/>\n<link rel=\"canonical\" href=\"https:\/\/www.fumc.edu.co\/en\/conoce-ten-presente-las-fechas-del-calendario-academico-institucional\/\" \/>\n<meta property=\"og:locale\" content=\"es_ES\" \/>\n<meta property=\"og:type\" content=\"article\" \/>\n<meta property=\"og:title\" content=\"Conoce y ten presente las fechas del calendario acad\u00e9mico institucional 2019 - Maria Cano - en\" \/>\n<meta property=\"og:description\" content=\"La Mar\u00eda Cano pone a disposici\u00f3n de toda la comunidad universitaria, el calendario acad\u00e9mico institucional que debes tener en cuenta para 2019.\" \/>\n<meta property=\"og:url\" content=\"https:\/\/www.fumc.edu.co\/en\/conoce-ten-presente-las-fechas-del-calendario-academico-institucional\/\" \/>\n<meta property=\"og:site_name\" content=\"Maria Cano - en\" \/>\n<meta property=\"article:published_time\" content=\"2018-11-06T14:03:17+00:00\" \/>\n<meta property=\"article:modified_time\" content=\"2018-11-06T14:06:43+00:00\" \/>\n<meta property=\"og:image\" content=\"https:\/\/www.fumc.edu.co\/en\/wp-content\/uploads\/Ecard_calendario_academico_1.png\" \/>\n\t<meta property=\"og:image:width\" content=\"764\" \/>\n\t<meta property=\"og:image:height\" content=\"430\" \/>\n\t<meta property=\"og:image:type\" content=\"image\/png\" \/>\n<meta name=\"twitter:card\" content=\"summary\" \/>\n<meta name=\"twitter:label1\" content=\"Escrito por\" \/>\n\t<meta name=\"twitter:data1\" content=\"Luis Fernando Gomez Londo\u00f1o\" \/>\n\t<meta name=\"twitter:label2\" content=\"Tiempo de lectura\" \/>\n\t<meta name=\"twitter:data2\" content=\"1 minuto\" \/>\n<script type=\"application\/ld+json\" class=\"yoast-schema-graph\">{\"@context\":\"https:\/\/schema.org\",\"@graph\":[{\"@type\":\"WebSite\",\"@id\":\"https:\/\/www.fumc.edu.co\/en\/#website\",\"url\":\"https:\/\/www.fumc.edu.co\/en\/\",\"name\":\"Maria Cano - en\",\"description\":\"Otro sitio realizado con WordPress\",\"potentialAction\":[{\"@type\":\"SearchAction\",\"target\":{\"@type\":\"EntryPoint\",\"urlTemplate\":\"https:\/\/www.fumc.edu.co\/en\/?s={search_term_string}\"},\"query-input\":\"required name=search_term_string\"}],\"inLanguage\":\"es\"},{\"@type\":\"ImageObject\",\"@id\":\"https:\/\/www.fumc.edu.co\/en\/conoce-ten-presente-las-fechas-del-calendario-academico-institucional\/#primaryimage\",\"inLanguage\":\"es\",\"url\":\"https:\/\/www.fumc.edu.co\/en\/wp-content\/uploads\/Ecard_calendario_academico_1.png\",\"contentUrl\":\"https:\/\/www.fumc.edu.co\/en\/wp-content\/uploads\/Ecard_calendario_academico_1.png\",\"width\":764,\"height\":430},{\"@type\":\"WebPage\",\"@id\":\"https:\/\/www.fumc.edu.co\/en\/conoce-ten-presente-las-fechas-del-calendario-academico-institucional\/#webpage\",\"url\":\"https:\/\/www.fumc.edu.co\/en\/conoce-ten-presente-las-fechas-del-calendario-academico-institucional\/\",\"name\":\"Conoce y ten presente las fechas del calendario acad\u00e9mico institucional 2019 - Maria Cano - en\",\"isPartOf\":{\"@id\":\"https:\/\/www.fumc.edu.co\/en\/#website\"},\"primaryImageOfPage\":{\"@id\":\"https:\/\/www.fumc.edu.co\/en\/conoce-ten-presente-las-fechas-del-calendario-academico-institucional\/#primaryimage\"},\"datePublished\":\"2018-11-06T14:03:17+00:00\",\"dateModified\":\"2018-11-06T14:06:43+00:00\",\"author\":{\"@id\":\"https:\/\/www.fumc.edu.co\/en\/#\/schema\/person\/50ed57da093fc879c363ff9de0a2abdb\"},\"description\":\"La Mar\u00eda Cano pone a disposici\u00f3n de toda la comunidad universitaria, el calendario acad\u00e9mico institucional que debes tener en cuenta para 2019.\",\"breadcrumb\":{\"@id\":\"https:\/\/www.fumc.edu.co\/en\/conoce-ten-presente-las-fechas-del-calendario-academico-institucional\/#breadcrumb\"},\"inLanguage\":\"es\",\"potentialAction\":[{\"@type\":\"ReadAction\",\"target\":[\"https:\/\/www.fumc.edu.co\/en\/conoce-ten-presente-las-fechas-del-calendario-academico-institucional\/\"]}]},{\"@type\":\"BreadcrumbList\",\"@id\":\"https:\/\/www.fumc.edu.co\/en\/conoce-ten-presente-las-fechas-del-calendario-academico-institucional\/#breadcrumb\",\"itemListElement\":[{\"@type\":\"ListItem\",\"position\":1,\"name\":\"Portada\",\"item\":\"https:\/\/www.fumc.edu.co\/en\/\"},{\"@type\":\"ListItem\",\"position\":2,\"name\":\"Conoce y ten presente las fechas del calendario acad\u00e9mico institucional 2019\"}]},{\"@type\":\"Person\",\"@id\":\"https:\/\/www.fumc.edu.co\/en\/#\/schema\/person\/50ed57da093fc879c363ff9de0a2abdb\",\"name\":\"Luis Fernando Gomez Londo\u00f1o\",\"url\":\"https:\/\/www.fumc.edu.co\/en\/author\/asiscomunicaciones\/\"}]}<\/script>\n<!-- \/ Yoast SEO plugin. -->","yoast_head_json":{"title":"Conoce y ten presente las fechas del calendario acad\u00e9mico institucional 2019 - Maria Cano - en","description":"La Mar\u00eda Cano pone a disposici\u00f3n de toda la comunidad universitaria, el calendario acad\u00e9mico institucional que debes tener en cuenta para 2019.","robots":{"index":"index","follow":"follow","max-snippet":"max-snippet:-1","max-image-preview":"max-image-preview:large","max-video-preview":"max-video-preview:-1"},"canonical":"https:\/\/www.fumc.edu.co\/en\/conoce-ten-presente-las-fechas-del-calendario-academico-institucional\/","og_locale":"es_ES","og_type":"article","og_title":"Conoce y ten presente las fechas del calendario acad\u00e9mico institucional 2019 - Maria Cano - en","og_description":"La Mar\u00eda Cano pone a disposici\u00f3n de toda la comunidad universitaria, el calendario acad\u00e9mico institucional que debes tener en cuenta para 2019.","og_url":"https:\/\/www.fumc.edu.co\/en\/conoce-ten-presente-las-fechas-del-calendario-academico-institucional\/","og_site_name":"Maria Cano - en","article_published_time":"2018-11-06T14:03:17+00:00","article_modified_time":"2018-11-06T14:06:43+00:00","og_image":[{"width":764,"height":430,"url":"https:\/\/www.fumc.edu.co\/en\/wp-content\/uploads\/Ecard_calendario_academico_1.png","type":"image\/png"}],"twitter_card":"summary","twitter_misc":{"Escrito por":"Luis Fernando Gomez Londo\u00f1o","Tiempo de lectura":"1 minuto"},"schema":{"@context":"https:\/\/schema.org","@graph":[{"@type":"WebSite","@id":"https:\/\/www.fumc.edu.co\/en\/#website","url":"https:\/\/www.fumc.edu.co\/en\/","name":"Maria Cano - en","description":"Otro sitio realizado con WordPress","potentialAction":[{"@type":"SearchAction","target":{"@type":"EntryPoint","urlTemplate":"https:\/\/www.fumc.edu.co\/en\/?s={search_term_string}"},"query-input":"required name=search_term_string"}],"inLanguage":"es"},{"@type":"ImageObject","@id":"https:\/\/www.fumc.edu.co\/en\/conoce-ten-presente-las-fechas-del-calendario-academico-institucional\/#primaryimage","inLanguage":"es","url":"https:\/\/www.fumc.edu.co\/en\/wp-content\/uploads\/Ecard_calendario_academico_1.png","contentUrl":"https:\/\/www.fumc.edu.co\/en\/wp-content\/uploads\/Ecard_calendario_academico_1.png","width":764,"height":430},{"@type":"WebPage","@id":"https:\/\/www.fumc.edu.co\/en\/conoce-ten-presente-las-fechas-del-calendario-academico-institucional\/#webpage","url":"https:\/\/www.fumc.edu.co\/en\/conoce-ten-presente-las-fechas-del-calendario-academico-institucional\/","name":"Conoce y ten presente las fechas del calendario acad\u00e9mico institucional 2019 - Maria Cano - en","isPartOf":{"@id":"https:\/\/www.fumc.edu.co\/en\/#website"},"primaryImageOfPage":{"@id":"https:\/\/www.fumc.edu.co\/en\/conoce-ten-presente-las-fechas-del-calendario-academico-institucional\/#primaryimage"},"datePublished":"2018-11-06T14:03:17+00:00","dateModified":"2018-11-06T14:06:43+00:00","author":{"@id":"https:\/\/www.fumc.edu.co\/en\/#\/schema\/person\/50ed57da093fc879c363ff9de0a2abdb"},"description":"La Mar\u00eda Cano pone a disposici\u00f3n de toda la comunidad universitaria, el calendario acad\u00e9mico institucional que debes tener en cuenta para 2019.","breadcrumb":{"@id":"https:\/\/www.fumc.edu.co\/en\/conoce-ten-presente-las-fechas-del-calendario-academico-institucional\/#breadcrumb"},"inLanguage":"es","potentialAction":[{"@type":"ReadAction","target":["https:\/\/www.fumc.edu.co\/en\/conoce-ten-presente-las-fechas-del-calendario-academico-institucional\/"]}]},{"@type":"BreadcrumbList","@id":"https:\/\/www.fumc.edu.co\/en\/conoce-ten-presente-las-fechas-del-calendario-academico-institucional\/#breadcrumb","itemListElement":[{"@type":"ListItem","position":1,"name":"Portada","item":"https:\/\/www.fumc.edu.co\/en\/"},{"@type":"ListItem","position":2,"name":"Conoce y ten presente las fechas del calendario acad\u00e9mico institucional 2019"}]},{"@type":"Person","@id":"https:\/\/www.fumc.edu.co\/en\/#\/schema\/person\/50ed57da093fc879c363ff9de0a2abdb","name":"Luis Fernando Gomez Londo\u00f1o","url":"https:\/\/www.fumc.edu.co\/en\/author\/asiscomunicaciones\/"}]}},"_links":{"self":[{"href":"https:\/\/www.fumc.edu.co\/en\/wp-json\/wp\/v2\/posts\/5745"}],"collection":[{"href":"https:\/\/www.fumc.edu.co\/en\/wp-json\/wp\/v2\/posts"}],"about":[{"href":"https:\/\/www.fumc.edu.co\/en\/wp-json\/wp\/v2\/types\/post"}],"author":[{"embeddable":true,"href":"https:\/\/www.fumc.edu.co\/en\/wp-json\/wp\/v2\/users\/5"}],"replies":[{"embeddable":true,"href":"https:\/\/www.fumc.edu.co\/en\/wp-json\/wp\/v2\/comments?post=5745"}],"version-history":[{"count":0,"href":"https:\/\/www.fumc.edu.co\/en\/wp-json\/wp\/v2\/posts\/5745\/revisions"}],"wp:featuredmedia":[{"embeddable":true,"href":"https:\/\/www.fumc.edu.co\/en\/wp-json\/wp\/v2\/media\/5746"}],"wp:attachment":[{"href":"https:\/\/www.fumc.edu.co\/en\/wp-json\/wp\/v2\/media?parent=5745"}],"wp:term":[{"taxonomy":"category","embeddable":true,"href":"https:\/\/www.fumc.edu.co\/en\/wp-json\/wp\/v2\/categories?post=5745"},{"taxonomy":"post_tag","embeddable":true,"href":"https:\/\/www.fumc.edu.co\/en\/wp-json\/wp\/v2\/tags?post=5745"}],"curies":[{"name":"wp","href":"https:\/\/api.w.org\/{rel}","templated":true}]}}