{"id":5770,"date":"2018-11-07T17:11:16","date_gmt":"2018-11-07T17:11:16","guid":{"rendered":"https:\/\/www.fumc.edu.co\/en\/?p=5770"},"modified":"2018-11-07T17:11:36","modified_gmt":"2018-11-07T17:11:36","slug":"5770-2","status":"publish","type":"post","link":"https:\/\/www.fumc.edu.co\/en\/5770-2\/","title":{"rendered":"En Neiva capacitaci\u00f3n en farmacolog\u00eda para los fisioterapeutas de la Mar\u00eda Cano"},"content":{"rendered":"<p>La Mar\u00eda Cano en su sede ubicada en la ciudad de Neiva, realiz\u00f3 el \u00abSeminario Farmacolog\u00eda para Fisioterapeutas\u00bbque busc\u00f3 compartir conocimientos, experiencias pertinentes con las necesidades del contexto glocal y buenas pr\u00e1cticas, para el fomento de la calidad de la oferta acad\u00e9mica institucional, el tiempo que gener\u00f3 nuevas competencias en los profesionales en formaci\u00f3n y de los egresados, para el beneficio de la comunidad. La actividad de formaci\u00f3n continua se vio fortalecida por la participaci\u00f3n de integrantes de la comunidad universitaria, quienes evidencia la calidad del trabajo que se realiza en las diferentes regiones del pa\u00eds.<\/p>\n<p>Dentro del contenido program\u00e1tico, se abordaron temas como la contextualizaci\u00f3n de los aspectos relevantes dentro del marco legal para el uso de medicamentos desde el \u00e1mbito de la fisioterapia en Colombia, los principales medicamentos que debe conocer el fisioterapeuta en su perfil profesional en las \u00e1reas cardiovascular, renal y pulmonar; as\u00ed como el respeto por el usuario, quien ve en el profesional, su mayor apoyo en el proceso de recuperaci\u00f3n.<\/p>\n<p>La metodolog\u00eda de intervenci\u00f3n te\u00f3rico \u2013 pr\u00e1ctica, con la aplicaci\u00f3n de casos cl\u00ednicos, permiti\u00f3 a los participantes hacer un an\u00e1lisis desde el punto desde el quehacer\u00a0del fisioterapeuta para el bienestar de toda la comunidad.<\/p>\n<p>#VivelaMar\u00edaCano<\/p>\n","protected":false},"excerpt":{"rendered":"<p>La Mar\u00eda Cano en su sede ubicada en la ciudad de Neiva, realiz\u00f3 el \u00abSeminario Farmacolog\u00eda para Fisioterapeutas\u00bbque busc\u00f3 compartir conocimientos, experiencias pertinentes con las necesidades del contexto glocal y buenas pr\u00e1cticas, para el fomento de la calidad de la oferta acad\u00e9mica institucional, el tiempo que gener\u00f3 nuevas competencias en los profesionales en formaci\u00f3n y [&hellip;]<\/p>\n","protected":false},"author":5,"featured_media":5771,"comment_status":"closed","ping_status":"open","sticky":false,"template":"","format":"standard","meta":{"footnotes":""},"categories":[55],"tags":[],"yoast_head":"<!-- This site is optimized with the Yoast SEO plugin v18.4.1 - https:\/\/yoast.com\/wordpress\/plugins\/seo\/ -->\n<title>En Neiva capacitaci\u00f3n en farmacolog\u00eda para los fisioterapeutas de la Mar\u00eda Cano - Maria Cano - en<\/title>\n<meta name=\"description\" content=\"La ciudad de Neiva fue la sede de la capacitaci\u00f3n en farmacolog\u00eda para los estudiantes y egresados de fisioterapia de la Mar\u00eda Cano.\" \/>\n<meta name=\"robots\" content=\"index, follow, max-snippet:-1, max-image-preview:large, max-video-preview:-1\" \/>\n<link rel=\"canonical\" href=\"https:\/\/www.fumc.edu.co\/en\/5770-2\/\" \/>\n<meta property=\"og:locale\" content=\"es_ES\" \/>\n<meta property=\"og:type\" content=\"article\" \/>\n<meta property=\"og:title\" content=\"En Neiva capacitaci\u00f3n en farmacolog\u00eda para los fisioterapeutas de la Mar\u00eda Cano - Maria Cano - en\" \/>\n<meta property=\"og:description\" content=\"La ciudad de Neiva fue la sede de la capacitaci\u00f3n en farmacolog\u00eda para los estudiantes y egresados de fisioterapia de la Mar\u00eda Cano.\" \/>\n<meta property=\"og:url\" content=\"https:\/\/www.fumc.edu.co\/en\/5770-2\/\" \/>\n<meta property=\"og:site_name\" content=\"Maria Cano - en\" \/>\n<meta property=\"article:published_time\" content=\"2018-11-07T17:11:16+00:00\" \/>\n<meta property=\"article:modified_time\" content=\"2018-11-07T17:11:36+00:00\" \/>\n<meta property=\"og:image\" content=\"https:\/\/www.fumc.edu.co\/en\/wp-content\/uploads\/Neiva-seminario.png\" \/>\n\t<meta property=\"og:image:width\" content=\"840\" \/>\n\t<meta property=\"og:image:height\" content=\"430\" \/>\n\t<meta property=\"og:image:type\" content=\"image\/png\" \/>\n<meta name=\"twitter:card\" content=\"summary\" \/>\n<meta name=\"twitter:label1\" content=\"Escrito por\" \/>\n\t<meta name=\"twitter:data1\" content=\"Luis Fernando Gomez Londo\u00f1o\" \/>\n\t<meta name=\"twitter:label2\" content=\"Tiempo de lectura\" \/>\n\t<meta name=\"twitter:data2\" content=\"1 minuto\" \/>\n<script type=\"application\/ld+json\" class=\"yoast-schema-graph\">{\"@context\":\"https:\/\/schema.org\",\"@graph\":[{\"@type\":\"WebSite\",\"@id\":\"https:\/\/www.fumc.edu.co\/en\/#website\",\"url\":\"https:\/\/www.fumc.edu.co\/en\/\",\"name\":\"Maria Cano - en\",\"description\":\"Otro sitio realizado con WordPress\",\"potentialAction\":[{\"@type\":\"SearchAction\",\"target\":{\"@type\":\"EntryPoint\",\"urlTemplate\":\"https:\/\/www.fumc.edu.co\/en\/?s={search_term_string}\"},\"query-input\":\"required name=search_term_string\"}],\"inLanguage\":\"es\"},{\"@type\":\"ImageObject\",\"@id\":\"https:\/\/www.fumc.edu.co\/en\/5770-2\/#primaryimage\",\"inLanguage\":\"es\",\"url\":\"https:\/\/www.fumc.edu.co\/en\/wp-content\/uploads\/Neiva-seminario.png\",\"contentUrl\":\"https:\/\/www.fumc.edu.co\/en\/wp-content\/uploads\/Neiva-seminario.png\",\"width\":840,\"height\":430},{\"@type\":\"WebPage\",\"@id\":\"https:\/\/www.fumc.edu.co\/en\/5770-2\/#webpage\",\"url\":\"https:\/\/www.fumc.edu.co\/en\/5770-2\/\",\"name\":\"En Neiva capacitaci\u00f3n en farmacolog\u00eda para los fisioterapeutas de la Mar\u00eda Cano - Maria Cano - en\",\"isPartOf\":{\"@id\":\"https:\/\/www.fumc.edu.co\/en\/#website\"},\"primaryImageOfPage\":{\"@id\":\"https:\/\/www.fumc.edu.co\/en\/5770-2\/#primaryimage\"},\"datePublished\":\"2018-11-07T17:11:16+00:00\",\"dateModified\":\"2018-11-07T17:11:36+00:00\",\"author\":{\"@id\":\"https:\/\/www.fumc.edu.co\/en\/#\/schema\/person\/50ed57da093fc879c363ff9de0a2abdb\"},\"description\":\"La ciudad de Neiva fue la sede de la capacitaci\u00f3n en farmacolog\u00eda para los estudiantes y egresados de fisioterapia de la Mar\u00eda Cano.\",\"breadcrumb\":{\"@id\":\"https:\/\/www.fumc.edu.co\/en\/5770-2\/#breadcrumb\"},\"inLanguage\":\"es\",\"potentialAction\":[{\"@type\":\"ReadAction\",\"target\":[\"https:\/\/www.fumc.edu.co\/en\/5770-2\/\"]}]},{\"@type\":\"BreadcrumbList\",\"@id\":\"https:\/\/www.fumc.edu.co\/en\/5770-2\/#breadcrumb\",\"itemListElement\":[{\"@type\":\"ListItem\",\"position\":1,\"name\":\"Portada\",\"item\":\"https:\/\/www.fumc.edu.co\/en\/\"},{\"@type\":\"ListItem\",\"position\":2,\"name\":\"En Neiva capacitaci\u00f3n en farmacolog\u00eda para los fisioterapeutas de la Mar\u00eda Cano\"}]},{\"@type\":\"Person\",\"@id\":\"https:\/\/www.fumc.edu.co\/en\/#\/schema\/person\/50ed57da093fc879c363ff9de0a2abdb\",\"name\":\"Luis Fernando Gomez Londo\u00f1o\",\"url\":\"https:\/\/www.fumc.edu.co\/en\/author\/asiscomunicaciones\/\"}]}<\/script>\n<!-- \/ Yoast SEO plugin. -->","yoast_head_json":{"title":"En Neiva capacitaci\u00f3n en farmacolog\u00eda para los fisioterapeutas de la Mar\u00eda Cano - Maria Cano - en","description":"La ciudad de Neiva fue la sede de la capacitaci\u00f3n en farmacolog\u00eda para los estudiantes y egresados de fisioterapia de la Mar\u00eda Cano.","robots":{"index":"index","follow":"follow","max-snippet":"max-snippet:-1","max-image-preview":"max-image-preview:large","max-video-preview":"max-video-preview:-1"},"canonical":"https:\/\/www.fumc.edu.co\/en\/5770-2\/","og_locale":"es_ES","og_type":"article","og_title":"En Neiva capacitaci\u00f3n en farmacolog\u00eda para los fisioterapeutas de la Mar\u00eda Cano - Maria Cano - en","og_description":"La ciudad de Neiva fue la sede de la capacitaci\u00f3n en farmacolog\u00eda para los estudiantes y egresados de fisioterapia de la Mar\u00eda Cano.","og_url":"https:\/\/www.fumc.edu.co\/en\/5770-2\/","og_site_name":"Maria Cano - en","article_published_time":"2018-11-07T17:11:16+00:00","article_modified_time":"2018-11-07T17:11:36+00:00","og_image":[{"width":840,"height":430,"url":"https:\/\/www.fumc.edu.co\/en\/wp-content\/uploads\/Neiva-seminario.png","type":"image\/png"}],"twitter_card":"summary","twitter_misc":{"Escrito por":"Luis Fernando Gomez Londo\u00f1o","Tiempo de lectura":"1 minuto"},"schema":{"@context":"https:\/\/schema.org","@graph":[{"@type":"WebSite","@id":"https:\/\/www.fumc.edu.co\/en\/#website","url":"https:\/\/www.fumc.edu.co\/en\/","name":"Maria Cano - en","description":"Otro sitio realizado con WordPress","potentialAction":[{"@type":"SearchAction","target":{"@type":"EntryPoint","urlTemplate":"https:\/\/www.fumc.edu.co\/en\/?s={search_term_string}"},"query-input":"required name=search_term_string"}],"inLanguage":"es"},{"@type":"ImageObject","@id":"https:\/\/www.fumc.edu.co\/en\/5770-2\/#primaryimage","inLanguage":"es","url":"https:\/\/www.fumc.edu.co\/en\/wp-content\/uploads\/Neiva-seminario.png","contentUrl":"https:\/\/www.fumc.edu.co\/en\/wp-content\/uploads\/Neiva-seminario.png","width":840,"height":430},{"@type":"WebPage","@id":"https:\/\/www.fumc.edu.co\/en\/5770-2\/#webpage","url":"https:\/\/www.fumc.edu.co\/en\/5770-2\/","name":"En Neiva capacitaci\u00f3n en farmacolog\u00eda para los fisioterapeutas de la Mar\u00eda Cano - Maria Cano - en","isPartOf":{"@id":"https:\/\/www.fumc.edu.co\/en\/#website"},"primaryImageOfPage":{"@id":"https:\/\/www.fumc.edu.co\/en\/5770-2\/#primaryimage"},"datePublished":"2018-11-07T17:11:16+00:00","dateModified":"2018-11-07T17:11:36+00:00","author":{"@id":"https:\/\/www.fumc.edu.co\/en\/#\/schema\/person\/50ed57da093fc879c363ff9de0a2abdb"},"description":"La ciudad de Neiva fue la sede de la capacitaci\u00f3n en farmacolog\u00eda para los estudiantes y egresados de fisioterapia de la Mar\u00eda Cano.","breadcrumb":{"@id":"https:\/\/www.fumc.edu.co\/en\/5770-2\/#breadcrumb"},"inLanguage":"es","potentialAction":[{"@type":"ReadAction","target":["https:\/\/www.fumc.edu.co\/en\/5770-2\/"]}]},{"@type":"BreadcrumbList","@id":"https:\/\/www.fumc.edu.co\/en\/5770-2\/#breadcrumb","itemListElement":[{"@type":"ListItem","position":1,"name":"Portada","item":"https:\/\/www.fumc.edu.co\/en\/"},{"@type":"ListItem","position":2,"name":"En Neiva capacitaci\u00f3n en farmacolog\u00eda para los fisioterapeutas de la Mar\u00eda Cano"}]},{"@type":"Person","@id":"https:\/\/www.fumc.edu.co\/en\/#\/schema\/person\/50ed57da093fc879c363ff9de0a2abdb","name":"Luis Fernando Gomez Londo\u00f1o","url":"https:\/\/www.fumc.edu.co\/en\/author\/asiscomunicaciones\/"}]}},"_links":{"self":[{"href":"https:\/\/www.fumc.edu.co\/en\/wp-json\/wp\/v2\/posts\/5770"}],"collection":[{"href":"https:\/\/www.fumc.edu.co\/en\/wp-json\/wp\/v2\/posts"}],"about":[{"href":"https:\/\/www.fumc.edu.co\/en\/wp-json\/wp\/v2\/types\/post"}],"author":[{"embeddable":true,"href":"https:\/\/www.fumc.edu.co\/en\/wp-json\/wp\/v2\/users\/5"}],"replies":[{"embeddable":true,"href":"https:\/\/www.fumc.edu.co\/en\/wp-json\/wp\/v2\/comments?post=5770"}],"version-history":[{"count":0,"href":"https:\/\/www.fumc.edu.co\/en\/wp-json\/wp\/v2\/posts\/5770\/revisions"}],"wp:featuredmedia":[{"embeddable":true,"href":"https:\/\/www.fumc.edu.co\/en\/wp-json\/wp\/v2\/media\/5771"}],"wp:attachment":[{"href":"https:\/\/www.fumc.edu.co\/en\/wp-json\/wp\/v2\/media?parent=5770"}],"wp:term":[{"taxonomy":"category","embeddable":true,"href":"https:\/\/www.fumc.edu.co\/en\/wp-json\/wp\/v2\/categories?post=5770"},{"taxonomy":"post_tag","embeddable":true,"href":"https:\/\/www.fumc.edu.co\/en\/wp-json\/wp\/v2\/tags?post=5770"}],"curies":[{"name":"wp","href":"https:\/\/api.w.org\/{rel}","templated":true}]}}