{"id":5797,"date":"2018-11-08T16:11:27","date_gmt":"2018-11-08T16:11:27","guid":{"rendered":"https:\/\/www.fumc.edu.co\/en\/?p=5797"},"modified":"2018-11-08T16:16:07","modified_gmt":"2018-11-08T16:16:07","slug":"proyecto-del-grupo-fisioter-fue-seleccionado-colciencias","status":"publish","type":"post","link":"https:\/\/www.fumc.edu.co\/en\/proyecto-del-grupo-fisioter-fue-seleccionado-colciencias\/","title":{"rendered":"Aporte a la Paz: Proyecto del Grupo FISIOTER fue seleccionado por Colciencias"},"content":{"rendered":"<div>\n<p>Una excelente noticia que exalta la calidad del trabajo investigativo de la Mar\u00eda Cano; en la convocatoria N. 808 de COLCIENCIAS que tiene como objeto \u201cCiencia, Tecnolog\u00eda e Innovaci\u00f3n y su contribuci\u00f3n a los retos de pa\u00eds 2018&#8243; fue seleccionado el proyecto presentado por el Grupo FISIOTER \u201cDise\u00f1o de una pr\u00f3tesis que se ajuste a las condiciones del contexto agr\u00edcola colombiano con el fin de restablecer las condiciones f\u00edsicas de v\u00edctimas de artefactos explosivos improvisados\u201d presentado en asocio con el grupo GRID del departamento de Ingenier\u00eda de Dise\u00f1o de producto de la Universidad EAFIT y el grupo GIGAT de la l\u00ednea de ingenier\u00eda y Dise\u00f1o del Tecnoparque Sena Nodo Medell\u00edn, fue avalado por Colciencias para su ejecuci\u00f3n y destinaci\u00f3n presupuestal.<\/p>\n<\/div>\n<p>La convocatoria que tuvo como objeto financiar proyectos de \u201cCiencia, Tecnolog\u00eda e Innovaci\u00f3n y su contribuci\u00f3n a los retos de pa\u00eds 2018. A la propuesta desarrollada se vincula la Corporaci\u00f3n Mahavir Kmina, con su conocimiento en el dise\u00f1o de pr\u00f3tesis para amputados en condiciones rurales; y aporta de manera directa al\u00a0eje de justicia y paz, que es uno de los temas fundamentales del pa\u00eds en los \u00faltimos a\u00f1os, lo que evidencia la pertinencia del proceso investigativo que se desarrolla en la Mar\u00eda Cano.<\/p>\n<p>El grupo de investigadores a cargo de la propuesta desarrollada est\u00e1 conformado por:<\/p>\n<ul>\n<li>Fanny Valencia Legarda- Investigadora Asociada Fisioter &#8211; Mar\u00eda Cano Medell\u00edn<\/li>\n<li>Elizabeth Rend\u00f3n V\u00e9lez &#8211; Profesora Asociada &#8211; Universidad EAFIT<\/li>\n<li>Camilo Andr\u00e9s P\u00e1ramo Vel\u00e1squez &#8211; Gestor L\u00ednea de Ingenier\u00eda y Dise\u00f1o &#8211; Tecnoparque Sena Nodo Medell\u00edn<\/li>\n<li>Jes\u00fas Alberto Plata Contreras &#8211; Director T\u00e9cnico &#8211; Corporaci\u00f3n Mahavir Kmina<\/li>\n<\/ul>\n<div>#VivelaMar\u00edaCano<\/div>\n<div><\/div>\n","protected":false},"excerpt":{"rendered":"<p>Una excelente noticia que exalta la calidad del trabajo investigativo de la Mar\u00eda Cano; en la convocatoria N. 808 de COLCIENCIAS que tiene como objeto \u201cCiencia, Tecnolog\u00eda e Innovaci\u00f3n y su contribuci\u00f3n a los retos de pa\u00eds 2018&#8243; fue seleccionado el proyecto presentado por el Grupo FISIOTER \u201cDise\u00f1o de una pr\u00f3tesis que se ajuste a [&hellip;]<\/p>\n","protected":false},"author":5,"featured_media":5798,"comment_status":"closed","ping_status":"open","sticky":false,"template":"","format":"standard","meta":{"footnotes":""},"categories":[54,53,55,56],"tags":[],"yoast_head":"<!-- This site is optimized with the Yoast SEO plugin v18.4.1 - https:\/\/yoast.com\/wordpress\/plugins\/seo\/ -->\n<title>Aporte a la Paz: Proyecto del Grupo FISIOTER fue seleccionado por Colciencias - Maria Cano - en<\/title>\n<meta name=\"description\" content=\"El trabajo del Grupo Fisioter de la Mar\u00eda Cano se ve reconocido en convocatoria m\u00e1s reciente realizada por Colciencias y que aporta a la b\u00fasqueda de la paz.\" \/>\n<meta name=\"robots\" content=\"index, follow, max-snippet:-1, max-image-preview:large, max-video-preview:-1\" \/>\n<link rel=\"canonical\" href=\"https:\/\/www.fumc.edu.co\/en\/proyecto-del-grupo-fisioter-fue-seleccionado-colciencias\/\" \/>\n<meta property=\"og:locale\" content=\"es_ES\" \/>\n<meta property=\"og:type\" content=\"article\" \/>\n<meta property=\"og:title\" content=\"Aporte a la Paz: Proyecto del Grupo FISIOTER fue seleccionado por Colciencias - Maria Cano - en\" \/>\n<meta property=\"og:description\" content=\"El trabajo del Grupo Fisioter de la Mar\u00eda Cano se ve reconocido en convocatoria m\u00e1s reciente realizada por Colciencias y que aporta a la b\u00fasqueda de la paz.\" \/>\n<meta property=\"og:url\" content=\"https:\/\/www.fumc.edu.co\/en\/proyecto-del-grupo-fisioter-fue-seleccionado-colciencias\/\" \/>\n<meta property=\"og:site_name\" content=\"Maria Cano - en\" \/>\n<meta property=\"article:published_time\" content=\"2018-11-08T16:11:27+00:00\" \/>\n<meta property=\"article:modified_time\" content=\"2018-11-08T16:16:07+00:00\" \/>\n<meta property=\"og:image\" content=\"https:\/\/www.fumc.edu.co\/en\/wp-content\/uploads\/fisoter.png\" \/>\n\t<meta property=\"og:image:width\" content=\"840\" \/>\n\t<meta property=\"og:image:height\" content=\"430\" \/>\n\t<meta property=\"og:image:type\" content=\"image\/png\" \/>\n<meta name=\"twitter:card\" content=\"summary\" \/>\n<meta name=\"twitter:label1\" content=\"Escrito por\" \/>\n\t<meta name=\"twitter:data1\" content=\"Luis Fernando Gomez Londo\u00f1o\" \/>\n\t<meta name=\"twitter:label2\" content=\"Tiempo de lectura\" \/>\n\t<meta name=\"twitter:data2\" content=\"2 minutos\" \/>\n<script type=\"application\/ld+json\" class=\"yoast-schema-graph\">{\"@context\":\"https:\/\/schema.org\",\"@graph\":[{\"@type\":\"WebSite\",\"@id\":\"https:\/\/www.fumc.edu.co\/en\/#website\",\"url\":\"https:\/\/www.fumc.edu.co\/en\/\",\"name\":\"Maria Cano - en\",\"description\":\"Otro sitio realizado con WordPress\",\"potentialAction\":[{\"@type\":\"SearchAction\",\"target\":{\"@type\":\"EntryPoint\",\"urlTemplate\":\"https:\/\/www.fumc.edu.co\/en\/?s={search_term_string}\"},\"query-input\":\"required name=search_term_string\"}],\"inLanguage\":\"es\"},{\"@type\":\"ImageObject\",\"@id\":\"https:\/\/www.fumc.edu.co\/en\/proyecto-del-grupo-fisioter-fue-seleccionado-colciencias\/#primaryimage\",\"inLanguage\":\"es\",\"url\":\"https:\/\/www.fumc.edu.co\/en\/wp-content\/uploads\/fisoter.png\",\"contentUrl\":\"https:\/\/www.fumc.edu.co\/en\/wp-content\/uploads\/fisoter.png\",\"width\":840,\"height\":430},{\"@type\":\"WebPage\",\"@id\":\"https:\/\/www.fumc.edu.co\/en\/proyecto-del-grupo-fisioter-fue-seleccionado-colciencias\/#webpage\",\"url\":\"https:\/\/www.fumc.edu.co\/en\/proyecto-del-grupo-fisioter-fue-seleccionado-colciencias\/\",\"name\":\"Aporte a la Paz: Proyecto del Grupo FISIOTER fue seleccionado por Colciencias - Maria Cano - en\",\"isPartOf\":{\"@id\":\"https:\/\/www.fumc.edu.co\/en\/#website\"},\"primaryImageOfPage\":{\"@id\":\"https:\/\/www.fumc.edu.co\/en\/proyecto-del-grupo-fisioter-fue-seleccionado-colciencias\/#primaryimage\"},\"datePublished\":\"2018-11-08T16:11:27+00:00\",\"dateModified\":\"2018-11-08T16:16:07+00:00\",\"author\":{\"@id\":\"https:\/\/www.fumc.edu.co\/en\/#\/schema\/person\/50ed57da093fc879c363ff9de0a2abdb\"},\"description\":\"El trabajo del Grupo Fisioter de la Mar\u00eda Cano se ve reconocido en convocatoria m\u00e1s reciente realizada por Colciencias y que aporta a la b\u00fasqueda de la paz.\",\"breadcrumb\":{\"@id\":\"https:\/\/www.fumc.edu.co\/en\/proyecto-del-grupo-fisioter-fue-seleccionado-colciencias\/#breadcrumb\"},\"inLanguage\":\"es\",\"potentialAction\":[{\"@type\":\"ReadAction\",\"target\":[\"https:\/\/www.fumc.edu.co\/en\/proyecto-del-grupo-fisioter-fue-seleccionado-colciencias\/\"]}]},{\"@type\":\"BreadcrumbList\",\"@id\":\"https:\/\/www.fumc.edu.co\/en\/proyecto-del-grupo-fisioter-fue-seleccionado-colciencias\/#breadcrumb\",\"itemListElement\":[{\"@type\":\"ListItem\",\"position\":1,\"name\":\"Portada\",\"item\":\"https:\/\/www.fumc.edu.co\/en\/\"},{\"@type\":\"ListItem\",\"position\":2,\"name\":\"Aporte a la Paz: Proyecto del Grupo FISIOTER fue seleccionado por Colciencias\"}]},{\"@type\":\"Person\",\"@id\":\"https:\/\/www.fumc.edu.co\/en\/#\/schema\/person\/50ed57da093fc879c363ff9de0a2abdb\",\"name\":\"Luis Fernando Gomez Londo\u00f1o\",\"url\":\"https:\/\/www.fumc.edu.co\/en\/author\/asiscomunicaciones\/\"}]}<\/script>\n<!-- \/ Yoast SEO plugin. -->","yoast_head_json":{"title":"Aporte a la Paz: Proyecto del Grupo FISIOTER fue seleccionado por Colciencias - Maria Cano - en","description":"El trabajo del Grupo Fisioter de la Mar\u00eda Cano se ve reconocido en convocatoria m\u00e1s reciente realizada por Colciencias y que aporta a la b\u00fasqueda de la paz.","robots":{"index":"index","follow":"follow","max-snippet":"max-snippet:-1","max-image-preview":"max-image-preview:large","max-video-preview":"max-video-preview:-1"},"canonical":"https:\/\/www.fumc.edu.co\/en\/proyecto-del-grupo-fisioter-fue-seleccionado-colciencias\/","og_locale":"es_ES","og_type":"article","og_title":"Aporte a la Paz: Proyecto del Grupo FISIOTER fue seleccionado por Colciencias - Maria Cano - en","og_description":"El trabajo del Grupo Fisioter de la Mar\u00eda Cano se ve reconocido en convocatoria m\u00e1s reciente realizada por Colciencias y que aporta a la b\u00fasqueda de la paz.","og_url":"https:\/\/www.fumc.edu.co\/en\/proyecto-del-grupo-fisioter-fue-seleccionado-colciencias\/","og_site_name":"Maria Cano - en","article_published_time":"2018-11-08T16:11:27+00:00","article_modified_time":"2018-11-08T16:16:07+00:00","og_image":[{"width":840,"height":430,"url":"https:\/\/www.fumc.edu.co\/en\/wp-content\/uploads\/fisoter.png","type":"image\/png"}],"twitter_card":"summary","twitter_misc":{"Escrito por":"Luis Fernando Gomez Londo\u00f1o","Tiempo de lectura":"2 minutos"},"schema":{"@context":"https:\/\/schema.org","@graph":[{"@type":"WebSite","@id":"https:\/\/www.fumc.edu.co\/en\/#website","url":"https:\/\/www.fumc.edu.co\/en\/","name":"Maria Cano - en","description":"Otro sitio realizado con WordPress","potentialAction":[{"@type":"SearchAction","target":{"@type":"EntryPoint","urlTemplate":"https:\/\/www.fumc.edu.co\/en\/?s={search_term_string}"},"query-input":"required name=search_term_string"}],"inLanguage":"es"},{"@type":"ImageObject","@id":"https:\/\/www.fumc.edu.co\/en\/proyecto-del-grupo-fisioter-fue-seleccionado-colciencias\/#primaryimage","inLanguage":"es","url":"https:\/\/www.fumc.edu.co\/en\/wp-content\/uploads\/fisoter.png","contentUrl":"https:\/\/www.fumc.edu.co\/en\/wp-content\/uploads\/fisoter.png","width":840,"height":430},{"@type":"WebPage","@id":"https:\/\/www.fumc.edu.co\/en\/proyecto-del-grupo-fisioter-fue-seleccionado-colciencias\/#webpage","url":"https:\/\/www.fumc.edu.co\/en\/proyecto-del-grupo-fisioter-fue-seleccionado-colciencias\/","name":"Aporte a la Paz: Proyecto del Grupo FISIOTER fue seleccionado por Colciencias - Maria Cano - en","isPartOf":{"@id":"https:\/\/www.fumc.edu.co\/en\/#website"},"primaryImageOfPage":{"@id":"https:\/\/www.fumc.edu.co\/en\/proyecto-del-grupo-fisioter-fue-seleccionado-colciencias\/#primaryimage"},"datePublished":"2018-11-08T16:11:27+00:00","dateModified":"2018-11-08T16:16:07+00:00","author":{"@id":"https:\/\/www.fumc.edu.co\/en\/#\/schema\/person\/50ed57da093fc879c363ff9de0a2abdb"},"description":"El trabajo del Grupo Fisioter de la Mar\u00eda Cano se ve reconocido en convocatoria m\u00e1s reciente realizada por Colciencias y que aporta a la b\u00fasqueda de la paz.","breadcrumb":{"@id":"https:\/\/www.fumc.edu.co\/en\/proyecto-del-grupo-fisioter-fue-seleccionado-colciencias\/#breadcrumb"},"inLanguage":"es","potentialAction":[{"@type":"ReadAction","target":["https:\/\/www.fumc.edu.co\/en\/proyecto-del-grupo-fisioter-fue-seleccionado-colciencias\/"]}]},{"@type":"BreadcrumbList","@id":"https:\/\/www.fumc.edu.co\/en\/proyecto-del-grupo-fisioter-fue-seleccionado-colciencias\/#breadcrumb","itemListElement":[{"@type":"ListItem","position":1,"name":"Portada","item":"https:\/\/www.fumc.edu.co\/en\/"},{"@type":"ListItem","position":2,"name":"Aporte a la Paz: Proyecto del Grupo FISIOTER fue seleccionado por Colciencias"}]},{"@type":"Person","@id":"https:\/\/www.fumc.edu.co\/en\/#\/schema\/person\/50ed57da093fc879c363ff9de0a2abdb","name":"Luis Fernando Gomez Londo\u00f1o","url":"https:\/\/www.fumc.edu.co\/en\/author\/asiscomunicaciones\/"}]}},"_links":{"self":[{"href":"https:\/\/www.fumc.edu.co\/en\/wp-json\/wp\/v2\/posts\/5797"}],"collection":[{"href":"https:\/\/www.fumc.edu.co\/en\/wp-json\/wp\/v2\/posts"}],"about":[{"href":"https:\/\/www.fumc.edu.co\/en\/wp-json\/wp\/v2\/types\/post"}],"author":[{"embeddable":true,"href":"https:\/\/www.fumc.edu.co\/en\/wp-json\/wp\/v2\/users\/5"}],"replies":[{"embeddable":true,"href":"https:\/\/www.fumc.edu.co\/en\/wp-json\/wp\/v2\/comments?post=5797"}],"version-history":[{"count":0,"href":"https:\/\/www.fumc.edu.co\/en\/wp-json\/wp\/v2\/posts\/5797\/revisions"}],"wp:featuredmedia":[{"embeddable":true,"href":"https:\/\/www.fumc.edu.co\/en\/wp-json\/wp\/v2\/media\/5798"}],"wp:attachment":[{"href":"https:\/\/www.fumc.edu.co\/en\/wp-json\/wp\/v2\/media?parent=5797"}],"wp:term":[{"taxonomy":"category","embeddable":true,"href":"https:\/\/www.fumc.edu.co\/en\/wp-json\/wp\/v2\/categories?post=5797"},{"taxonomy":"post_tag","embeddable":true,"href":"https:\/\/www.fumc.edu.co\/en\/wp-json\/wp\/v2\/tags?post=5797"}],"curies":[{"name":"wp","href":"https:\/\/api.w.org\/{rel}","templated":true}]}}