{"id":5801,"date":"2018-11-09T16:56:18","date_gmt":"2018-11-09T16:56:18","guid":{"rendered":"https:\/\/www.fumc.edu.co\/en\/?p=5801"},"modified":"2018-11-09T16:56:18","modified_gmt":"2018-11-09T16:56:18","slug":"profesores-comparten-conocimiento-la-revista-nacional-salud-publica","status":"publish","type":"post","link":"https:\/\/www.fumc.edu.co\/en\/profesores-comparten-conocimiento-la-revista-nacional-salud-publica\/","title":{"rendered":"Nuestros profesores comparten su conocimiento en Revista Facultad Nacional de Salud P\u00fablica"},"content":{"rendered":"<p>Los profesores del Programa de Fonoaudiolog\u00eda, Jhon Fredy Quintero Uribe y Mary Luz Osorio Montoya, participan en la \u00faltima edici\u00f3n de la Revista Nacional de Salud P\u00fablica, de la Universidad de Antioquia, con su art\u00edculo: \u201cDiscapacidad, diversidad e inclusi\u00f3n: concepciones de fonoaudi\u00f3logos que trabajan en educaci\u00f3n inclusiva\u201d, lo que evidencia su gran conocimiento en el \u00e1rea, que es unas de las grandes fortalezas institucionales, su pasi\u00f3n por la educaci\u00f3n y el compromiso constante con la investigaci\u00f3n para beneficiar a toda la comunidad. En la edici\u00f3n\u00a0n\u00famero 36-3 de la importante revista, se destaca la relevancia del conocimiento y su compromiso con el rol profesional de los egresados de la profesi\u00f3n.<\/p>\n<p>El art\u00edculo es producto de la investigaci\u00f3n realizada en el a\u00f1o 2016 sobre el quehacer del fonoaudi\u00f3logo en educaci\u00f3n inclusiva en Colombia, como parte del trabajo del Grupo de Investigaci\u00f3n FONOTEC del Programa de Fonoaudiolog\u00eda de la Fundaci\u00f3n Universitaria Mar\u00eda Cano. En el documento, se resaltan las concepciones que present\u00f3 un grupo de profesionales entrevistados en el a\u00f1o de la investigaci\u00f3n, sobre la discapacidad, la diversidad y la inclusi\u00f3n; conceptos que hacen parte del quehacer de estos profesionales en la educaci\u00f3n inclusiva.<\/p>\n<p>Se muestra c\u00f3mo algunas de las concepciones del grupo de fonoaudi\u00f3logos se enmarcan en la filosof\u00eda y metas propuestas por la Organizaci\u00f3n Mundial de la Salud y la Unesco sobre discapacidad, diversidad e inclusi\u00f3n; mientras, otras concepciones lo hacen m\u00e1s desde la mirada m\u00e9dica y rehabilitadora de la discapacidad.<\/p>\n<p><strong><a href=\"http:\/\/aprendeenlinea.udea.edu.co\/revistas\/index.php\/fnsp\/article\/view\/328162\/20791770\">Para leer el art\u00edculo ingresa AQU\u00cd<\/a><\/strong><\/p>\n<p>#VivelaMar\u00edaCano<\/p>\n","protected":false},"excerpt":{"rendered":"<p>Los profesores del Programa de Fonoaudiolog\u00eda, Jhon Fredy Quintero Uribe y Mary Luz Osorio Montoya, participan en la \u00faltima edici\u00f3n de la Revista Nacional de Salud P\u00fablica, de la Universidad de Antioquia, con su art\u00edculo: \u201cDiscapacidad, diversidad e inclusi\u00f3n: concepciones de fonoaudi\u00f3logos que trabajan en educaci\u00f3n inclusiva\u201d, lo que evidencia su gran conocimiento en el [&hellip;]<\/p>\n","protected":false},"author":5,"featured_media":5802,"comment_status":"closed","ping_status":"open","sticky":false,"template":"","format":"standard","meta":{"footnotes":""},"categories":[53],"tags":[],"yoast_head":"<!-- This site is optimized with the Yoast SEO plugin v18.4.1 - https:\/\/yoast.com\/wordpress\/plugins\/seo\/ -->\n<title>Nuestros profesores comparten su conocimiento en Revista Facultad Nacional de Salud P\u00fablica - Maria Cano - en<\/title>\n<meta name=\"description\" content=\"El trabajo de la Fonoaudiolog\u00eda para servir a la comunidad, es el tema central de la publicaci\u00f3n de profesores del programa en revista nacional.\" \/>\n<meta name=\"robots\" content=\"index, follow, max-snippet:-1, max-image-preview:large, max-video-preview:-1\" \/>\n<link rel=\"canonical\" href=\"https:\/\/www.fumc.edu.co\/en\/profesores-comparten-conocimiento-la-revista-nacional-salud-publica\/\" \/>\n<meta property=\"og:locale\" content=\"es_ES\" \/>\n<meta property=\"og:type\" content=\"article\" \/>\n<meta property=\"og:title\" content=\"Nuestros profesores comparten su conocimiento en Revista Facultad Nacional de Salud P\u00fablica - Maria Cano - en\" \/>\n<meta property=\"og:description\" content=\"El trabajo de la Fonoaudiolog\u00eda para servir a la comunidad, es el tema central de la publicaci\u00f3n de profesores del programa en revista nacional.\" \/>\n<meta property=\"og:url\" content=\"https:\/\/www.fumc.edu.co\/en\/profesores-comparten-conocimiento-la-revista-nacional-salud-publica\/\" \/>\n<meta property=\"og:site_name\" content=\"Maria Cano - en\" \/>\n<meta property=\"article:published_time\" content=\"2018-11-09T16:56:18+00:00\" \/>\n<meta property=\"og:image\" content=\"https:\/\/www.fumc.edu.co\/en\/wp-content\/uploads\/profesores.png\" \/>\n\t<meta property=\"og:image:width\" content=\"790\" \/>\n\t<meta property=\"og:image:height\" content=\"430\" \/>\n\t<meta property=\"og:image:type\" content=\"image\/png\" \/>\n<meta name=\"twitter:card\" content=\"summary\" \/>\n<meta name=\"twitter:label1\" content=\"Escrito por\" \/>\n\t<meta name=\"twitter:data1\" content=\"Luis Fernando Gomez Londo\u00f1o\" \/>\n\t<meta name=\"twitter:label2\" content=\"Tiempo de lectura\" \/>\n\t<meta name=\"twitter:data2\" content=\"1 minuto\" \/>\n<script type=\"application\/ld+json\" class=\"yoast-schema-graph\">{\"@context\":\"https:\/\/schema.org\",\"@graph\":[{\"@type\":\"WebSite\",\"@id\":\"https:\/\/www.fumc.edu.co\/en\/#website\",\"url\":\"https:\/\/www.fumc.edu.co\/en\/\",\"name\":\"Maria Cano - en\",\"description\":\"Otro sitio realizado con WordPress\",\"potentialAction\":[{\"@type\":\"SearchAction\",\"target\":{\"@type\":\"EntryPoint\",\"urlTemplate\":\"https:\/\/www.fumc.edu.co\/en\/?s={search_term_string}\"},\"query-input\":\"required name=search_term_string\"}],\"inLanguage\":\"es\"},{\"@type\":\"ImageObject\",\"@id\":\"https:\/\/www.fumc.edu.co\/en\/profesores-comparten-conocimiento-la-revista-nacional-salud-publica\/#primaryimage\",\"inLanguage\":\"es\",\"url\":\"https:\/\/www.fumc.edu.co\/en\/wp-content\/uploads\/profesores.png\",\"contentUrl\":\"https:\/\/www.fumc.edu.co\/en\/wp-content\/uploads\/profesores.png\",\"width\":790,\"height\":430},{\"@type\":\"WebPage\",\"@id\":\"https:\/\/www.fumc.edu.co\/en\/profesores-comparten-conocimiento-la-revista-nacional-salud-publica\/#webpage\",\"url\":\"https:\/\/www.fumc.edu.co\/en\/profesores-comparten-conocimiento-la-revista-nacional-salud-publica\/\",\"name\":\"Nuestros profesores comparten su conocimiento en Revista Facultad Nacional de Salud P\u00fablica - Maria Cano - en\",\"isPartOf\":{\"@id\":\"https:\/\/www.fumc.edu.co\/en\/#website\"},\"primaryImageOfPage\":{\"@id\":\"https:\/\/www.fumc.edu.co\/en\/profesores-comparten-conocimiento-la-revista-nacional-salud-publica\/#primaryimage\"},\"datePublished\":\"2018-11-09T16:56:18+00:00\",\"dateModified\":\"2018-11-09T16:56:18+00:00\",\"author\":{\"@id\":\"https:\/\/www.fumc.edu.co\/en\/#\/schema\/person\/50ed57da093fc879c363ff9de0a2abdb\"},\"description\":\"El trabajo de la Fonoaudiolog\u00eda para servir a la comunidad, es el tema central de la publicaci\u00f3n de profesores del programa en revista nacional.\",\"breadcrumb\":{\"@id\":\"https:\/\/www.fumc.edu.co\/en\/profesores-comparten-conocimiento-la-revista-nacional-salud-publica\/#breadcrumb\"},\"inLanguage\":\"es\",\"potentialAction\":[{\"@type\":\"ReadAction\",\"target\":[\"https:\/\/www.fumc.edu.co\/en\/profesores-comparten-conocimiento-la-revista-nacional-salud-publica\/\"]}]},{\"@type\":\"BreadcrumbList\",\"@id\":\"https:\/\/www.fumc.edu.co\/en\/profesores-comparten-conocimiento-la-revista-nacional-salud-publica\/#breadcrumb\",\"itemListElement\":[{\"@type\":\"ListItem\",\"position\":1,\"name\":\"Portada\",\"item\":\"https:\/\/www.fumc.edu.co\/en\/\"},{\"@type\":\"ListItem\",\"position\":2,\"name\":\"Nuestros profesores comparten su conocimiento en Revista Facultad Nacional de Salud P\u00fablica\"}]},{\"@type\":\"Person\",\"@id\":\"https:\/\/www.fumc.edu.co\/en\/#\/schema\/person\/50ed57da093fc879c363ff9de0a2abdb\",\"name\":\"Luis Fernando Gomez Londo\u00f1o\",\"url\":\"https:\/\/www.fumc.edu.co\/en\/author\/asiscomunicaciones\/\"}]}<\/script>\n<!-- \/ Yoast SEO plugin. -->","yoast_head_json":{"title":"Nuestros profesores comparten su conocimiento en Revista Facultad Nacional de Salud P\u00fablica - Maria Cano - en","description":"El trabajo de la Fonoaudiolog\u00eda para servir a la comunidad, es el tema central de la publicaci\u00f3n de profesores del programa en revista nacional.","robots":{"index":"index","follow":"follow","max-snippet":"max-snippet:-1","max-image-preview":"max-image-preview:large","max-video-preview":"max-video-preview:-1"},"canonical":"https:\/\/www.fumc.edu.co\/en\/profesores-comparten-conocimiento-la-revista-nacional-salud-publica\/","og_locale":"es_ES","og_type":"article","og_title":"Nuestros profesores comparten su conocimiento en Revista Facultad Nacional de Salud P\u00fablica - Maria Cano - en","og_description":"El trabajo de la Fonoaudiolog\u00eda para servir a la comunidad, es el tema central de la publicaci\u00f3n de profesores del programa en revista nacional.","og_url":"https:\/\/www.fumc.edu.co\/en\/profesores-comparten-conocimiento-la-revista-nacional-salud-publica\/","og_site_name":"Maria Cano - en","article_published_time":"2018-11-09T16:56:18+00:00","og_image":[{"width":790,"height":430,"url":"https:\/\/www.fumc.edu.co\/en\/wp-content\/uploads\/profesores.png","type":"image\/png"}],"twitter_card":"summary","twitter_misc":{"Escrito por":"Luis Fernando Gomez Londo\u00f1o","Tiempo de lectura":"1 minuto"},"schema":{"@context":"https:\/\/schema.org","@graph":[{"@type":"WebSite","@id":"https:\/\/www.fumc.edu.co\/en\/#website","url":"https:\/\/www.fumc.edu.co\/en\/","name":"Maria Cano - en","description":"Otro sitio realizado con WordPress","potentialAction":[{"@type":"SearchAction","target":{"@type":"EntryPoint","urlTemplate":"https:\/\/www.fumc.edu.co\/en\/?s={search_term_string}"},"query-input":"required name=search_term_string"}],"inLanguage":"es"},{"@type":"ImageObject","@id":"https:\/\/www.fumc.edu.co\/en\/profesores-comparten-conocimiento-la-revista-nacional-salud-publica\/#primaryimage","inLanguage":"es","url":"https:\/\/www.fumc.edu.co\/en\/wp-content\/uploads\/profesores.png","contentUrl":"https:\/\/www.fumc.edu.co\/en\/wp-content\/uploads\/profesores.png","width":790,"height":430},{"@type":"WebPage","@id":"https:\/\/www.fumc.edu.co\/en\/profesores-comparten-conocimiento-la-revista-nacional-salud-publica\/#webpage","url":"https:\/\/www.fumc.edu.co\/en\/profesores-comparten-conocimiento-la-revista-nacional-salud-publica\/","name":"Nuestros profesores comparten su conocimiento en Revista Facultad Nacional de Salud P\u00fablica - Maria Cano - en","isPartOf":{"@id":"https:\/\/www.fumc.edu.co\/en\/#website"},"primaryImageOfPage":{"@id":"https:\/\/www.fumc.edu.co\/en\/profesores-comparten-conocimiento-la-revista-nacional-salud-publica\/#primaryimage"},"datePublished":"2018-11-09T16:56:18+00:00","dateModified":"2018-11-09T16:56:18+00:00","author":{"@id":"https:\/\/www.fumc.edu.co\/en\/#\/schema\/person\/50ed57da093fc879c363ff9de0a2abdb"},"description":"El trabajo de la Fonoaudiolog\u00eda para servir a la comunidad, es el tema central de la publicaci\u00f3n de profesores del programa en revista nacional.","breadcrumb":{"@id":"https:\/\/www.fumc.edu.co\/en\/profesores-comparten-conocimiento-la-revista-nacional-salud-publica\/#breadcrumb"},"inLanguage":"es","potentialAction":[{"@type":"ReadAction","target":["https:\/\/www.fumc.edu.co\/en\/profesores-comparten-conocimiento-la-revista-nacional-salud-publica\/"]}]},{"@type":"BreadcrumbList","@id":"https:\/\/www.fumc.edu.co\/en\/profesores-comparten-conocimiento-la-revista-nacional-salud-publica\/#breadcrumb","itemListElement":[{"@type":"ListItem","position":1,"name":"Portada","item":"https:\/\/www.fumc.edu.co\/en\/"},{"@type":"ListItem","position":2,"name":"Nuestros profesores comparten su conocimiento en Revista Facultad Nacional de Salud P\u00fablica"}]},{"@type":"Person","@id":"https:\/\/www.fumc.edu.co\/en\/#\/schema\/person\/50ed57da093fc879c363ff9de0a2abdb","name":"Luis Fernando Gomez Londo\u00f1o","url":"https:\/\/www.fumc.edu.co\/en\/author\/asiscomunicaciones\/"}]}},"_links":{"self":[{"href":"https:\/\/www.fumc.edu.co\/en\/wp-json\/wp\/v2\/posts\/5801"}],"collection":[{"href":"https:\/\/www.fumc.edu.co\/en\/wp-json\/wp\/v2\/posts"}],"about":[{"href":"https:\/\/www.fumc.edu.co\/en\/wp-json\/wp\/v2\/types\/post"}],"author":[{"embeddable":true,"href":"https:\/\/www.fumc.edu.co\/en\/wp-json\/wp\/v2\/users\/5"}],"replies":[{"embeddable":true,"href":"https:\/\/www.fumc.edu.co\/en\/wp-json\/wp\/v2\/comments?post=5801"}],"version-history":[{"count":0,"href":"https:\/\/www.fumc.edu.co\/en\/wp-json\/wp\/v2\/posts\/5801\/revisions"}],"wp:featuredmedia":[{"embeddable":true,"href":"https:\/\/www.fumc.edu.co\/en\/wp-json\/wp\/v2\/media\/5802"}],"wp:attachment":[{"href":"https:\/\/www.fumc.edu.co\/en\/wp-json\/wp\/v2\/media?parent=5801"}],"wp:term":[{"taxonomy":"category","embeddable":true,"href":"https:\/\/www.fumc.edu.co\/en\/wp-json\/wp\/v2\/categories?post=5801"},{"taxonomy":"post_tag","embeddable":true,"href":"https:\/\/www.fumc.edu.co\/en\/wp-json\/wp\/v2\/tags?post=5801"}],"curies":[{"name":"wp","href":"https:\/\/api.w.org\/{rel}","templated":true}]}}