{"id":5819,"date":"2018-11-14T14:34:22","date_gmt":"2018-11-14T14:34:22","guid":{"rendered":"https:\/\/www.fumc.edu.co\/en\/?p=5819"},"modified":"2018-11-14T14:34:22","modified_gmt":"2018-11-14T14:34:22","slug":"5819-2","status":"publish","type":"post","link":"https:\/\/www.fumc.edu.co\/en\/5819-2\/","title":{"rendered":"La Responsabilidad Social presente en nuestro accionar"},"content":{"rendered":"<p>La Fundaci\u00f3n Universitaria Mar\u00eda Cano, particip\u00f3 en el 9\u00b0Encuentro Nacional de Responsabilidad Social en Educaci\u00f3n Superior liderado por las universidades que integran el Observatorio de Responsabilidad Social en Colombia ORSU \u2013 ASCUN, realizado en la ciudad de Tunja.\u00a0El encuentro permiti\u00f3 que las universidades que integran la ORSU, entre ellas la Mar\u00eda Cano, y dem\u00e1s instituciones de educaci\u00f3n presentes en el evento reflexionaran sobre la necesidad de fortalecer y dinamizar el concepto de Responsabilidad Social Universitaria.<\/p>\n<p>Las Instituciones de Educaci\u00f3n Superior en virtud de su pertinencia social deben procurar que la docencia, investigaci\u00f3n, extensi\u00f3n y servicios contribuyan a reducir algunos de los dram\u00e1ticos indicadores sobre pobreza extrema, a mejorar las condiciones del medio ambiente y a promover un acceso de la poblaci\u00f3n a condiciones de vida m\u00e1s dignas. La responsabilidad social universitaria no puede estar ajena al cumplimiento de las metas de desarrollo del Milenio, por lo que debe favorecer al desarrollo humano en su concepto m\u00e1s amplio a trav\u00e9s de la reorientaci\u00f3n de su visi\u00f3n y sus misiones b\u00e1sicas, reto con los que se compromete la Mar\u00eda Cano.<\/p>\n<p>Sin duda, el arduo trabajo que viene haciendo ORSU, contribuir\u00e1 al desarrollo de modelos pedag\u00f3gicos incluyentes y propositivos de cara a los nuevos desaf\u00edos y retos que exige la sustentabilidad de las comunidades e instituciones. La representaci\u00f3n estuvo a cargo de la Directora del Centro de Formaci\u00f3n Avanzada, Sandra M\u00f3nica Ramos Ospina.<\/p>\n<p>#VivelaMar\u00edaCano<\/p>\n","protected":false},"excerpt":{"rendered":"<p>La Fundaci\u00f3n Universitaria Mar\u00eda Cano, particip\u00f3 en el 9\u00b0Encuentro Nacional de Responsabilidad Social en Educaci\u00f3n Superior liderado por las universidades que integran el Observatorio de Responsabilidad Social en Colombia ORSU \u2013 ASCUN, realizado en la ciudad de Tunja.\u00a0El encuentro permiti\u00f3 que las universidades que integran la ORSU, entre ellas la Mar\u00eda Cano, y dem\u00e1s instituciones [&hellip;]<\/p>\n","protected":false},"author":5,"featured_media":5820,"comment_status":"closed","ping_status":"open","sticky":false,"template":"","format":"standard","meta":{"footnotes":""},"categories":[53],"tags":[],"yoast_head":"<!-- This site is optimized with the Yoast SEO plugin v18.4.1 - https:\/\/yoast.com\/wordpress\/plugins\/seo\/ -->\n<title>La Responsabilidad Social presente en nuestro accionar - Maria Cano - en<\/title>\n<meta name=\"description\" content=\"La Mar\u00eda Cano presente el Encuentro Nacional de Responsabilidad Social Universitaria, en donde ratific\u00f3 su compromiso con la educaci\u00f3n superior.\" \/>\n<meta name=\"robots\" content=\"index, follow, max-snippet:-1, max-image-preview:large, max-video-preview:-1\" \/>\n<link rel=\"canonical\" href=\"https:\/\/www.fumc.edu.co\/en\/5819-2\/\" \/>\n<meta property=\"og:locale\" content=\"es_ES\" \/>\n<meta property=\"og:type\" content=\"article\" \/>\n<meta property=\"og:title\" content=\"La Responsabilidad Social presente en nuestro accionar - Maria Cano - en\" \/>\n<meta property=\"og:description\" content=\"La Mar\u00eda Cano presente el Encuentro Nacional de Responsabilidad Social Universitaria, en donde ratific\u00f3 su compromiso con la educaci\u00f3n superior.\" \/>\n<meta property=\"og:url\" content=\"https:\/\/www.fumc.edu.co\/en\/5819-2\/\" \/>\n<meta property=\"og:site_name\" content=\"Maria Cano - en\" \/>\n<meta property=\"article:published_time\" content=\"2018-11-14T14:34:22+00:00\" \/>\n<meta property=\"og:image\" content=\"https:\/\/www.fumc.edu.co\/en\/wp-content\/uploads\/9-Encuentro-RSU.jpg\" \/>\n\t<meta property=\"og:image:width\" content=\"840\" \/>\n\t<meta property=\"og:image:height\" content=\"430\" \/>\n\t<meta property=\"og:image:type\" content=\"image\/jpeg\" \/>\n<meta name=\"twitter:card\" content=\"summary\" \/>\n<meta name=\"twitter:label1\" content=\"Escrito por\" \/>\n\t<meta name=\"twitter:data1\" content=\"Luis Fernando Gomez Londo\u00f1o\" \/>\n\t<meta name=\"twitter:label2\" content=\"Tiempo de lectura\" \/>\n\t<meta name=\"twitter:data2\" content=\"1 minuto\" \/>\n<script type=\"application\/ld+json\" class=\"yoast-schema-graph\">{\"@context\":\"https:\/\/schema.org\",\"@graph\":[{\"@type\":\"WebSite\",\"@id\":\"https:\/\/www.fumc.edu.co\/en\/#website\",\"url\":\"https:\/\/www.fumc.edu.co\/en\/\",\"name\":\"Maria Cano - en\",\"description\":\"Otro sitio realizado con WordPress\",\"potentialAction\":[{\"@type\":\"SearchAction\",\"target\":{\"@type\":\"EntryPoint\",\"urlTemplate\":\"https:\/\/www.fumc.edu.co\/en\/?s={search_term_string}\"},\"query-input\":\"required name=search_term_string\"}],\"inLanguage\":\"es\"},{\"@type\":\"ImageObject\",\"@id\":\"https:\/\/www.fumc.edu.co\/en\/5819-2\/#primaryimage\",\"inLanguage\":\"es\",\"url\":\"https:\/\/www.fumc.edu.co\/en\/wp-content\/uploads\/9-Encuentro-RSU.jpg\",\"contentUrl\":\"https:\/\/www.fumc.edu.co\/en\/wp-content\/uploads\/9-Encuentro-RSU.jpg\",\"width\":840,\"height\":430},{\"@type\":\"WebPage\",\"@id\":\"https:\/\/www.fumc.edu.co\/en\/5819-2\/#webpage\",\"url\":\"https:\/\/www.fumc.edu.co\/en\/5819-2\/\",\"name\":\"La Responsabilidad Social presente en nuestro accionar - Maria Cano - en\",\"isPartOf\":{\"@id\":\"https:\/\/www.fumc.edu.co\/en\/#website\"},\"primaryImageOfPage\":{\"@id\":\"https:\/\/www.fumc.edu.co\/en\/5819-2\/#primaryimage\"},\"datePublished\":\"2018-11-14T14:34:22+00:00\",\"dateModified\":\"2018-11-14T14:34:22+00:00\",\"author\":{\"@id\":\"https:\/\/www.fumc.edu.co\/en\/#\/schema\/person\/50ed57da093fc879c363ff9de0a2abdb\"},\"description\":\"La Mar\u00eda Cano presente el Encuentro Nacional de Responsabilidad Social Universitaria, en donde ratific\u00f3 su compromiso con la educaci\u00f3n superior.\",\"breadcrumb\":{\"@id\":\"https:\/\/www.fumc.edu.co\/en\/5819-2\/#breadcrumb\"},\"inLanguage\":\"es\",\"potentialAction\":[{\"@type\":\"ReadAction\",\"target\":[\"https:\/\/www.fumc.edu.co\/en\/5819-2\/\"]}]},{\"@type\":\"BreadcrumbList\",\"@id\":\"https:\/\/www.fumc.edu.co\/en\/5819-2\/#breadcrumb\",\"itemListElement\":[{\"@type\":\"ListItem\",\"position\":1,\"name\":\"Portada\",\"item\":\"https:\/\/www.fumc.edu.co\/en\/\"},{\"@type\":\"ListItem\",\"position\":2,\"name\":\"La Responsabilidad Social presente en nuestro accionar\"}]},{\"@type\":\"Person\",\"@id\":\"https:\/\/www.fumc.edu.co\/en\/#\/schema\/person\/50ed57da093fc879c363ff9de0a2abdb\",\"name\":\"Luis Fernando Gomez Londo\u00f1o\",\"url\":\"https:\/\/www.fumc.edu.co\/en\/author\/asiscomunicaciones\/\"}]}<\/script>\n<!-- \/ Yoast SEO plugin. -->","yoast_head_json":{"title":"La Responsabilidad Social presente en nuestro accionar - Maria Cano - en","description":"La Mar\u00eda Cano presente el Encuentro Nacional de Responsabilidad Social Universitaria, en donde ratific\u00f3 su compromiso con la educaci\u00f3n superior.","robots":{"index":"index","follow":"follow","max-snippet":"max-snippet:-1","max-image-preview":"max-image-preview:large","max-video-preview":"max-video-preview:-1"},"canonical":"https:\/\/www.fumc.edu.co\/en\/5819-2\/","og_locale":"es_ES","og_type":"article","og_title":"La Responsabilidad Social presente en nuestro accionar - Maria Cano - en","og_description":"La Mar\u00eda Cano presente el Encuentro Nacional de Responsabilidad Social Universitaria, en donde ratific\u00f3 su compromiso con la educaci\u00f3n superior.","og_url":"https:\/\/www.fumc.edu.co\/en\/5819-2\/","og_site_name":"Maria Cano - en","article_published_time":"2018-11-14T14:34:22+00:00","og_image":[{"width":840,"height":430,"url":"https:\/\/www.fumc.edu.co\/en\/wp-content\/uploads\/9-Encuentro-RSU.jpg","type":"image\/jpeg"}],"twitter_card":"summary","twitter_misc":{"Escrito por":"Luis Fernando Gomez Londo\u00f1o","Tiempo de lectura":"1 minuto"},"schema":{"@context":"https:\/\/schema.org","@graph":[{"@type":"WebSite","@id":"https:\/\/www.fumc.edu.co\/en\/#website","url":"https:\/\/www.fumc.edu.co\/en\/","name":"Maria Cano - en","description":"Otro sitio realizado con WordPress","potentialAction":[{"@type":"SearchAction","target":{"@type":"EntryPoint","urlTemplate":"https:\/\/www.fumc.edu.co\/en\/?s={search_term_string}"},"query-input":"required name=search_term_string"}],"inLanguage":"es"},{"@type":"ImageObject","@id":"https:\/\/www.fumc.edu.co\/en\/5819-2\/#primaryimage","inLanguage":"es","url":"https:\/\/www.fumc.edu.co\/en\/wp-content\/uploads\/9-Encuentro-RSU.jpg","contentUrl":"https:\/\/www.fumc.edu.co\/en\/wp-content\/uploads\/9-Encuentro-RSU.jpg","width":840,"height":430},{"@type":"WebPage","@id":"https:\/\/www.fumc.edu.co\/en\/5819-2\/#webpage","url":"https:\/\/www.fumc.edu.co\/en\/5819-2\/","name":"La Responsabilidad Social presente en nuestro accionar - Maria Cano - en","isPartOf":{"@id":"https:\/\/www.fumc.edu.co\/en\/#website"},"primaryImageOfPage":{"@id":"https:\/\/www.fumc.edu.co\/en\/5819-2\/#primaryimage"},"datePublished":"2018-11-14T14:34:22+00:00","dateModified":"2018-11-14T14:34:22+00:00","author":{"@id":"https:\/\/www.fumc.edu.co\/en\/#\/schema\/person\/50ed57da093fc879c363ff9de0a2abdb"},"description":"La Mar\u00eda Cano presente el Encuentro Nacional de Responsabilidad Social Universitaria, en donde ratific\u00f3 su compromiso con la educaci\u00f3n superior.","breadcrumb":{"@id":"https:\/\/www.fumc.edu.co\/en\/5819-2\/#breadcrumb"},"inLanguage":"es","potentialAction":[{"@type":"ReadAction","target":["https:\/\/www.fumc.edu.co\/en\/5819-2\/"]}]},{"@type":"BreadcrumbList","@id":"https:\/\/www.fumc.edu.co\/en\/5819-2\/#breadcrumb","itemListElement":[{"@type":"ListItem","position":1,"name":"Portada","item":"https:\/\/www.fumc.edu.co\/en\/"},{"@type":"ListItem","position":2,"name":"La Responsabilidad Social presente en nuestro accionar"}]},{"@type":"Person","@id":"https:\/\/www.fumc.edu.co\/en\/#\/schema\/person\/50ed57da093fc879c363ff9de0a2abdb","name":"Luis Fernando Gomez Londo\u00f1o","url":"https:\/\/www.fumc.edu.co\/en\/author\/asiscomunicaciones\/"}]}},"_links":{"self":[{"href":"https:\/\/www.fumc.edu.co\/en\/wp-json\/wp\/v2\/posts\/5819"}],"collection":[{"href":"https:\/\/www.fumc.edu.co\/en\/wp-json\/wp\/v2\/posts"}],"about":[{"href":"https:\/\/www.fumc.edu.co\/en\/wp-json\/wp\/v2\/types\/post"}],"author":[{"embeddable":true,"href":"https:\/\/www.fumc.edu.co\/en\/wp-json\/wp\/v2\/users\/5"}],"replies":[{"embeddable":true,"href":"https:\/\/www.fumc.edu.co\/en\/wp-json\/wp\/v2\/comments?post=5819"}],"version-history":[{"count":0,"href":"https:\/\/www.fumc.edu.co\/en\/wp-json\/wp\/v2\/posts\/5819\/revisions"}],"wp:featuredmedia":[{"embeddable":true,"href":"https:\/\/www.fumc.edu.co\/en\/wp-json\/wp\/v2\/media\/5820"}],"wp:attachment":[{"href":"https:\/\/www.fumc.edu.co\/en\/wp-json\/wp\/v2\/media?parent=5819"}],"wp:term":[{"taxonomy":"category","embeddable":true,"href":"https:\/\/www.fumc.edu.co\/en\/wp-json\/wp\/v2\/categories?post=5819"},{"taxonomy":"post_tag","embeddable":true,"href":"https:\/\/www.fumc.edu.co\/en\/wp-json\/wp\/v2\/tags?post=5819"}],"curies":[{"name":"wp","href":"https:\/\/api.w.org\/{rel}","templated":true}]}}