{"id":5830,"date":"2018-11-20T16:55:19","date_gmt":"2018-11-20T16:55:19","guid":{"rendered":"https:\/\/www.fumc.edu.co\/en\/?p=5830"},"modified":"2018-11-20T18:26:45","modified_gmt":"2018-11-20T18:26:45","slug":"investigacion-desde-programa-psicologia-le-aporta-al-pais","status":"publish","type":"post","link":"https:\/\/www.fumc.edu.co\/en\/investigacion-desde-programa-psicologia-le-aporta-al-pais\/","title":{"rendered":"En el programa de Psicolog\u00eda se adelanta investigaci\u00f3n que le aporta al pa\u00eds"},"content":{"rendered":"<p>En la ciudad de Neiva, capital del departamento colombiano de Huila, se realiz\u00f3 el \u201cIV Encuentro Latinoamericano de Investigaci\u00f3n en Psicolog\u00eda: Construcci\u00f3n de escenarios colectivos en el proceso de post-conflicto\u201d, en donde la profesora investigadora de la Mar\u00eda Cano, Juliana Montoya Ot\u00e1lvaro, particip\u00f3 como ponente presentando los resultados cualitativos de la investigaci\u00f3n: Sentido de vida en adolescentes desplazados por la violencia en Colombia, que hace parte del grupo Psique y Sociedad del programa de Psicolog\u00eda. Este encuentro tuvo como objetivo generar intercambio de experiencias acad\u00e9micas e investigativas fomentando el dialogo y an\u00e1lisis de las diferentes realidades tanto nacionales como internacionales que aporten a la construcci\u00f3n del conocimiento de la Psicolog\u00eda.<\/p>\n<p>La participaci\u00f3n en este tipo de eventos, si bien aporta a la divulgaci\u00f3n del conocimiento y a la visibilizaci\u00f3n de la investigaci\u00f3n realizada en la Instituci\u00f3n, tambi\u00e9n posibilita generar espacios de discusi\u00f3n, dentro del grupo de investigaci\u00f3n y a nivel externo, para plantear propuestas de investigaci\u00f3n que den respuesta a las necesidades reales del contexto e identificar los posibles aliados externos para llevarlas a cabo.<\/p>\n<p>La investigaci\u00f3n es un compromiso de la Mar\u00eda Cano y m\u00e1s cuando le aporta, de manera directa, al bienestar de la comunidad colombiana; es por ese motivo que crecemos y cada d\u00eda se consolida m\u00e1s la labor investigativa de la Mar\u00eda Cano.<\/p>\n<p>#VivelaMar\u00edaCano<\/p>\n","protected":false},"excerpt":{"rendered":"<p>En la ciudad de Neiva, capital del departamento colombiano de Huila, se realiz\u00f3 el \u201cIV Encuentro Latinoamericano de Investigaci\u00f3n en Psicolog\u00eda: Construcci\u00f3n de escenarios colectivos en el proceso de post-conflicto\u201d, en donde la profesora investigadora de la Mar\u00eda Cano, Juliana Montoya Ot\u00e1lvaro, particip\u00f3 como ponente presentando los resultados cualitativos de la investigaci\u00f3n: Sentido de vida [&hellip;]<\/p>\n","protected":false},"author":5,"featured_media":5831,"comment_status":"closed","ping_status":"open","sticky":false,"template":"","format":"standard","meta":{"footnotes":""},"categories":[53],"tags":[],"yoast_head":"<!-- This site is optimized with the Yoast SEO plugin v18.4.1 - https:\/\/yoast.com\/wordpress\/plugins\/seo\/ -->\n<title>En el programa de Psicolog\u00eda se adelanta investigaci\u00f3n que le aporta al pa\u00eds - Maria Cano - en<\/title>\n<meta name=\"description\" content=\"El Programa de Psicolog\u00eda de la Mar\u00eda Cano presenta resultados de proyecto de investigaci\u00f3n sobre desplazados por la violencia en Colombia.\" \/>\n<meta name=\"robots\" content=\"index, follow, max-snippet:-1, max-image-preview:large, max-video-preview:-1\" \/>\n<link rel=\"canonical\" href=\"https:\/\/www.fumc.edu.co\/en\/investigacion-desde-programa-psicologia-le-aporta-al-pais\/\" \/>\n<meta property=\"og:locale\" content=\"es_ES\" \/>\n<meta property=\"og:type\" content=\"article\" \/>\n<meta property=\"og:title\" content=\"En el programa de Psicolog\u00eda se adelanta investigaci\u00f3n que le aporta al pa\u00eds - Maria Cano - en\" \/>\n<meta property=\"og:description\" content=\"El Programa de Psicolog\u00eda de la Mar\u00eda Cano presenta resultados de proyecto de investigaci\u00f3n sobre desplazados por la violencia en Colombia.\" \/>\n<meta property=\"og:url\" content=\"https:\/\/www.fumc.edu.co\/en\/investigacion-desde-programa-psicologia-le-aporta-al-pais\/\" \/>\n<meta property=\"og:site_name\" content=\"Maria Cano - en\" \/>\n<meta property=\"article:published_time\" content=\"2018-11-20T16:55:19+00:00\" \/>\n<meta property=\"article:modified_time\" content=\"2018-11-20T18:26:45+00:00\" \/>\n<meta property=\"og:image\" content=\"https:\/\/www.fumc.edu.co\/en\/wp-content\/uploads\/juliana-profe.png\" \/>\n\t<meta property=\"og:image:width\" content=\"840\" \/>\n\t<meta property=\"og:image:height\" content=\"430\" \/>\n\t<meta property=\"og:image:type\" content=\"image\/png\" \/>\n<meta name=\"twitter:card\" content=\"summary\" \/>\n<meta name=\"twitter:label1\" content=\"Escrito por\" \/>\n\t<meta name=\"twitter:data1\" content=\"Luis Fernando Gomez Londo\u00f1o\" \/>\n\t<meta name=\"twitter:label2\" content=\"Tiempo de lectura\" \/>\n\t<meta name=\"twitter:data2\" content=\"1 minuto\" \/>\n<script type=\"application\/ld+json\" class=\"yoast-schema-graph\">{\"@context\":\"https:\/\/schema.org\",\"@graph\":[{\"@type\":\"WebSite\",\"@id\":\"https:\/\/www.fumc.edu.co\/en\/#website\",\"url\":\"https:\/\/www.fumc.edu.co\/en\/\",\"name\":\"Maria Cano - en\",\"description\":\"Otro sitio realizado con WordPress\",\"potentialAction\":[{\"@type\":\"SearchAction\",\"target\":{\"@type\":\"EntryPoint\",\"urlTemplate\":\"https:\/\/www.fumc.edu.co\/en\/?s={search_term_string}\"},\"query-input\":\"required name=search_term_string\"}],\"inLanguage\":\"es\"},{\"@type\":\"ImageObject\",\"@id\":\"https:\/\/www.fumc.edu.co\/en\/investigacion-desde-programa-psicologia-le-aporta-al-pais\/#primaryimage\",\"inLanguage\":\"es\",\"url\":\"https:\/\/www.fumc.edu.co\/en\/wp-content\/uploads\/juliana-profe.png\",\"contentUrl\":\"https:\/\/www.fumc.edu.co\/en\/wp-content\/uploads\/juliana-profe.png\",\"width\":840,\"height\":430},{\"@type\":\"WebPage\",\"@id\":\"https:\/\/www.fumc.edu.co\/en\/investigacion-desde-programa-psicologia-le-aporta-al-pais\/#webpage\",\"url\":\"https:\/\/www.fumc.edu.co\/en\/investigacion-desde-programa-psicologia-le-aporta-al-pais\/\",\"name\":\"En el programa de Psicolog\u00eda se adelanta investigaci\u00f3n que le aporta al pa\u00eds - Maria Cano - en\",\"isPartOf\":{\"@id\":\"https:\/\/www.fumc.edu.co\/en\/#website\"},\"primaryImageOfPage\":{\"@id\":\"https:\/\/www.fumc.edu.co\/en\/investigacion-desde-programa-psicologia-le-aporta-al-pais\/#primaryimage\"},\"datePublished\":\"2018-11-20T16:55:19+00:00\",\"dateModified\":\"2018-11-20T18:26:45+00:00\",\"author\":{\"@id\":\"https:\/\/www.fumc.edu.co\/en\/#\/schema\/person\/50ed57da093fc879c363ff9de0a2abdb\"},\"description\":\"El Programa de Psicolog\u00eda de la Mar\u00eda Cano presenta resultados de proyecto de investigaci\u00f3n sobre desplazados por la violencia en Colombia.\",\"breadcrumb\":{\"@id\":\"https:\/\/www.fumc.edu.co\/en\/investigacion-desde-programa-psicologia-le-aporta-al-pais\/#breadcrumb\"},\"inLanguage\":\"es\",\"potentialAction\":[{\"@type\":\"ReadAction\",\"target\":[\"https:\/\/www.fumc.edu.co\/en\/investigacion-desde-programa-psicologia-le-aporta-al-pais\/\"]}]},{\"@type\":\"BreadcrumbList\",\"@id\":\"https:\/\/www.fumc.edu.co\/en\/investigacion-desde-programa-psicologia-le-aporta-al-pais\/#breadcrumb\",\"itemListElement\":[{\"@type\":\"ListItem\",\"position\":1,\"name\":\"Portada\",\"item\":\"https:\/\/www.fumc.edu.co\/en\/\"},{\"@type\":\"ListItem\",\"position\":2,\"name\":\"En el programa de Psicolog\u00eda se adelanta investigaci\u00f3n que le aporta al pa\u00eds\"}]},{\"@type\":\"Person\",\"@id\":\"https:\/\/www.fumc.edu.co\/en\/#\/schema\/person\/50ed57da093fc879c363ff9de0a2abdb\",\"name\":\"Luis Fernando Gomez Londo\u00f1o\",\"url\":\"https:\/\/www.fumc.edu.co\/en\/author\/asiscomunicaciones\/\"}]}<\/script>\n<!-- \/ Yoast SEO plugin. -->","yoast_head_json":{"title":"En el programa de Psicolog\u00eda se adelanta investigaci\u00f3n que le aporta al pa\u00eds - Maria Cano - en","description":"El Programa de Psicolog\u00eda de la Mar\u00eda Cano presenta resultados de proyecto de investigaci\u00f3n sobre desplazados por la violencia en Colombia.","robots":{"index":"index","follow":"follow","max-snippet":"max-snippet:-1","max-image-preview":"max-image-preview:large","max-video-preview":"max-video-preview:-1"},"canonical":"https:\/\/www.fumc.edu.co\/en\/investigacion-desde-programa-psicologia-le-aporta-al-pais\/","og_locale":"es_ES","og_type":"article","og_title":"En el programa de Psicolog\u00eda se adelanta investigaci\u00f3n que le aporta al pa\u00eds - Maria Cano - en","og_description":"El Programa de Psicolog\u00eda de la Mar\u00eda Cano presenta resultados de proyecto de investigaci\u00f3n sobre desplazados por la violencia en Colombia.","og_url":"https:\/\/www.fumc.edu.co\/en\/investigacion-desde-programa-psicologia-le-aporta-al-pais\/","og_site_name":"Maria Cano - en","article_published_time":"2018-11-20T16:55:19+00:00","article_modified_time":"2018-11-20T18:26:45+00:00","og_image":[{"width":840,"height":430,"url":"https:\/\/www.fumc.edu.co\/en\/wp-content\/uploads\/juliana-profe.png","type":"image\/png"}],"twitter_card":"summary","twitter_misc":{"Escrito por":"Luis Fernando Gomez Londo\u00f1o","Tiempo de lectura":"1 minuto"},"schema":{"@context":"https:\/\/schema.org","@graph":[{"@type":"WebSite","@id":"https:\/\/www.fumc.edu.co\/en\/#website","url":"https:\/\/www.fumc.edu.co\/en\/","name":"Maria Cano - en","description":"Otro sitio realizado con WordPress","potentialAction":[{"@type":"SearchAction","target":{"@type":"EntryPoint","urlTemplate":"https:\/\/www.fumc.edu.co\/en\/?s={search_term_string}"},"query-input":"required name=search_term_string"}],"inLanguage":"es"},{"@type":"ImageObject","@id":"https:\/\/www.fumc.edu.co\/en\/investigacion-desde-programa-psicologia-le-aporta-al-pais\/#primaryimage","inLanguage":"es","url":"https:\/\/www.fumc.edu.co\/en\/wp-content\/uploads\/juliana-profe.png","contentUrl":"https:\/\/www.fumc.edu.co\/en\/wp-content\/uploads\/juliana-profe.png","width":840,"height":430},{"@type":"WebPage","@id":"https:\/\/www.fumc.edu.co\/en\/investigacion-desde-programa-psicologia-le-aporta-al-pais\/#webpage","url":"https:\/\/www.fumc.edu.co\/en\/investigacion-desde-programa-psicologia-le-aporta-al-pais\/","name":"En el programa de Psicolog\u00eda se adelanta investigaci\u00f3n que le aporta al pa\u00eds - Maria Cano - en","isPartOf":{"@id":"https:\/\/www.fumc.edu.co\/en\/#website"},"primaryImageOfPage":{"@id":"https:\/\/www.fumc.edu.co\/en\/investigacion-desde-programa-psicologia-le-aporta-al-pais\/#primaryimage"},"datePublished":"2018-11-20T16:55:19+00:00","dateModified":"2018-11-20T18:26:45+00:00","author":{"@id":"https:\/\/www.fumc.edu.co\/en\/#\/schema\/person\/50ed57da093fc879c363ff9de0a2abdb"},"description":"El Programa de Psicolog\u00eda de la Mar\u00eda Cano presenta resultados de proyecto de investigaci\u00f3n sobre desplazados por la violencia en Colombia.","breadcrumb":{"@id":"https:\/\/www.fumc.edu.co\/en\/investigacion-desde-programa-psicologia-le-aporta-al-pais\/#breadcrumb"},"inLanguage":"es","potentialAction":[{"@type":"ReadAction","target":["https:\/\/www.fumc.edu.co\/en\/investigacion-desde-programa-psicologia-le-aporta-al-pais\/"]}]},{"@type":"BreadcrumbList","@id":"https:\/\/www.fumc.edu.co\/en\/investigacion-desde-programa-psicologia-le-aporta-al-pais\/#breadcrumb","itemListElement":[{"@type":"ListItem","position":1,"name":"Portada","item":"https:\/\/www.fumc.edu.co\/en\/"},{"@type":"ListItem","position":2,"name":"En el programa de Psicolog\u00eda se adelanta investigaci\u00f3n que le aporta al pa\u00eds"}]},{"@type":"Person","@id":"https:\/\/www.fumc.edu.co\/en\/#\/schema\/person\/50ed57da093fc879c363ff9de0a2abdb","name":"Luis Fernando Gomez Londo\u00f1o","url":"https:\/\/www.fumc.edu.co\/en\/author\/asiscomunicaciones\/"}]}},"_links":{"self":[{"href":"https:\/\/www.fumc.edu.co\/en\/wp-json\/wp\/v2\/posts\/5830"}],"collection":[{"href":"https:\/\/www.fumc.edu.co\/en\/wp-json\/wp\/v2\/posts"}],"about":[{"href":"https:\/\/www.fumc.edu.co\/en\/wp-json\/wp\/v2\/types\/post"}],"author":[{"embeddable":true,"href":"https:\/\/www.fumc.edu.co\/en\/wp-json\/wp\/v2\/users\/5"}],"replies":[{"embeddable":true,"href":"https:\/\/www.fumc.edu.co\/en\/wp-json\/wp\/v2\/comments?post=5830"}],"version-history":[{"count":0,"href":"https:\/\/www.fumc.edu.co\/en\/wp-json\/wp\/v2\/posts\/5830\/revisions"}],"wp:featuredmedia":[{"embeddable":true,"href":"https:\/\/www.fumc.edu.co\/en\/wp-json\/wp\/v2\/media\/5831"}],"wp:attachment":[{"href":"https:\/\/www.fumc.edu.co\/en\/wp-json\/wp\/v2\/media?parent=5830"}],"wp:term":[{"taxonomy":"category","embeddable":true,"href":"https:\/\/www.fumc.edu.co\/en\/wp-json\/wp\/v2\/categories?post=5830"},{"taxonomy":"post_tag","embeddable":true,"href":"https:\/\/www.fumc.edu.co\/en\/wp-json\/wp\/v2\/tags?post=5830"}],"curies":[{"name":"wp","href":"https:\/\/api.w.org\/{rel}","templated":true}]}}