{"id":5891,"date":"2018-11-23T16:17:23","date_gmt":"2018-11-23T16:17:23","guid":{"rendered":"https:\/\/www.fumc.edu.co\/en\/?p=5891"},"modified":"2018-11-23T16:17:23","modified_gmt":"2018-11-23T16:17:23","slug":"5891-2","status":"publish","type":"post","link":"https:\/\/www.fumc.edu.co\/en\/5891-2\/","title":{"rendered":"Nuestros profesores y egresados son l\u00edderes en investigaci\u00f3n pertinente para la sociedad"},"content":{"rendered":"<p>Se realiz\u00f3 el Congreso ELE 2018, Encuentro Latinoamericano de Educaci\u00f3n, en la\u00a0ciudad de Medell\u00edn con invitados internacionales, donde los profesores e investigadores de los diferentes programas de la Mar\u00eda Cano:\u00a0Javier Ignacio Garc\u00eda Correa del programa de fisioterapia, perteneciente al grupo de investigaci\u00f3n Fisioter; Mary Luz Osorio Montoya, investigadora del programa de Fonoaudiolog\u00eday adscrita a Fonotec; y\u00a0Juli\u00e1n David Aristiz\u00e1bal Rojas del centro de idiomas, acompa\u00f1ado de la egresada Yulieth Melisa Castro M\u00fanera del programa de Fonoaudiolog\u00eda; presentaron su trabajo y el accionar que tienen para el crecimiento de la Instituci\u00f3n y la entrega de sus conocimientos al servicio de la sociedad.<\/p>\n<p>Cabe mencionar que, como resultado de las ponencias realizadas y de la calidad en sus exposiciones, forman parte de un libro resultado de investigaci\u00f3n denominado: El libro Revoluci\u00f3n en la Formaci\u00f3n y la Capacitaci\u00f3n para el Siglo XXI &#8211; Primera Edici\u00f3n, que contiene los cap\u00edtulos presentados en ELE 2018, el cual puede ser consultado y descargado <em><strong><a href=\"http:\/\/www.fundacioniai.org\/editorial\/index2.1.html\">AQU\u00cd<\/a><\/strong><\/em>.<\/p>\n<p>&nbsp;<\/p>\n<p>De esta forma, nuevamente se evidencia la pertinencia de la propuesta acad\u00e9mica de la Fundaci\u00f3n Universitaria Mar\u00eda Cano, el aporte de los profesionales para la soluci\u00f3n de los diferentes problemas que afectan a las comunidades, as\u00ed como la impecable labor formativa e investigativa de la Instituci\u00f3n.<\/p>\n<p>#VivelaMar\u00edaCano<\/p>\n","protected":false},"excerpt":{"rendered":"<p>Se realiz\u00f3 el Congreso ELE 2018, Encuentro Latinoamericano de Educaci\u00f3n, en la\u00a0ciudad de Medell\u00edn con invitados internacionales, donde los profesores e investigadores de los diferentes programas de la Mar\u00eda Cano:\u00a0Javier Ignacio Garc\u00eda Correa del programa de fisioterapia, perteneciente al grupo de investigaci\u00f3n Fisioter; Mary Luz Osorio Montoya, investigadora del programa de Fonoaudiolog\u00eday adscrita a Fonotec; [&hellip;]<\/p>\n","protected":false},"author":5,"featured_media":5892,"comment_status":"closed","ping_status":"open","sticky":false,"template":"","format":"standard","meta":{"footnotes":""},"categories":[53],"tags":[],"yoast_head":"<!-- This site is optimized with the Yoast SEO plugin v18.4.1 - https:\/\/yoast.com\/wordpress\/plugins\/seo\/ -->\n<title>Nuestros profesores y egresados son l\u00edderes en investigaci\u00f3n pertinente para la sociedad - Maria Cano - en<\/title>\n<meta name=\"description\" content=\"Durante la participaci\u00f3n en el Congreso ELE 2018, Encuentro Latinoamericano de Educaci\u00f3n; los profesores de la Mar\u00eda Cano se destacaron una vez m\u00e1s.\" \/>\n<meta name=\"robots\" content=\"index, follow, max-snippet:-1, max-image-preview:large, max-video-preview:-1\" \/>\n<link rel=\"canonical\" href=\"https:\/\/www.fumc.edu.co\/en\/5891-2\/\" \/>\n<meta property=\"og:locale\" content=\"es_ES\" \/>\n<meta property=\"og:type\" content=\"article\" \/>\n<meta property=\"og:title\" content=\"Nuestros profesores y egresados son l\u00edderes en investigaci\u00f3n pertinente para la sociedad - Maria Cano - en\" \/>\n<meta property=\"og:description\" content=\"Durante la participaci\u00f3n en el Congreso ELE 2018, Encuentro Latinoamericano de Educaci\u00f3n; los profesores de la Mar\u00eda Cano se destacaron una vez m\u00e1s.\" \/>\n<meta property=\"og:url\" content=\"https:\/\/www.fumc.edu.co\/en\/5891-2\/\" \/>\n<meta property=\"og:site_name\" content=\"Maria Cano - en\" \/>\n<meta property=\"article:published_time\" content=\"2018-11-23T16:17:23+00:00\" \/>\n<meta property=\"og:image\" content=\"https:\/\/www.fumc.edu.co\/en\/wp-content\/uploads\/los-profes.png\" \/>\n\t<meta property=\"og:image:width\" content=\"840\" \/>\n\t<meta property=\"og:image:height\" content=\"430\" \/>\n\t<meta property=\"og:image:type\" content=\"image\/png\" \/>\n<meta name=\"twitter:card\" content=\"summary\" \/>\n<meta name=\"twitter:label1\" content=\"Escrito por\" \/>\n\t<meta name=\"twitter:data1\" content=\"Luis Fernando Gomez Londo\u00f1o\" \/>\n\t<meta name=\"twitter:label2\" content=\"Tiempo de lectura\" \/>\n\t<meta name=\"twitter:data2\" content=\"1 minuto\" \/>\n<script type=\"application\/ld+json\" class=\"yoast-schema-graph\">{\"@context\":\"https:\/\/schema.org\",\"@graph\":[{\"@type\":\"WebSite\",\"@id\":\"https:\/\/www.fumc.edu.co\/en\/#website\",\"url\":\"https:\/\/www.fumc.edu.co\/en\/\",\"name\":\"Maria Cano - en\",\"description\":\"Otro sitio realizado con WordPress\",\"potentialAction\":[{\"@type\":\"SearchAction\",\"target\":{\"@type\":\"EntryPoint\",\"urlTemplate\":\"https:\/\/www.fumc.edu.co\/en\/?s={search_term_string}\"},\"query-input\":\"required name=search_term_string\"}],\"inLanguage\":\"es\"},{\"@type\":\"ImageObject\",\"@id\":\"https:\/\/www.fumc.edu.co\/en\/5891-2\/#primaryimage\",\"inLanguage\":\"es\",\"url\":\"https:\/\/www.fumc.edu.co\/en\/wp-content\/uploads\/los-profes.png\",\"contentUrl\":\"https:\/\/www.fumc.edu.co\/en\/wp-content\/uploads\/los-profes.png\",\"width\":840,\"height\":430},{\"@type\":\"WebPage\",\"@id\":\"https:\/\/www.fumc.edu.co\/en\/5891-2\/#webpage\",\"url\":\"https:\/\/www.fumc.edu.co\/en\/5891-2\/\",\"name\":\"Nuestros profesores y egresados son l\u00edderes en investigaci\u00f3n pertinente para la sociedad - Maria Cano - en\",\"isPartOf\":{\"@id\":\"https:\/\/www.fumc.edu.co\/en\/#website\"},\"primaryImageOfPage\":{\"@id\":\"https:\/\/www.fumc.edu.co\/en\/5891-2\/#primaryimage\"},\"datePublished\":\"2018-11-23T16:17:23+00:00\",\"dateModified\":\"2018-11-23T16:17:23+00:00\",\"author\":{\"@id\":\"https:\/\/www.fumc.edu.co\/en\/#\/schema\/person\/50ed57da093fc879c363ff9de0a2abdb\"},\"description\":\"Durante la participaci\u00f3n en el Congreso ELE 2018, Encuentro Latinoamericano de Educaci\u00f3n; los profesores de la Mar\u00eda Cano se destacaron una vez m\u00e1s.\",\"breadcrumb\":{\"@id\":\"https:\/\/www.fumc.edu.co\/en\/5891-2\/#breadcrumb\"},\"inLanguage\":\"es\",\"potentialAction\":[{\"@type\":\"ReadAction\",\"target\":[\"https:\/\/www.fumc.edu.co\/en\/5891-2\/\"]}]},{\"@type\":\"BreadcrumbList\",\"@id\":\"https:\/\/www.fumc.edu.co\/en\/5891-2\/#breadcrumb\",\"itemListElement\":[{\"@type\":\"ListItem\",\"position\":1,\"name\":\"Portada\",\"item\":\"https:\/\/www.fumc.edu.co\/en\/\"},{\"@type\":\"ListItem\",\"position\":2,\"name\":\"Nuestros profesores y egresados son l\u00edderes en investigaci\u00f3n pertinente para la sociedad\"}]},{\"@type\":\"Person\",\"@id\":\"https:\/\/www.fumc.edu.co\/en\/#\/schema\/person\/50ed57da093fc879c363ff9de0a2abdb\",\"name\":\"Luis Fernando Gomez Londo\u00f1o\",\"url\":\"https:\/\/www.fumc.edu.co\/en\/author\/asiscomunicaciones\/\"}]}<\/script>\n<!-- \/ Yoast SEO plugin. -->","yoast_head_json":{"title":"Nuestros profesores y egresados son l\u00edderes en investigaci\u00f3n pertinente para la sociedad - Maria Cano - en","description":"Durante la participaci\u00f3n en el Congreso ELE 2018, Encuentro Latinoamericano de Educaci\u00f3n; los profesores de la Mar\u00eda Cano se destacaron una vez m\u00e1s.","robots":{"index":"index","follow":"follow","max-snippet":"max-snippet:-1","max-image-preview":"max-image-preview:large","max-video-preview":"max-video-preview:-1"},"canonical":"https:\/\/www.fumc.edu.co\/en\/5891-2\/","og_locale":"es_ES","og_type":"article","og_title":"Nuestros profesores y egresados son l\u00edderes en investigaci\u00f3n pertinente para la sociedad - Maria Cano - en","og_description":"Durante la participaci\u00f3n en el Congreso ELE 2018, Encuentro Latinoamericano de Educaci\u00f3n; los profesores de la Mar\u00eda Cano se destacaron una vez m\u00e1s.","og_url":"https:\/\/www.fumc.edu.co\/en\/5891-2\/","og_site_name":"Maria Cano - en","article_published_time":"2018-11-23T16:17:23+00:00","og_image":[{"width":840,"height":430,"url":"https:\/\/www.fumc.edu.co\/en\/wp-content\/uploads\/los-profes.png","type":"image\/png"}],"twitter_card":"summary","twitter_misc":{"Escrito por":"Luis Fernando Gomez Londo\u00f1o","Tiempo de lectura":"1 minuto"},"schema":{"@context":"https:\/\/schema.org","@graph":[{"@type":"WebSite","@id":"https:\/\/www.fumc.edu.co\/en\/#website","url":"https:\/\/www.fumc.edu.co\/en\/","name":"Maria Cano - en","description":"Otro sitio realizado con WordPress","potentialAction":[{"@type":"SearchAction","target":{"@type":"EntryPoint","urlTemplate":"https:\/\/www.fumc.edu.co\/en\/?s={search_term_string}"},"query-input":"required name=search_term_string"}],"inLanguage":"es"},{"@type":"ImageObject","@id":"https:\/\/www.fumc.edu.co\/en\/5891-2\/#primaryimage","inLanguage":"es","url":"https:\/\/www.fumc.edu.co\/en\/wp-content\/uploads\/los-profes.png","contentUrl":"https:\/\/www.fumc.edu.co\/en\/wp-content\/uploads\/los-profes.png","width":840,"height":430},{"@type":"WebPage","@id":"https:\/\/www.fumc.edu.co\/en\/5891-2\/#webpage","url":"https:\/\/www.fumc.edu.co\/en\/5891-2\/","name":"Nuestros profesores y egresados son l\u00edderes en investigaci\u00f3n pertinente para la sociedad - Maria Cano - en","isPartOf":{"@id":"https:\/\/www.fumc.edu.co\/en\/#website"},"primaryImageOfPage":{"@id":"https:\/\/www.fumc.edu.co\/en\/5891-2\/#primaryimage"},"datePublished":"2018-11-23T16:17:23+00:00","dateModified":"2018-11-23T16:17:23+00:00","author":{"@id":"https:\/\/www.fumc.edu.co\/en\/#\/schema\/person\/50ed57da093fc879c363ff9de0a2abdb"},"description":"Durante la participaci\u00f3n en el Congreso ELE 2018, Encuentro Latinoamericano de Educaci\u00f3n; los profesores de la Mar\u00eda Cano se destacaron una vez m\u00e1s.","breadcrumb":{"@id":"https:\/\/www.fumc.edu.co\/en\/5891-2\/#breadcrumb"},"inLanguage":"es","potentialAction":[{"@type":"ReadAction","target":["https:\/\/www.fumc.edu.co\/en\/5891-2\/"]}]},{"@type":"BreadcrumbList","@id":"https:\/\/www.fumc.edu.co\/en\/5891-2\/#breadcrumb","itemListElement":[{"@type":"ListItem","position":1,"name":"Portada","item":"https:\/\/www.fumc.edu.co\/en\/"},{"@type":"ListItem","position":2,"name":"Nuestros profesores y egresados son l\u00edderes en investigaci\u00f3n pertinente para la sociedad"}]},{"@type":"Person","@id":"https:\/\/www.fumc.edu.co\/en\/#\/schema\/person\/50ed57da093fc879c363ff9de0a2abdb","name":"Luis Fernando Gomez Londo\u00f1o","url":"https:\/\/www.fumc.edu.co\/en\/author\/asiscomunicaciones\/"}]}},"_links":{"self":[{"href":"https:\/\/www.fumc.edu.co\/en\/wp-json\/wp\/v2\/posts\/5891"}],"collection":[{"href":"https:\/\/www.fumc.edu.co\/en\/wp-json\/wp\/v2\/posts"}],"about":[{"href":"https:\/\/www.fumc.edu.co\/en\/wp-json\/wp\/v2\/types\/post"}],"author":[{"embeddable":true,"href":"https:\/\/www.fumc.edu.co\/en\/wp-json\/wp\/v2\/users\/5"}],"replies":[{"embeddable":true,"href":"https:\/\/www.fumc.edu.co\/en\/wp-json\/wp\/v2\/comments?post=5891"}],"version-history":[{"count":0,"href":"https:\/\/www.fumc.edu.co\/en\/wp-json\/wp\/v2\/posts\/5891\/revisions"}],"wp:featuredmedia":[{"embeddable":true,"href":"https:\/\/www.fumc.edu.co\/en\/wp-json\/wp\/v2\/media\/5892"}],"wp:attachment":[{"href":"https:\/\/www.fumc.edu.co\/en\/wp-json\/wp\/v2\/media?parent=5891"}],"wp:term":[{"taxonomy":"category","embeddable":true,"href":"https:\/\/www.fumc.edu.co\/en\/wp-json\/wp\/v2\/categories?post=5891"},{"taxonomy":"post_tag","embeddable":true,"href":"https:\/\/www.fumc.edu.co\/en\/wp-json\/wp\/v2\/tags?post=5891"}],"curies":[{"name":"wp","href":"https:\/\/api.w.org\/{rel}","templated":true}]}}