{"id":5905,"date":"2018-11-26T16:44:30","date_gmt":"2018-11-26T16:44:30","guid":{"rendered":"https:\/\/www.fumc.edu.co\/en\/?p=5905"},"modified":"2018-11-26T16:47:36","modified_gmt":"2018-11-26T16:47:36","slug":"nos-preparamos-presentar-nuevos-programas-academicos-posgrado","status":"publish","type":"post","link":"https:\/\/www.fumc.edu.co\/en\/nos-preparamos-presentar-nuevos-programas-academicos-posgrado\/","title":{"rendered":"Nos preparamos para presentar nuevos programas acad\u00e9micos de posgrado"},"content":{"rendered":"<p>El proceso de crecimiento y consolidaci\u00f3n de la oferta acad\u00e9mica de la Mar\u00eda Cano, no para y cada d\u00eda se realizan estudios pertinentes para responder con propuestas de formaci\u00f3n posgradual, acorde con las verdaderas necesidades de los profesionales que se han formado en la Instituci\u00f3n y en las dem\u00e1s universidades del pa\u00eds. Durante los d\u00edas lunes 26, martes 27 y mi\u00e9rcoles 28 de noviembre recibimos ala visita de los pares acad\u00e9micos del Ministerio de Educaci\u00f3n Nacional: Sandra Paola Mondrag\u00f3n Boh\u00f3rquez, Blanca Ruby Castro Ayala y Jos\u00e9 Arc\u00e1ngel Gil Giraldo; quienes acompa\u00f1an el proceso de obtenci\u00f3n de los registros calificados para los programas posgraduales: Especializaci\u00f3n en Disfagia y Especializaci\u00f3n en Gerencia Tributaria.<\/p>\n<p>El crecimiento pertinente de la propuestas acad\u00e9micas en las sedes Medell\u00edn, Cali, Neiva y Popay\u00e1n; as\u00ed como la calidad en todo el accionar de la Instituci\u00f3n es una de las grandes metas propuestas el Plan de Desarrollo 2017 &#8211; 2016 \u00abConstruyendo Futuro\u00bb que lidera el rector Hugo Alberto Valencia Porras.<\/p>\n<p>#VivelaMar\u00edaCano<\/p>\n<p style=\"text-align: center;\"><img decoding=\"async\" loading=\"lazy\" class=\"alignnone wp-image-5907\" src=\"https:\/\/www.fumc.edu.co\/en\/wp-content\/uploads\/Pares-1.jpg\" alt=\"\" width=\"1154\" height=\"769\" srcset=\"https:\/\/www.fumc.edu.co\/en\/wp-content\/uploads\/Pares-1.jpg 645w, https:\/\/www.fumc.edu.co\/en\/wp-content\/uploads\/Pares-1-270x180.jpg 270w\" sizes=\"(max-width: 1154px) 100vw, 1154px\" \/><\/p>\n","protected":false},"excerpt":{"rendered":"<p>El proceso de crecimiento y consolidaci\u00f3n de la oferta acad\u00e9mica de la Mar\u00eda Cano, no para y cada d\u00eda se realizan estudios pertinentes para responder con propuestas de formaci\u00f3n posgradual, acorde con las verdaderas necesidades de los profesionales que se han formado en la Instituci\u00f3n y en las dem\u00e1s universidades del pa\u00eds. Durante los d\u00edas [&hellip;]<\/p>\n","protected":false},"author":5,"featured_media":5906,"comment_status":"closed","ping_status":"open","sticky":false,"template":"","format":"standard","meta":{"footnotes":""},"categories":[53],"tags":[],"yoast_head":"<!-- This site is optimized with the Yoast SEO plugin v18.4.1 - https:\/\/yoast.com\/wordpress\/plugins\/seo\/ -->\n<title>Nos preparamos para presentar nuevos programas acad\u00e9micos de posgrado - Maria Cano - en<\/title>\n<meta name=\"description\" content=\"La Mar\u00eda Cano recibe nuevas visitas de pares acad\u00e9micos del Ministerio de Educaci\u00f3n Nacional para obtener los registros calificados de nuevos posgrados.\" \/>\n<meta name=\"robots\" content=\"index, follow, max-snippet:-1, max-image-preview:large, max-video-preview:-1\" \/>\n<link rel=\"canonical\" href=\"https:\/\/www.fumc.edu.co\/en\/nos-preparamos-presentar-nuevos-programas-academicos-posgrado\/\" \/>\n<meta property=\"og:locale\" content=\"es_ES\" \/>\n<meta property=\"og:type\" content=\"article\" \/>\n<meta property=\"og:title\" content=\"Nos preparamos para presentar nuevos programas acad\u00e9micos de posgrado - Maria Cano - en\" \/>\n<meta property=\"og:description\" content=\"La Mar\u00eda Cano recibe nuevas visitas de pares acad\u00e9micos del Ministerio de Educaci\u00f3n Nacional para obtener los registros calificados de nuevos posgrados.\" \/>\n<meta property=\"og:url\" content=\"https:\/\/www.fumc.edu.co\/en\/nos-preparamos-presentar-nuevos-programas-academicos-posgrado\/\" \/>\n<meta property=\"og:site_name\" content=\"Maria Cano - en\" \/>\n<meta property=\"article:published_time\" content=\"2018-11-26T16:44:30+00:00\" \/>\n<meta property=\"article:modified_time\" content=\"2018-11-26T16:47:36+00:00\" \/>\n<meta property=\"og:image\" content=\"https:\/\/www.fumc.edu.co\/en\/wp-content\/uploads\/Pares-2.jpg\" \/>\n\t<meta property=\"og:image:width\" content=\"645\" \/>\n\t<meta property=\"og:image:height\" content=\"430\" \/>\n\t<meta property=\"og:image:type\" content=\"image\/jpeg\" \/>\n<meta name=\"twitter:card\" content=\"summary\" \/>\n<meta name=\"twitter:label1\" content=\"Escrito por\" \/>\n\t<meta name=\"twitter:data1\" content=\"Luis Fernando Gomez Londo\u00f1o\" \/>\n\t<meta name=\"twitter:label2\" content=\"Tiempo de lectura\" \/>\n\t<meta name=\"twitter:data2\" content=\"1 minuto\" \/>\n<script type=\"application\/ld+json\" class=\"yoast-schema-graph\">{\"@context\":\"https:\/\/schema.org\",\"@graph\":[{\"@type\":\"WebSite\",\"@id\":\"https:\/\/www.fumc.edu.co\/en\/#website\",\"url\":\"https:\/\/www.fumc.edu.co\/en\/\",\"name\":\"Maria Cano - en\",\"description\":\"Otro sitio realizado con WordPress\",\"potentialAction\":[{\"@type\":\"SearchAction\",\"target\":{\"@type\":\"EntryPoint\",\"urlTemplate\":\"https:\/\/www.fumc.edu.co\/en\/?s={search_term_string}\"},\"query-input\":\"required name=search_term_string\"}],\"inLanguage\":\"es\"},{\"@type\":\"ImageObject\",\"@id\":\"https:\/\/www.fumc.edu.co\/en\/nos-preparamos-presentar-nuevos-programas-academicos-posgrado\/#primaryimage\",\"inLanguage\":\"es\",\"url\":\"https:\/\/www.fumc.edu.co\/en\/wp-content\/uploads\/Pares-2.jpg\",\"contentUrl\":\"https:\/\/www.fumc.edu.co\/en\/wp-content\/uploads\/Pares-2.jpg\",\"width\":645,\"height\":430},{\"@type\":\"WebPage\",\"@id\":\"https:\/\/www.fumc.edu.co\/en\/nos-preparamos-presentar-nuevos-programas-academicos-posgrado\/#webpage\",\"url\":\"https:\/\/www.fumc.edu.co\/en\/nos-preparamos-presentar-nuevos-programas-academicos-posgrado\/\",\"name\":\"Nos preparamos para presentar nuevos programas acad\u00e9micos de posgrado - Maria Cano - en\",\"isPartOf\":{\"@id\":\"https:\/\/www.fumc.edu.co\/en\/#website\"},\"primaryImageOfPage\":{\"@id\":\"https:\/\/www.fumc.edu.co\/en\/nos-preparamos-presentar-nuevos-programas-academicos-posgrado\/#primaryimage\"},\"datePublished\":\"2018-11-26T16:44:30+00:00\",\"dateModified\":\"2018-11-26T16:47:36+00:00\",\"author\":{\"@id\":\"https:\/\/www.fumc.edu.co\/en\/#\/schema\/person\/50ed57da093fc879c363ff9de0a2abdb\"},\"description\":\"La Mar\u00eda Cano recibe nuevas visitas de pares acad\u00e9micos del Ministerio de Educaci\u00f3n Nacional para obtener los registros calificados de nuevos posgrados.\",\"breadcrumb\":{\"@id\":\"https:\/\/www.fumc.edu.co\/en\/nos-preparamos-presentar-nuevos-programas-academicos-posgrado\/#breadcrumb\"},\"inLanguage\":\"es\",\"potentialAction\":[{\"@type\":\"ReadAction\",\"target\":[\"https:\/\/www.fumc.edu.co\/en\/nos-preparamos-presentar-nuevos-programas-academicos-posgrado\/\"]}]},{\"@type\":\"BreadcrumbList\",\"@id\":\"https:\/\/www.fumc.edu.co\/en\/nos-preparamos-presentar-nuevos-programas-academicos-posgrado\/#breadcrumb\",\"itemListElement\":[{\"@type\":\"ListItem\",\"position\":1,\"name\":\"Portada\",\"item\":\"https:\/\/www.fumc.edu.co\/en\/\"},{\"@type\":\"ListItem\",\"position\":2,\"name\":\"Nos preparamos para presentar nuevos programas acad\u00e9micos de posgrado\"}]},{\"@type\":\"Person\",\"@id\":\"https:\/\/www.fumc.edu.co\/en\/#\/schema\/person\/50ed57da093fc879c363ff9de0a2abdb\",\"name\":\"Luis Fernando Gomez Londo\u00f1o\",\"url\":\"https:\/\/www.fumc.edu.co\/en\/author\/asiscomunicaciones\/\"}]}<\/script>\n<!-- \/ Yoast SEO plugin. -->","yoast_head_json":{"title":"Nos preparamos para presentar nuevos programas acad\u00e9micos de posgrado - Maria Cano - en","description":"La Mar\u00eda Cano recibe nuevas visitas de pares acad\u00e9micos del Ministerio de Educaci\u00f3n Nacional para obtener los registros calificados de nuevos posgrados.","robots":{"index":"index","follow":"follow","max-snippet":"max-snippet:-1","max-image-preview":"max-image-preview:large","max-video-preview":"max-video-preview:-1"},"canonical":"https:\/\/www.fumc.edu.co\/en\/nos-preparamos-presentar-nuevos-programas-academicos-posgrado\/","og_locale":"es_ES","og_type":"article","og_title":"Nos preparamos para presentar nuevos programas acad\u00e9micos de posgrado - Maria Cano - en","og_description":"La Mar\u00eda Cano recibe nuevas visitas de pares acad\u00e9micos del Ministerio de Educaci\u00f3n Nacional para obtener los registros calificados de nuevos posgrados.","og_url":"https:\/\/www.fumc.edu.co\/en\/nos-preparamos-presentar-nuevos-programas-academicos-posgrado\/","og_site_name":"Maria Cano - en","article_published_time":"2018-11-26T16:44:30+00:00","article_modified_time":"2018-11-26T16:47:36+00:00","og_image":[{"width":645,"height":430,"url":"https:\/\/www.fumc.edu.co\/en\/wp-content\/uploads\/Pares-2.jpg","type":"image\/jpeg"}],"twitter_card":"summary","twitter_misc":{"Escrito por":"Luis Fernando Gomez Londo\u00f1o","Tiempo de lectura":"1 minuto"},"schema":{"@context":"https:\/\/schema.org","@graph":[{"@type":"WebSite","@id":"https:\/\/www.fumc.edu.co\/en\/#website","url":"https:\/\/www.fumc.edu.co\/en\/","name":"Maria Cano - en","description":"Otro sitio realizado con WordPress","potentialAction":[{"@type":"SearchAction","target":{"@type":"EntryPoint","urlTemplate":"https:\/\/www.fumc.edu.co\/en\/?s={search_term_string}"},"query-input":"required name=search_term_string"}],"inLanguage":"es"},{"@type":"ImageObject","@id":"https:\/\/www.fumc.edu.co\/en\/nos-preparamos-presentar-nuevos-programas-academicos-posgrado\/#primaryimage","inLanguage":"es","url":"https:\/\/www.fumc.edu.co\/en\/wp-content\/uploads\/Pares-2.jpg","contentUrl":"https:\/\/www.fumc.edu.co\/en\/wp-content\/uploads\/Pares-2.jpg","width":645,"height":430},{"@type":"WebPage","@id":"https:\/\/www.fumc.edu.co\/en\/nos-preparamos-presentar-nuevos-programas-academicos-posgrado\/#webpage","url":"https:\/\/www.fumc.edu.co\/en\/nos-preparamos-presentar-nuevos-programas-academicos-posgrado\/","name":"Nos preparamos para presentar nuevos programas acad\u00e9micos de posgrado - Maria Cano - en","isPartOf":{"@id":"https:\/\/www.fumc.edu.co\/en\/#website"},"primaryImageOfPage":{"@id":"https:\/\/www.fumc.edu.co\/en\/nos-preparamos-presentar-nuevos-programas-academicos-posgrado\/#primaryimage"},"datePublished":"2018-11-26T16:44:30+00:00","dateModified":"2018-11-26T16:47:36+00:00","author":{"@id":"https:\/\/www.fumc.edu.co\/en\/#\/schema\/person\/50ed57da093fc879c363ff9de0a2abdb"},"description":"La Mar\u00eda Cano recibe nuevas visitas de pares acad\u00e9micos del Ministerio de Educaci\u00f3n Nacional para obtener los registros calificados de nuevos posgrados.","breadcrumb":{"@id":"https:\/\/www.fumc.edu.co\/en\/nos-preparamos-presentar-nuevos-programas-academicos-posgrado\/#breadcrumb"},"inLanguage":"es","potentialAction":[{"@type":"ReadAction","target":["https:\/\/www.fumc.edu.co\/en\/nos-preparamos-presentar-nuevos-programas-academicos-posgrado\/"]}]},{"@type":"BreadcrumbList","@id":"https:\/\/www.fumc.edu.co\/en\/nos-preparamos-presentar-nuevos-programas-academicos-posgrado\/#breadcrumb","itemListElement":[{"@type":"ListItem","position":1,"name":"Portada","item":"https:\/\/www.fumc.edu.co\/en\/"},{"@type":"ListItem","position":2,"name":"Nos preparamos para presentar nuevos programas acad\u00e9micos de posgrado"}]},{"@type":"Person","@id":"https:\/\/www.fumc.edu.co\/en\/#\/schema\/person\/50ed57da093fc879c363ff9de0a2abdb","name":"Luis Fernando Gomez Londo\u00f1o","url":"https:\/\/www.fumc.edu.co\/en\/author\/asiscomunicaciones\/"}]}},"_links":{"self":[{"href":"https:\/\/www.fumc.edu.co\/en\/wp-json\/wp\/v2\/posts\/5905"}],"collection":[{"href":"https:\/\/www.fumc.edu.co\/en\/wp-json\/wp\/v2\/posts"}],"about":[{"href":"https:\/\/www.fumc.edu.co\/en\/wp-json\/wp\/v2\/types\/post"}],"author":[{"embeddable":true,"href":"https:\/\/www.fumc.edu.co\/en\/wp-json\/wp\/v2\/users\/5"}],"replies":[{"embeddable":true,"href":"https:\/\/www.fumc.edu.co\/en\/wp-json\/wp\/v2\/comments?post=5905"}],"version-history":[{"count":0,"href":"https:\/\/www.fumc.edu.co\/en\/wp-json\/wp\/v2\/posts\/5905\/revisions"}],"wp:featuredmedia":[{"embeddable":true,"href":"https:\/\/www.fumc.edu.co\/en\/wp-json\/wp\/v2\/media\/5906"}],"wp:attachment":[{"href":"https:\/\/www.fumc.edu.co\/en\/wp-json\/wp\/v2\/media?parent=5905"}],"wp:term":[{"taxonomy":"category","embeddable":true,"href":"https:\/\/www.fumc.edu.co\/en\/wp-json\/wp\/v2\/categories?post=5905"},{"taxonomy":"post_tag","embeddable":true,"href":"https:\/\/www.fumc.edu.co\/en\/wp-json\/wp\/v2\/tags?post=5905"}],"curies":[{"name":"wp","href":"https:\/\/api.w.org\/{rel}","templated":true}]}}