{"id":6106,"date":"2019-01-22T15:59:38","date_gmt":"2019-01-22T15:59:38","guid":{"rendered":"https:\/\/www.fumc.edu.co\/en\/?p=6106"},"modified":"2019-01-22T16:07:43","modified_gmt":"2019-01-22T16:07:43","slug":"la-sede-neiva-nos-comparte-la-publicacion-articulo-revista-cientifica","status":"publish","type":"post","link":"https:\/\/www.fumc.edu.co\/en\/la-sede-neiva-nos-comparte-la-publicacion-articulo-revista-cientifica\/","title":{"rendered":"La sede Neiva nos comparte la publicaci\u00f3n de su art\u00edculo en Revista Cient\u00edfica\u00a0"},"content":{"rendered":"<p class=\"x_x_MsoNormal\">La\u00a0profesora Diana Paola Montealegre Su\u00e1rez recibi\u00f3 publicaci\u00f3n de su art\u00edculo denominado<b>: Perfil antropom\u00e9trico, somatotipo y condici\u00f3n f\u00edsica de ni\u00f1os patinadores de Neiva<\/b>\u00a0resultado de proyecto de investigaci\u00f3n, en la revista Acci\u00f3n Motriz,\u00a0 indexada en Latindex. El objetivo de este\u00a0trabajo contribuye al establecimiento de par\u00e1metros que podr\u00e1n ser utilizados como herramienta para el equipo interdisciplinario que\u00a0participa a la formaci\u00f3n del deportista de patinaje.<\/p>\n<p class=\"x_x_MsoNormal\">De esta manera, este producto aporta a la consolidaci\u00f3n de la producci\u00f3n en la tipolog\u00eda I de resultados de actividades de generaci\u00f3n de nuevo conocimiento \u2013 art\u00edculos de investigaci\u00f3n en revistas indexadas al grupo Fisioter.<\/p>\n<p class=\"x_x_MsoNormal\">Ver el art\u00edculo aqu\u00ed:\u00a0<a id=\"LPlnk935804\" class=\"x_x_OWAAutoLink\" href=\"http:\/\/www.accionmotriz.com\/documentos\/revistas\/articulos\/22_5.pdf\" target=\"_blank\" rel=\"noopener noreferrer\" data-auth=\"NotApplicable\">http:\/\/www.accionmotriz.com\/documentos\/revistas\/articulos\/22_5.pdf<\/a><\/p>\n","protected":false},"excerpt":{"rendered":"<p>La\u00a0profesora Diana Paola Montealegre Su\u00e1rez recibi\u00f3 publicaci\u00f3n de su art\u00edculo denominado: Perfil antropom\u00e9trico, somatotipo y condici\u00f3n f\u00edsica de ni\u00f1os patinadores de Neiva\u00a0resultado de proyecto de investigaci\u00f3n, en la revista Acci\u00f3n Motriz,\u00a0 indexada en Latindex. El objetivo de este\u00a0trabajo contribuye al establecimiento de par\u00e1metros que podr\u00e1n ser utilizados como herramienta para el equipo interdisciplinario que\u00a0participa a [&hellip;]<\/p>\n","protected":false},"author":5,"featured_media":6108,"comment_status":"closed","ping_status":"open","sticky":false,"template":"","format":"standard","meta":{"footnotes":""},"categories":[55],"tags":[],"yoast_head":"<!-- This site is optimized with the Yoast SEO plugin v18.4.1 - https:\/\/yoast.com\/wordpress\/plugins\/seo\/ -->\n<title>La sede Neiva nos comparte la publicaci\u00f3n de su art\u00edculo en Revista Cient\u00edfica\u00a0 - Maria Cano - en<\/title>\n<meta name=\"robots\" content=\"index, follow, max-snippet:-1, max-image-preview:large, max-video-preview:-1\" \/>\n<link rel=\"canonical\" href=\"https:\/\/www.fumc.edu.co\/en\/la-sede-neiva-nos-comparte-la-publicacion-articulo-revista-cientifica\/\" \/>\n<meta property=\"og:locale\" content=\"es_ES\" \/>\n<meta property=\"og:type\" content=\"article\" \/>\n<meta property=\"og:title\" content=\"La sede Neiva nos comparte la publicaci\u00f3n de su art\u00edculo en Revista Cient\u00edfica\u00a0 - Maria Cano - en\" \/>\n<meta property=\"og:description\" content=\"La\u00a0profesora Diana Paola Montealegre Su\u00e1rez recibi\u00f3 publicaci\u00f3n de su art\u00edculo denominado: Perfil antropom\u00e9trico, somatotipo y condici\u00f3n f\u00edsica de ni\u00f1os patinadores de Neiva\u00a0resultado de proyecto de investigaci\u00f3n, en la revista Acci\u00f3n Motriz,\u00a0 indexada en Latindex. El objetivo de este\u00a0trabajo contribuye al establecimiento de par\u00e1metros que podr\u00e1n ser utilizados como herramienta para el equipo interdisciplinario que\u00a0participa a [&hellip;]\" \/>\n<meta property=\"og:url\" content=\"https:\/\/www.fumc.edu.co\/en\/la-sede-neiva-nos-comparte-la-publicacion-articulo-revista-cientifica\/\" \/>\n<meta property=\"og:site_name\" content=\"Maria Cano - en\" \/>\n<meta property=\"article:published_time\" content=\"2019-01-22T15:59:38+00:00\" \/>\n<meta property=\"article:modified_time\" content=\"2019-01-22T16:07:43+00:00\" \/>\n<meta property=\"og:image\" content=\"https:\/\/www.fumc.edu.co\/en\/wp-content\/uploads\/2.jpeg\" \/>\n\t<meta property=\"og:image:width\" content=\"953\" \/>\n\t<meta property=\"og:image:height\" content=\"558\" \/>\n\t<meta property=\"og:image:type\" content=\"image\/jpeg\" \/>\n<meta name=\"twitter:card\" content=\"summary\" \/>\n<meta name=\"twitter:label1\" content=\"Escrito por\" \/>\n\t<meta name=\"twitter:data1\" content=\"Luis Fernando Gomez Londo\u00f1o\" \/>\n\t<meta name=\"twitter:label2\" content=\"Tiempo de lectura\" \/>\n\t<meta name=\"twitter:data2\" content=\"1 minuto\" \/>\n<script type=\"application\/ld+json\" class=\"yoast-schema-graph\">{\"@context\":\"https:\/\/schema.org\",\"@graph\":[{\"@type\":\"WebSite\",\"@id\":\"https:\/\/www.fumc.edu.co\/en\/#website\",\"url\":\"https:\/\/www.fumc.edu.co\/en\/\",\"name\":\"Maria Cano - en\",\"description\":\"Otro sitio realizado con WordPress\",\"potentialAction\":[{\"@type\":\"SearchAction\",\"target\":{\"@type\":\"EntryPoint\",\"urlTemplate\":\"https:\/\/www.fumc.edu.co\/en\/?s={search_term_string}\"},\"query-input\":\"required name=search_term_string\"}],\"inLanguage\":\"es\"},{\"@type\":\"ImageObject\",\"@id\":\"https:\/\/www.fumc.edu.co\/en\/la-sede-neiva-nos-comparte-la-publicacion-articulo-revista-cientifica\/#primaryimage\",\"inLanguage\":\"es\",\"url\":\"https:\/\/www.fumc.edu.co\/en\/wp-content\/uploads\/2.jpeg\",\"contentUrl\":\"https:\/\/www.fumc.edu.co\/en\/wp-content\/uploads\/2.jpeg\",\"width\":953,\"height\":558},{\"@type\":\"WebPage\",\"@id\":\"https:\/\/www.fumc.edu.co\/en\/la-sede-neiva-nos-comparte-la-publicacion-articulo-revista-cientifica\/#webpage\",\"url\":\"https:\/\/www.fumc.edu.co\/en\/la-sede-neiva-nos-comparte-la-publicacion-articulo-revista-cientifica\/\",\"name\":\"La sede Neiva nos comparte la publicaci\u00f3n de su art\u00edculo en Revista Cient\u00edfica\u00a0 - Maria Cano - en\",\"isPartOf\":{\"@id\":\"https:\/\/www.fumc.edu.co\/en\/#website\"},\"primaryImageOfPage\":{\"@id\":\"https:\/\/www.fumc.edu.co\/en\/la-sede-neiva-nos-comparte-la-publicacion-articulo-revista-cientifica\/#primaryimage\"},\"datePublished\":\"2019-01-22T15:59:38+00:00\",\"dateModified\":\"2019-01-22T16:07:43+00:00\",\"author\":{\"@id\":\"https:\/\/www.fumc.edu.co\/en\/#\/schema\/person\/50ed57da093fc879c363ff9de0a2abdb\"},\"breadcrumb\":{\"@id\":\"https:\/\/www.fumc.edu.co\/en\/la-sede-neiva-nos-comparte-la-publicacion-articulo-revista-cientifica\/#breadcrumb\"},\"inLanguage\":\"es\",\"potentialAction\":[{\"@type\":\"ReadAction\",\"target\":[\"https:\/\/www.fumc.edu.co\/en\/la-sede-neiva-nos-comparte-la-publicacion-articulo-revista-cientifica\/\"]}]},{\"@type\":\"BreadcrumbList\",\"@id\":\"https:\/\/www.fumc.edu.co\/en\/la-sede-neiva-nos-comparte-la-publicacion-articulo-revista-cientifica\/#breadcrumb\",\"itemListElement\":[{\"@type\":\"ListItem\",\"position\":1,\"name\":\"Portada\",\"item\":\"https:\/\/www.fumc.edu.co\/en\/\"},{\"@type\":\"ListItem\",\"position\":2,\"name\":\"La sede Neiva nos comparte la publicaci\u00f3n de su art\u00edculo en Revista Cient\u00edfica\u00a0\"}]},{\"@type\":\"Person\",\"@id\":\"https:\/\/www.fumc.edu.co\/en\/#\/schema\/person\/50ed57da093fc879c363ff9de0a2abdb\",\"name\":\"Luis Fernando Gomez Londo\u00f1o\",\"url\":\"https:\/\/www.fumc.edu.co\/en\/author\/asiscomunicaciones\/\"}]}<\/script>\n<!-- \/ Yoast SEO plugin. -->","yoast_head_json":{"title":"La sede Neiva nos comparte la publicaci\u00f3n de su art\u00edculo en Revista Cient\u00edfica\u00a0 - Maria Cano - en","robots":{"index":"index","follow":"follow","max-snippet":"max-snippet:-1","max-image-preview":"max-image-preview:large","max-video-preview":"max-video-preview:-1"},"canonical":"https:\/\/www.fumc.edu.co\/en\/la-sede-neiva-nos-comparte-la-publicacion-articulo-revista-cientifica\/","og_locale":"es_ES","og_type":"article","og_title":"La sede Neiva nos comparte la publicaci\u00f3n de su art\u00edculo en Revista Cient\u00edfica\u00a0 - Maria Cano - en","og_description":"La\u00a0profesora Diana Paola Montealegre Su\u00e1rez recibi\u00f3 publicaci\u00f3n de su art\u00edculo denominado: Perfil antropom\u00e9trico, somatotipo y condici\u00f3n f\u00edsica de ni\u00f1os patinadores de Neiva\u00a0resultado de proyecto de investigaci\u00f3n, en la revista Acci\u00f3n Motriz,\u00a0 indexada en Latindex. El objetivo de este\u00a0trabajo contribuye al establecimiento de par\u00e1metros que podr\u00e1n ser utilizados como herramienta para el equipo interdisciplinario que\u00a0participa a [&hellip;]","og_url":"https:\/\/www.fumc.edu.co\/en\/la-sede-neiva-nos-comparte-la-publicacion-articulo-revista-cientifica\/","og_site_name":"Maria Cano - en","article_published_time":"2019-01-22T15:59:38+00:00","article_modified_time":"2019-01-22T16:07:43+00:00","og_image":[{"width":953,"height":558,"url":"https:\/\/www.fumc.edu.co\/en\/wp-content\/uploads\/2.jpeg","type":"image\/jpeg"}],"twitter_card":"summary","twitter_misc":{"Escrito por":"Luis Fernando Gomez Londo\u00f1o","Tiempo de lectura":"1 minuto"},"schema":{"@context":"https:\/\/schema.org","@graph":[{"@type":"WebSite","@id":"https:\/\/www.fumc.edu.co\/en\/#website","url":"https:\/\/www.fumc.edu.co\/en\/","name":"Maria Cano - en","description":"Otro sitio realizado con WordPress","potentialAction":[{"@type":"SearchAction","target":{"@type":"EntryPoint","urlTemplate":"https:\/\/www.fumc.edu.co\/en\/?s={search_term_string}"},"query-input":"required name=search_term_string"}],"inLanguage":"es"},{"@type":"ImageObject","@id":"https:\/\/www.fumc.edu.co\/en\/la-sede-neiva-nos-comparte-la-publicacion-articulo-revista-cientifica\/#primaryimage","inLanguage":"es","url":"https:\/\/www.fumc.edu.co\/en\/wp-content\/uploads\/2.jpeg","contentUrl":"https:\/\/www.fumc.edu.co\/en\/wp-content\/uploads\/2.jpeg","width":953,"height":558},{"@type":"WebPage","@id":"https:\/\/www.fumc.edu.co\/en\/la-sede-neiva-nos-comparte-la-publicacion-articulo-revista-cientifica\/#webpage","url":"https:\/\/www.fumc.edu.co\/en\/la-sede-neiva-nos-comparte-la-publicacion-articulo-revista-cientifica\/","name":"La sede Neiva nos comparte la publicaci\u00f3n de su art\u00edculo en Revista Cient\u00edfica\u00a0 - Maria Cano - en","isPartOf":{"@id":"https:\/\/www.fumc.edu.co\/en\/#website"},"primaryImageOfPage":{"@id":"https:\/\/www.fumc.edu.co\/en\/la-sede-neiva-nos-comparte-la-publicacion-articulo-revista-cientifica\/#primaryimage"},"datePublished":"2019-01-22T15:59:38+00:00","dateModified":"2019-01-22T16:07:43+00:00","author":{"@id":"https:\/\/www.fumc.edu.co\/en\/#\/schema\/person\/50ed57da093fc879c363ff9de0a2abdb"},"breadcrumb":{"@id":"https:\/\/www.fumc.edu.co\/en\/la-sede-neiva-nos-comparte-la-publicacion-articulo-revista-cientifica\/#breadcrumb"},"inLanguage":"es","potentialAction":[{"@type":"ReadAction","target":["https:\/\/www.fumc.edu.co\/en\/la-sede-neiva-nos-comparte-la-publicacion-articulo-revista-cientifica\/"]}]},{"@type":"BreadcrumbList","@id":"https:\/\/www.fumc.edu.co\/en\/la-sede-neiva-nos-comparte-la-publicacion-articulo-revista-cientifica\/#breadcrumb","itemListElement":[{"@type":"ListItem","position":1,"name":"Portada","item":"https:\/\/www.fumc.edu.co\/en\/"},{"@type":"ListItem","position":2,"name":"La sede Neiva nos comparte la publicaci\u00f3n de su art\u00edculo en Revista Cient\u00edfica\u00a0"}]},{"@type":"Person","@id":"https:\/\/www.fumc.edu.co\/en\/#\/schema\/person\/50ed57da093fc879c363ff9de0a2abdb","name":"Luis Fernando Gomez Londo\u00f1o","url":"https:\/\/www.fumc.edu.co\/en\/author\/asiscomunicaciones\/"}]}},"_links":{"self":[{"href":"https:\/\/www.fumc.edu.co\/en\/wp-json\/wp\/v2\/posts\/6106"}],"collection":[{"href":"https:\/\/www.fumc.edu.co\/en\/wp-json\/wp\/v2\/posts"}],"about":[{"href":"https:\/\/www.fumc.edu.co\/en\/wp-json\/wp\/v2\/types\/post"}],"author":[{"embeddable":true,"href":"https:\/\/www.fumc.edu.co\/en\/wp-json\/wp\/v2\/users\/5"}],"replies":[{"embeddable":true,"href":"https:\/\/www.fumc.edu.co\/en\/wp-json\/wp\/v2\/comments?post=6106"}],"version-history":[{"count":0,"href":"https:\/\/www.fumc.edu.co\/en\/wp-json\/wp\/v2\/posts\/6106\/revisions"}],"wp:featuredmedia":[{"embeddable":true,"href":"https:\/\/www.fumc.edu.co\/en\/wp-json\/wp\/v2\/media\/6108"}],"wp:attachment":[{"href":"https:\/\/www.fumc.edu.co\/en\/wp-json\/wp\/v2\/media?parent=6106"}],"wp:term":[{"taxonomy":"category","embeddable":true,"href":"https:\/\/www.fumc.edu.co\/en\/wp-json\/wp\/v2\/categories?post=6106"},{"taxonomy":"post_tag","embeddable":true,"href":"https:\/\/www.fumc.edu.co\/en\/wp-json\/wp\/v2\/tags?post=6106"}],"curies":[{"name":"wp","href":"https:\/\/api.w.org\/{rel}","templated":true}]}}