{"id":7120,"date":"2019-04-10T16:36:29","date_gmt":"2019-04-10T16:36:29","guid":{"rendered":"https:\/\/www.fumc.edu.co\/en\/?p=7120"},"modified":"2019-04-10T16:36:29","modified_gmt":"2019-04-10T16:36:29","slug":"neiva-comprometidos-dia-sin-carro-cuidar-la-salud","status":"publish","type":"post","link":"https:\/\/www.fumc.edu.co\/en\/neiva-comprometidos-dia-sin-carro-cuidar-la-salud\/","title":{"rendered":"En Neiva comprometidos con el d\u00eda sin carro para cuidar la salud"},"content":{"rendered":"<p>La Mar\u00eda Cano siempre presente para acompa\u00f1ar las iniciativas que permitan velar por la salud de la comunidad y acompa\u00f1ar a las autoridades con las propuestas que generen bienestar, es por este motivo que en la sede Neiva, la Instituci\u00f3n se suma a la realizaci\u00f3n de la jornada del d\u00eda sin carro y sin moto en la ciudad y presenta diferentes actividades para dar ejemplo a la comunidad sobre h\u00e1bitos de vida saludable, prevenci\u00f3n de enfermedades y charlas para generar conciencia sobre la importancia de cuidar los recursos naturales. Con alegr\u00eda y mucha energ\u00eda, los estudiantes, profesores y colaboradores salieron a las calles a caminar, a usar el servicio p\u00fablico y a darle una oportunidad al medio ambiente.<\/p>\n<p>En la jornada que tiene una duraci\u00f3n de 12 horas y est\u00e1 comprendida entre las 7:00 a.m. y las 7:00 p.m. se espera que dejen de transitar 80 mil carros y motos por las calles de la capital del Huila, superando las expectativas del a\u00f1o inmediatamente anterior, 2018, que logr\u00f3 una reducci\u00f3n de 700 toneladas de gas carb\u00f3nico. La administraci\u00f3n municipal, a trav\u00e9s del Programa Medio Ambiente de Neiva, realizar\u00e1n actividades l\u00fadicas, deportivas, recreativas y culturales para incentivar a la comunidad a cuidarse y a aportar por el mejoramiento de la calidad del aire. Mar\u00eda Cano presente y comprometida con todos los habitantes.<\/p>\n<p>#VivelaMar\u00edaCano<\/p>\n<p style=\"text-align: center;\"><img decoding=\"async\" loading=\"lazy\" class=\"alignnone size-full wp-image-7122\" src=\"https:\/\/www.fumc.edu.co\/en\/wp-content\/uploads\/Neiva-2-3.png\" alt=\"\" width=\"840\" height=\"561\" srcset=\"https:\/\/www.fumc.edu.co\/en\/wp-content\/uploads\/Neiva-2-3.png 840w, https:\/\/www.fumc.edu.co\/en\/wp-content\/uploads\/Neiva-2-3-768x513.png 768w, https:\/\/www.fumc.edu.co\/en\/wp-content\/uploads\/Neiva-2-3-270x180.png 270w\" sizes=\"(max-width: 840px) 100vw, 840px\" \/><\/p>\n","protected":false},"excerpt":{"rendered":"<p>La Mar\u00eda Cano siempre presente para acompa\u00f1ar las iniciativas que permitan velar por la salud de la comunidad y acompa\u00f1ar a las autoridades con las propuestas que generen bienestar, es por este motivo que en la sede Neiva, la Instituci\u00f3n se suma a la realizaci\u00f3n de la jornada del d\u00eda sin carro y sin moto [&hellip;]<\/p>\n","protected":false},"author":5,"featured_media":7121,"comment_status":"closed","ping_status":"open","sticky":false,"template":"","format":"standard","meta":{"footnotes":""},"categories":[55],"tags":[],"yoast_head":"<!-- This site is optimized with the Yoast SEO plugin v18.4.1 - https:\/\/yoast.com\/wordpress\/plugins\/seo\/ -->\n<title>En Neiva comprometidos con el d\u00eda sin carro para cuidar la salud - Maria Cano - en<\/title>\n<meta name=\"description\" content=\"Con la realizaci\u00f3n del d\u00eda sin carro en la ciudad de Neiva, la Mar\u00eda Cano se compromete y realiza actividades de recreaci\u00f3n para toda la comunidad.\" \/>\n<meta name=\"robots\" content=\"index, follow, max-snippet:-1, max-image-preview:large, max-video-preview:-1\" \/>\n<link rel=\"canonical\" href=\"https:\/\/www.fumc.edu.co\/en\/neiva-comprometidos-dia-sin-carro-cuidar-la-salud\/\" \/>\n<meta property=\"og:locale\" content=\"es_ES\" \/>\n<meta property=\"og:type\" content=\"article\" \/>\n<meta property=\"og:title\" content=\"En Neiva comprometidos con el d\u00eda sin carro para cuidar la salud - Maria Cano - en\" \/>\n<meta property=\"og:description\" content=\"Con la realizaci\u00f3n del d\u00eda sin carro en la ciudad de Neiva, la Mar\u00eda Cano se compromete y realiza actividades de recreaci\u00f3n para toda la comunidad.\" \/>\n<meta property=\"og:url\" content=\"https:\/\/www.fumc.edu.co\/en\/neiva-comprometidos-dia-sin-carro-cuidar-la-salud\/\" \/>\n<meta property=\"og:site_name\" content=\"Maria Cano - en\" \/>\n<meta property=\"article:published_time\" content=\"2019-04-10T16:36:29+00:00\" \/>\n<meta property=\"og:image\" content=\"https:\/\/www.fumc.edu.co\/en\/wp-content\/uploads\/Neiva-1-4.png\" \/>\n\t<meta property=\"og:image:width\" content=\"840\" \/>\n\t<meta property=\"og:image:height\" content=\"506\" \/>\n\t<meta property=\"og:image:type\" content=\"image\/png\" \/>\n<meta name=\"twitter:card\" content=\"summary\" \/>\n<meta name=\"twitter:label1\" content=\"Escrito por\" \/>\n\t<meta name=\"twitter:data1\" content=\"Luis Fernando Gomez Londo\u00f1o\" \/>\n\t<meta name=\"twitter:label2\" content=\"Tiempo de lectura\" \/>\n\t<meta name=\"twitter:data2\" content=\"1 minuto\" \/>\n<script type=\"application\/ld+json\" class=\"yoast-schema-graph\">{\"@context\":\"https:\/\/schema.org\",\"@graph\":[{\"@type\":\"WebSite\",\"@id\":\"https:\/\/www.fumc.edu.co\/en\/#website\",\"url\":\"https:\/\/www.fumc.edu.co\/en\/\",\"name\":\"Maria Cano - en\",\"description\":\"Otro sitio realizado con WordPress\",\"potentialAction\":[{\"@type\":\"SearchAction\",\"target\":{\"@type\":\"EntryPoint\",\"urlTemplate\":\"https:\/\/www.fumc.edu.co\/en\/?s={search_term_string}\"},\"query-input\":\"required name=search_term_string\"}],\"inLanguage\":\"es\"},{\"@type\":\"ImageObject\",\"@id\":\"https:\/\/www.fumc.edu.co\/en\/neiva-comprometidos-dia-sin-carro-cuidar-la-salud\/#primaryimage\",\"inLanguage\":\"es\",\"url\":\"https:\/\/www.fumc.edu.co\/en\/wp-content\/uploads\/Neiva-1-4.png\",\"contentUrl\":\"https:\/\/www.fumc.edu.co\/en\/wp-content\/uploads\/Neiva-1-4.png\",\"width\":840,\"height\":506},{\"@type\":\"WebPage\",\"@id\":\"https:\/\/www.fumc.edu.co\/en\/neiva-comprometidos-dia-sin-carro-cuidar-la-salud\/#webpage\",\"url\":\"https:\/\/www.fumc.edu.co\/en\/neiva-comprometidos-dia-sin-carro-cuidar-la-salud\/\",\"name\":\"En Neiva comprometidos con el d\u00eda sin carro para cuidar la salud - Maria Cano - en\",\"isPartOf\":{\"@id\":\"https:\/\/www.fumc.edu.co\/en\/#website\"},\"primaryImageOfPage\":{\"@id\":\"https:\/\/www.fumc.edu.co\/en\/neiva-comprometidos-dia-sin-carro-cuidar-la-salud\/#primaryimage\"},\"datePublished\":\"2019-04-10T16:36:29+00:00\",\"dateModified\":\"2019-04-10T16:36:29+00:00\",\"author\":{\"@id\":\"https:\/\/www.fumc.edu.co\/en\/#\/schema\/person\/50ed57da093fc879c363ff9de0a2abdb\"},\"description\":\"Con la realizaci\u00f3n del d\u00eda sin carro en la ciudad de Neiva, la Mar\u00eda Cano se compromete y realiza actividades de recreaci\u00f3n para toda la comunidad.\",\"breadcrumb\":{\"@id\":\"https:\/\/www.fumc.edu.co\/en\/neiva-comprometidos-dia-sin-carro-cuidar-la-salud\/#breadcrumb\"},\"inLanguage\":\"es\",\"potentialAction\":[{\"@type\":\"ReadAction\",\"target\":[\"https:\/\/www.fumc.edu.co\/en\/neiva-comprometidos-dia-sin-carro-cuidar-la-salud\/\"]}]},{\"@type\":\"BreadcrumbList\",\"@id\":\"https:\/\/www.fumc.edu.co\/en\/neiva-comprometidos-dia-sin-carro-cuidar-la-salud\/#breadcrumb\",\"itemListElement\":[{\"@type\":\"ListItem\",\"position\":1,\"name\":\"Portada\",\"item\":\"https:\/\/www.fumc.edu.co\/en\/\"},{\"@type\":\"ListItem\",\"position\":2,\"name\":\"En Neiva comprometidos con el d\u00eda sin carro para cuidar la salud\"}]},{\"@type\":\"Person\",\"@id\":\"https:\/\/www.fumc.edu.co\/en\/#\/schema\/person\/50ed57da093fc879c363ff9de0a2abdb\",\"name\":\"Luis Fernando Gomez Londo\u00f1o\",\"url\":\"https:\/\/www.fumc.edu.co\/en\/author\/asiscomunicaciones\/\"}]}<\/script>\n<!-- \/ Yoast SEO plugin. -->","yoast_head_json":{"title":"En Neiva comprometidos con el d\u00eda sin carro para cuidar la salud - Maria Cano - en","description":"Con la realizaci\u00f3n del d\u00eda sin carro en la ciudad de Neiva, la Mar\u00eda Cano se compromete y realiza actividades de recreaci\u00f3n para toda la comunidad.","robots":{"index":"index","follow":"follow","max-snippet":"max-snippet:-1","max-image-preview":"max-image-preview:large","max-video-preview":"max-video-preview:-1"},"canonical":"https:\/\/www.fumc.edu.co\/en\/neiva-comprometidos-dia-sin-carro-cuidar-la-salud\/","og_locale":"es_ES","og_type":"article","og_title":"En Neiva comprometidos con el d\u00eda sin carro para cuidar la salud - Maria Cano - en","og_description":"Con la realizaci\u00f3n del d\u00eda sin carro en la ciudad de Neiva, la Mar\u00eda Cano se compromete y realiza actividades de recreaci\u00f3n para toda la comunidad.","og_url":"https:\/\/www.fumc.edu.co\/en\/neiva-comprometidos-dia-sin-carro-cuidar-la-salud\/","og_site_name":"Maria Cano - en","article_published_time":"2019-04-10T16:36:29+00:00","og_image":[{"width":840,"height":506,"url":"https:\/\/www.fumc.edu.co\/en\/wp-content\/uploads\/Neiva-1-4.png","type":"image\/png"}],"twitter_card":"summary","twitter_misc":{"Escrito por":"Luis Fernando Gomez Londo\u00f1o","Tiempo de lectura":"1 minuto"},"schema":{"@context":"https:\/\/schema.org","@graph":[{"@type":"WebSite","@id":"https:\/\/www.fumc.edu.co\/en\/#website","url":"https:\/\/www.fumc.edu.co\/en\/","name":"Maria Cano - en","description":"Otro sitio realizado con WordPress","potentialAction":[{"@type":"SearchAction","target":{"@type":"EntryPoint","urlTemplate":"https:\/\/www.fumc.edu.co\/en\/?s={search_term_string}"},"query-input":"required name=search_term_string"}],"inLanguage":"es"},{"@type":"ImageObject","@id":"https:\/\/www.fumc.edu.co\/en\/neiva-comprometidos-dia-sin-carro-cuidar-la-salud\/#primaryimage","inLanguage":"es","url":"https:\/\/www.fumc.edu.co\/en\/wp-content\/uploads\/Neiva-1-4.png","contentUrl":"https:\/\/www.fumc.edu.co\/en\/wp-content\/uploads\/Neiva-1-4.png","width":840,"height":506},{"@type":"WebPage","@id":"https:\/\/www.fumc.edu.co\/en\/neiva-comprometidos-dia-sin-carro-cuidar-la-salud\/#webpage","url":"https:\/\/www.fumc.edu.co\/en\/neiva-comprometidos-dia-sin-carro-cuidar-la-salud\/","name":"En Neiva comprometidos con el d\u00eda sin carro para cuidar la salud - Maria Cano - en","isPartOf":{"@id":"https:\/\/www.fumc.edu.co\/en\/#website"},"primaryImageOfPage":{"@id":"https:\/\/www.fumc.edu.co\/en\/neiva-comprometidos-dia-sin-carro-cuidar-la-salud\/#primaryimage"},"datePublished":"2019-04-10T16:36:29+00:00","dateModified":"2019-04-10T16:36:29+00:00","author":{"@id":"https:\/\/www.fumc.edu.co\/en\/#\/schema\/person\/50ed57da093fc879c363ff9de0a2abdb"},"description":"Con la realizaci\u00f3n del d\u00eda sin carro en la ciudad de Neiva, la Mar\u00eda Cano se compromete y realiza actividades de recreaci\u00f3n para toda la comunidad.","breadcrumb":{"@id":"https:\/\/www.fumc.edu.co\/en\/neiva-comprometidos-dia-sin-carro-cuidar-la-salud\/#breadcrumb"},"inLanguage":"es","potentialAction":[{"@type":"ReadAction","target":["https:\/\/www.fumc.edu.co\/en\/neiva-comprometidos-dia-sin-carro-cuidar-la-salud\/"]}]},{"@type":"BreadcrumbList","@id":"https:\/\/www.fumc.edu.co\/en\/neiva-comprometidos-dia-sin-carro-cuidar-la-salud\/#breadcrumb","itemListElement":[{"@type":"ListItem","position":1,"name":"Portada","item":"https:\/\/www.fumc.edu.co\/en\/"},{"@type":"ListItem","position":2,"name":"En Neiva comprometidos con el d\u00eda sin carro para cuidar la salud"}]},{"@type":"Person","@id":"https:\/\/www.fumc.edu.co\/en\/#\/schema\/person\/50ed57da093fc879c363ff9de0a2abdb","name":"Luis Fernando Gomez Londo\u00f1o","url":"https:\/\/www.fumc.edu.co\/en\/author\/asiscomunicaciones\/"}]}},"_links":{"self":[{"href":"https:\/\/www.fumc.edu.co\/en\/wp-json\/wp\/v2\/posts\/7120"}],"collection":[{"href":"https:\/\/www.fumc.edu.co\/en\/wp-json\/wp\/v2\/posts"}],"about":[{"href":"https:\/\/www.fumc.edu.co\/en\/wp-json\/wp\/v2\/types\/post"}],"author":[{"embeddable":true,"href":"https:\/\/www.fumc.edu.co\/en\/wp-json\/wp\/v2\/users\/5"}],"replies":[{"embeddable":true,"href":"https:\/\/www.fumc.edu.co\/en\/wp-json\/wp\/v2\/comments?post=7120"}],"version-history":[{"count":0,"href":"https:\/\/www.fumc.edu.co\/en\/wp-json\/wp\/v2\/posts\/7120\/revisions"}],"wp:featuredmedia":[{"embeddable":true,"href":"https:\/\/www.fumc.edu.co\/en\/wp-json\/wp\/v2\/media\/7121"}],"wp:attachment":[{"href":"https:\/\/www.fumc.edu.co\/en\/wp-json\/wp\/v2\/media?parent=7120"}],"wp:term":[{"taxonomy":"category","embeddable":true,"href":"https:\/\/www.fumc.edu.co\/en\/wp-json\/wp\/v2\/categories?post=7120"},{"taxonomy":"post_tag","embeddable":true,"href":"https:\/\/www.fumc.edu.co\/en\/wp-json\/wp\/v2\/tags?post=7120"}],"curies":[{"name":"wp","href":"https:\/\/api.w.org\/{rel}","templated":true}]}}