{"id":7152,"date":"2019-04-12T20:21:22","date_gmt":"2019-04-12T20:21:22","guid":{"rendered":"https:\/\/www.fumc.edu.co\/en\/?p=7152"},"modified":"2019-04-12T20:28:36","modified_gmt":"2019-04-12T20:28:36","slug":"sede-neiva-realizo-feria-practicas-festival-salud","status":"publish","type":"post","link":"https:\/\/www.fumc.edu.co\/en\/sede-neiva-realizo-feria-practicas-festival-salud\/","title":{"rendered":"Sede Neiva realiz\u00f3 Feria de Pr\u00e1cticas y Festival de Salud que evidencian compromiso social"},"content":{"rendered":"<p>Las directivas de la Mar\u00eda Cano, en la b\u00fasqueda del fortalecimiento de la calidad en la formaci\u00f3n continua de los estudiantes, realizaron la feria de la pr\u00e1ctica que involucra diferentes actividades articuladas, que les permite incrementar y desarrollar las competencias necesarias para poner en evidencia los conocimientos aprendidos, a trav\u00e9s de los encuentros experimentales como estrategia de aprendizaje, en donde el eje central es el servicio y el apoyo a la comunidad para garantizar mejores condiciones de vida a los usuarios que conf\u00edan en los fisioterapeutas para alcanzar el bienestar.<\/p>\n<p style=\"text-align: center;\"><img decoding=\"async\" loading=\"lazy\" class=\"alignnone size-full wp-image-7154\" src=\"https:\/\/www.fumc.edu.co\/en\/wp-content\/uploads\/Neiva-prac2.png\" alt=\"\" width=\"840\" height=\"521\" srcset=\"https:\/\/www.fumc.edu.co\/en\/wp-content\/uploads\/Neiva-prac2.png 840w, https:\/\/www.fumc.edu.co\/en\/wp-content\/uploads\/Neiva-prac2-768x476.png 768w\" sizes=\"(max-width: 840px) 100vw, 840px\" \/><\/p>\n<p>En esa ciudad, tambi\u00e9n desde el programa Bienestar Institucional, la Mar\u00eda Cano realiz\u00f3 una serie de acompa\u00f1amientos a usuarios, con miras a fortalecer los buenos h\u00e1bitos en el cuidado integral. La comunidad universitaria pudo acceder a actividades de higiene oral, tamizaje visual, salud mental, planificaci\u00f3n familiar y autoexamen de mama.<\/p>\n<p>Disfruta tu Bienestar y #VivelaMar\u00edaCano<\/p>\n","protected":false},"excerpt":{"rendered":"<p>Las directivas de la Mar\u00eda Cano, en la b\u00fasqueda del fortalecimiento de la calidad en la formaci\u00f3n continua de los estudiantes, realizaron la feria de la pr\u00e1ctica que involucra diferentes actividades articuladas, que les permite incrementar y desarrollar las competencias necesarias para poner en evidencia los conocimientos aprendidos, a trav\u00e9s de los encuentros experimentales como [&hellip;]<\/p>\n","protected":false},"author":5,"featured_media":7153,"comment_status":"closed","ping_status":"open","sticky":false,"template":"","format":"standard","meta":{"footnotes":""},"categories":[55],"tags":[],"yoast_head":"<!-- This site is optimized with the Yoast SEO plugin v18.4.1 - https:\/\/yoast.com\/wordpress\/plugins\/seo\/ -->\n<title>Sede Neiva realiz\u00f3 Feria de Pr\u00e1cticas y Festival de Salud que evidencian compromiso social - Maria Cano - en<\/title>\n<meta name=\"description\" content=\"En la capital del Huila, la Mar\u00eda Cano adelanta actividades de bienestar y socializaci\u00f3n de pr\u00e1cticas que permiten acompa\u00f1ar a la comunidad.\" \/>\n<meta name=\"robots\" content=\"index, follow, max-snippet:-1, max-image-preview:large, max-video-preview:-1\" \/>\n<link rel=\"canonical\" href=\"https:\/\/www.fumc.edu.co\/en\/sede-neiva-realizo-feria-practicas-festival-salud\/\" \/>\n<meta property=\"og:locale\" content=\"es_ES\" \/>\n<meta property=\"og:type\" content=\"article\" \/>\n<meta property=\"og:title\" content=\"Sede Neiva realiz\u00f3 Feria de Pr\u00e1cticas y Festival de Salud que evidencian compromiso social - Maria Cano - en\" \/>\n<meta property=\"og:description\" content=\"En la capital del Huila, la Mar\u00eda Cano adelanta actividades de bienestar y socializaci\u00f3n de pr\u00e1cticas que permiten acompa\u00f1ar a la comunidad.\" \/>\n<meta property=\"og:url\" content=\"https:\/\/www.fumc.edu.co\/en\/sede-neiva-realizo-feria-practicas-festival-salud\/\" \/>\n<meta property=\"og:site_name\" content=\"Maria Cano - en\" \/>\n<meta property=\"article:published_time\" content=\"2019-04-12T20:21:22+00:00\" \/>\n<meta property=\"article:modified_time\" content=\"2019-04-12T20:28:36+00:00\" \/>\n<meta property=\"og:image\" content=\"https:\/\/www.fumc.edu.co\/en\/wp-content\/uploads\/Neiva-prac.png\" \/>\n\t<meta property=\"og:image:width\" content=\"840\" \/>\n\t<meta property=\"og:image:height\" content=\"430\" \/>\n\t<meta property=\"og:image:type\" content=\"image\/png\" \/>\n<meta name=\"twitter:card\" content=\"summary\" \/>\n<meta name=\"twitter:label1\" content=\"Escrito por\" \/>\n\t<meta name=\"twitter:data1\" content=\"Luis Fernando Gomez Londo\u00f1o\" \/>\n\t<meta name=\"twitter:label2\" content=\"Tiempo de lectura\" \/>\n\t<meta name=\"twitter:data2\" content=\"1 minuto\" \/>\n<script type=\"application\/ld+json\" class=\"yoast-schema-graph\">{\"@context\":\"https:\/\/schema.org\",\"@graph\":[{\"@type\":\"WebSite\",\"@id\":\"https:\/\/www.fumc.edu.co\/en\/#website\",\"url\":\"https:\/\/www.fumc.edu.co\/en\/\",\"name\":\"Maria Cano - en\",\"description\":\"Otro sitio realizado con WordPress\",\"potentialAction\":[{\"@type\":\"SearchAction\",\"target\":{\"@type\":\"EntryPoint\",\"urlTemplate\":\"https:\/\/www.fumc.edu.co\/en\/?s={search_term_string}\"},\"query-input\":\"required name=search_term_string\"}],\"inLanguage\":\"es\"},{\"@type\":\"ImageObject\",\"@id\":\"https:\/\/www.fumc.edu.co\/en\/sede-neiva-realizo-feria-practicas-festival-salud\/#primaryimage\",\"inLanguage\":\"es\",\"url\":\"https:\/\/www.fumc.edu.co\/en\/wp-content\/uploads\/Neiva-prac.png\",\"contentUrl\":\"https:\/\/www.fumc.edu.co\/en\/wp-content\/uploads\/Neiva-prac.png\",\"width\":840,\"height\":430},{\"@type\":\"WebPage\",\"@id\":\"https:\/\/www.fumc.edu.co\/en\/sede-neiva-realizo-feria-practicas-festival-salud\/#webpage\",\"url\":\"https:\/\/www.fumc.edu.co\/en\/sede-neiva-realizo-feria-practicas-festival-salud\/\",\"name\":\"Sede Neiva realiz\u00f3 Feria de Pr\u00e1cticas y Festival de Salud que evidencian compromiso social - Maria Cano - en\",\"isPartOf\":{\"@id\":\"https:\/\/www.fumc.edu.co\/en\/#website\"},\"primaryImageOfPage\":{\"@id\":\"https:\/\/www.fumc.edu.co\/en\/sede-neiva-realizo-feria-practicas-festival-salud\/#primaryimage\"},\"datePublished\":\"2019-04-12T20:21:22+00:00\",\"dateModified\":\"2019-04-12T20:28:36+00:00\",\"author\":{\"@id\":\"https:\/\/www.fumc.edu.co\/en\/#\/schema\/person\/50ed57da093fc879c363ff9de0a2abdb\"},\"description\":\"En la capital del Huila, la Mar\u00eda Cano adelanta actividades de bienestar y socializaci\u00f3n de pr\u00e1cticas que permiten acompa\u00f1ar a la comunidad.\",\"breadcrumb\":{\"@id\":\"https:\/\/www.fumc.edu.co\/en\/sede-neiva-realizo-feria-practicas-festival-salud\/#breadcrumb\"},\"inLanguage\":\"es\",\"potentialAction\":[{\"@type\":\"ReadAction\",\"target\":[\"https:\/\/www.fumc.edu.co\/en\/sede-neiva-realizo-feria-practicas-festival-salud\/\"]}]},{\"@type\":\"BreadcrumbList\",\"@id\":\"https:\/\/www.fumc.edu.co\/en\/sede-neiva-realizo-feria-practicas-festival-salud\/#breadcrumb\",\"itemListElement\":[{\"@type\":\"ListItem\",\"position\":1,\"name\":\"Portada\",\"item\":\"https:\/\/www.fumc.edu.co\/en\/\"},{\"@type\":\"ListItem\",\"position\":2,\"name\":\"Sede Neiva realiz\u00f3 Feria de Pr\u00e1cticas y Festival de Salud que evidencian compromiso social\"}]},{\"@type\":\"Person\",\"@id\":\"https:\/\/www.fumc.edu.co\/en\/#\/schema\/person\/50ed57da093fc879c363ff9de0a2abdb\",\"name\":\"Luis Fernando Gomez Londo\u00f1o\",\"url\":\"https:\/\/www.fumc.edu.co\/en\/author\/asiscomunicaciones\/\"}]}<\/script>\n<!-- \/ Yoast SEO plugin. -->","yoast_head_json":{"title":"Sede Neiva realiz\u00f3 Feria de Pr\u00e1cticas y Festival de Salud que evidencian compromiso social - Maria Cano - en","description":"En la capital del Huila, la Mar\u00eda Cano adelanta actividades de bienestar y socializaci\u00f3n de pr\u00e1cticas que permiten acompa\u00f1ar a la comunidad.","robots":{"index":"index","follow":"follow","max-snippet":"max-snippet:-1","max-image-preview":"max-image-preview:large","max-video-preview":"max-video-preview:-1"},"canonical":"https:\/\/www.fumc.edu.co\/en\/sede-neiva-realizo-feria-practicas-festival-salud\/","og_locale":"es_ES","og_type":"article","og_title":"Sede Neiva realiz\u00f3 Feria de Pr\u00e1cticas y Festival de Salud que evidencian compromiso social - Maria Cano - en","og_description":"En la capital del Huila, la Mar\u00eda Cano adelanta actividades de bienestar y socializaci\u00f3n de pr\u00e1cticas que permiten acompa\u00f1ar a la comunidad.","og_url":"https:\/\/www.fumc.edu.co\/en\/sede-neiva-realizo-feria-practicas-festival-salud\/","og_site_name":"Maria Cano - en","article_published_time":"2019-04-12T20:21:22+00:00","article_modified_time":"2019-04-12T20:28:36+00:00","og_image":[{"width":840,"height":430,"url":"https:\/\/www.fumc.edu.co\/en\/wp-content\/uploads\/Neiva-prac.png","type":"image\/png"}],"twitter_card":"summary","twitter_misc":{"Escrito por":"Luis Fernando Gomez Londo\u00f1o","Tiempo de lectura":"1 minuto"},"schema":{"@context":"https:\/\/schema.org","@graph":[{"@type":"WebSite","@id":"https:\/\/www.fumc.edu.co\/en\/#website","url":"https:\/\/www.fumc.edu.co\/en\/","name":"Maria Cano - en","description":"Otro sitio realizado con WordPress","potentialAction":[{"@type":"SearchAction","target":{"@type":"EntryPoint","urlTemplate":"https:\/\/www.fumc.edu.co\/en\/?s={search_term_string}"},"query-input":"required name=search_term_string"}],"inLanguage":"es"},{"@type":"ImageObject","@id":"https:\/\/www.fumc.edu.co\/en\/sede-neiva-realizo-feria-practicas-festival-salud\/#primaryimage","inLanguage":"es","url":"https:\/\/www.fumc.edu.co\/en\/wp-content\/uploads\/Neiva-prac.png","contentUrl":"https:\/\/www.fumc.edu.co\/en\/wp-content\/uploads\/Neiva-prac.png","width":840,"height":430},{"@type":"WebPage","@id":"https:\/\/www.fumc.edu.co\/en\/sede-neiva-realizo-feria-practicas-festival-salud\/#webpage","url":"https:\/\/www.fumc.edu.co\/en\/sede-neiva-realizo-feria-practicas-festival-salud\/","name":"Sede Neiva realiz\u00f3 Feria de Pr\u00e1cticas y Festival de Salud que evidencian compromiso social - Maria Cano - en","isPartOf":{"@id":"https:\/\/www.fumc.edu.co\/en\/#website"},"primaryImageOfPage":{"@id":"https:\/\/www.fumc.edu.co\/en\/sede-neiva-realizo-feria-practicas-festival-salud\/#primaryimage"},"datePublished":"2019-04-12T20:21:22+00:00","dateModified":"2019-04-12T20:28:36+00:00","author":{"@id":"https:\/\/www.fumc.edu.co\/en\/#\/schema\/person\/50ed57da093fc879c363ff9de0a2abdb"},"description":"En la capital del Huila, la Mar\u00eda Cano adelanta actividades de bienestar y socializaci\u00f3n de pr\u00e1cticas que permiten acompa\u00f1ar a la comunidad.","breadcrumb":{"@id":"https:\/\/www.fumc.edu.co\/en\/sede-neiva-realizo-feria-practicas-festival-salud\/#breadcrumb"},"inLanguage":"es","potentialAction":[{"@type":"ReadAction","target":["https:\/\/www.fumc.edu.co\/en\/sede-neiva-realizo-feria-practicas-festival-salud\/"]}]},{"@type":"BreadcrumbList","@id":"https:\/\/www.fumc.edu.co\/en\/sede-neiva-realizo-feria-practicas-festival-salud\/#breadcrumb","itemListElement":[{"@type":"ListItem","position":1,"name":"Portada","item":"https:\/\/www.fumc.edu.co\/en\/"},{"@type":"ListItem","position":2,"name":"Sede Neiva realiz\u00f3 Feria de Pr\u00e1cticas y Festival de Salud que evidencian compromiso social"}]},{"@type":"Person","@id":"https:\/\/www.fumc.edu.co\/en\/#\/schema\/person\/50ed57da093fc879c363ff9de0a2abdb","name":"Luis Fernando Gomez Londo\u00f1o","url":"https:\/\/www.fumc.edu.co\/en\/author\/asiscomunicaciones\/"}]}},"_links":{"self":[{"href":"https:\/\/www.fumc.edu.co\/en\/wp-json\/wp\/v2\/posts\/7152"}],"collection":[{"href":"https:\/\/www.fumc.edu.co\/en\/wp-json\/wp\/v2\/posts"}],"about":[{"href":"https:\/\/www.fumc.edu.co\/en\/wp-json\/wp\/v2\/types\/post"}],"author":[{"embeddable":true,"href":"https:\/\/www.fumc.edu.co\/en\/wp-json\/wp\/v2\/users\/5"}],"replies":[{"embeddable":true,"href":"https:\/\/www.fumc.edu.co\/en\/wp-json\/wp\/v2\/comments?post=7152"}],"version-history":[{"count":0,"href":"https:\/\/www.fumc.edu.co\/en\/wp-json\/wp\/v2\/posts\/7152\/revisions"}],"wp:featuredmedia":[{"embeddable":true,"href":"https:\/\/www.fumc.edu.co\/en\/wp-json\/wp\/v2\/media\/7153"}],"wp:attachment":[{"href":"https:\/\/www.fumc.edu.co\/en\/wp-json\/wp\/v2\/media?parent=7152"}],"wp:term":[{"taxonomy":"category","embeddable":true,"href":"https:\/\/www.fumc.edu.co\/en\/wp-json\/wp\/v2\/categories?post=7152"},{"taxonomy":"post_tag","embeddable":true,"href":"https:\/\/www.fumc.edu.co\/en\/wp-json\/wp\/v2\/tags?post=7152"}],"curies":[{"name":"wp","href":"https:\/\/api.w.org\/{rel}","templated":true}]}}