{"id":7197,"date":"2019-04-25T19:17:04","date_gmt":"2019-04-25T19:17:04","guid":{"rendered":"https:\/\/www.fumc.edu.co\/en\/?p=7197"},"modified":"2019-04-25T19:43:32","modified_gmt":"2019-04-25T19:43:32","slug":"neiva-formacion-cualificacion-constante-compromiso-la-educacion-superior","status":"publish","type":"post","link":"https:\/\/www.fumc.edu.co\/en\/neiva-formacion-cualificacion-constante-compromiso-la-educacion-superior\/","title":{"rendered":"En Neiva: Formaci\u00f3n, cualificaci\u00f3n constante y compromiso con la educaci\u00f3n superior"},"content":{"rendered":"<p>Con el firme prop\u00f3sito de contribuir en la extensi\u00f3n de aprendizaje de nuestros estudiantes, en la Mar\u00eda Cano sede Neiva, se realiz\u00f3 un conversatorio en el que se trataron temas coyunturales en el departamento del Huila como Salud Mental, Prevenci\u00f3n y Atenci\u00f3n al Consumo de Sustancias Psicoactivas. La ponencia estuvo a cargo de Julio C\u00e9sar Valderrama, psic\u00f3logo; Edwin Fabi\u00e1n S\u00e1nchez, l\u00edder del programa Juventud; Rub\u00e9n C\u00f3rdoba, agente interno de Casa de Apoyo al Habitante de Calle y Candy Geraldine Pinto, estudiante de fisioterapia; adem\u00e1s de la participaci\u00f3n de la comunidad acad\u00e9mica en general.<\/p>\n<p style=\"text-align: center;\"><img decoding=\"async\" loading=\"lazy\" class=\"alignnone size-full wp-image-7199\" src=\"https:\/\/www.fumc.edu.co\/en\/wp-content\/uploads\/Neiva-B.png\" alt=\"\" width=\"840\" height=\"492\" srcset=\"https:\/\/www.fumc.edu.co\/en\/wp-content\/uploads\/Neiva-B.png 840w, https:\/\/www.fumc.edu.co\/en\/wp-content\/uploads\/Neiva-B-768x450.png 768w\" sizes=\"(max-width: 840px) 100vw, 840px\" \/><\/p>\n<p>Mientras tanto, en la misma ciudad se efectu\u00f3 tambi\u00e9n la Feria de la Prepr\u00e1ctica en la que los estudiantes de IV semestre, desde sus respectivos stands promovieron e ilustraron sus conocimientos adquiridos desde el campo de la Fisioterapia. Los temas que estuvieron expuestos fueron Salud Mental, Motivaci\u00f3n Deportiva, Sustancias Psicoactivas, Rehabilitaci\u00f3n Piso P\u00e9lvico y Alteraci\u00f3n de la Marcha. Esta actividad cont\u00f3 con la intervenci\u00f3n de alumnos y docentes.<\/p>\n<p style=\"text-align: center;\"><img decoding=\"async\" loading=\"lazy\" class=\"alignnone size-full wp-image-7200\" src=\"https:\/\/www.fumc.edu.co\/en\/wp-content\/uploads\/Neiva-c.png\" alt=\"\" width=\"840\" height=\"485\" srcset=\"https:\/\/www.fumc.edu.co\/en\/wp-content\/uploads\/Neiva-c.png 840w, https:\/\/www.fumc.edu.co\/en\/wp-content\/uploads\/Neiva-c-768x443.png 768w\" sizes=\"(max-width: 840px) 100vw, 840px\" \/><img decoding=\"async\" loading=\"lazy\" class=\"alignnone size-full wp-image-7201\" src=\"https:\/\/www.fumc.edu.co\/en\/wp-content\/uploads\/Neiva-d.png\" alt=\"\" width=\"840\" height=\"442\" srcset=\"https:\/\/www.fumc.edu.co\/en\/wp-content\/uploads\/Neiva-d.png 840w, https:\/\/www.fumc.edu.co\/en\/wp-content\/uploads\/Neiva-d-768x404.png 768w\" sizes=\"(max-width: 840px) 100vw, 840px\" \/><\/p>\n<p>#VivelaMar\u00edaCano<\/p>\n","protected":false},"excerpt":{"rendered":"<p>Con el firme prop\u00f3sito de contribuir en la extensi\u00f3n de aprendizaje de nuestros estudiantes, en la Mar\u00eda Cano sede Neiva, se realiz\u00f3 un conversatorio en el que se trataron temas coyunturales en el departamento del Huila como Salud Mental, Prevenci\u00f3n y Atenci\u00f3n al Consumo de Sustancias Psicoactivas. La ponencia estuvo a cargo de Julio C\u00e9sar [&hellip;]<\/p>\n","protected":false},"author":5,"featured_media":7198,"comment_status":"closed","ping_status":"open","sticky":false,"template":"","format":"standard","meta":{"footnotes":""},"categories":[55],"tags":[],"yoast_head":"<!-- This site is optimized with the Yoast SEO plugin v18.4.1 - https:\/\/yoast.com\/wordpress\/plugins\/seo\/ -->\n<title>En Neiva: Formaci\u00f3n, cualificaci\u00f3n constante y compromiso con la educaci\u00f3n superior - Maria Cano - en<\/title>\n<meta name=\"description\" content=\"La sede Neiva de la Mar\u00eda Cano realiz\u00f3 conversatorio sobre temas de salud mental y prevenci\u00f3n de consumo de drogas en la comunidad.\" \/>\n<meta name=\"robots\" content=\"index, follow, max-snippet:-1, max-image-preview:large, max-video-preview:-1\" \/>\n<link rel=\"canonical\" href=\"https:\/\/www.fumc.edu.co\/en\/neiva-formacion-cualificacion-constante-compromiso-la-educacion-superior\/\" \/>\n<meta property=\"og:locale\" content=\"es_ES\" \/>\n<meta property=\"og:type\" content=\"article\" \/>\n<meta property=\"og:title\" content=\"En Neiva: Formaci\u00f3n, cualificaci\u00f3n constante y compromiso con la educaci\u00f3n superior - Maria Cano - en\" \/>\n<meta property=\"og:description\" content=\"La sede Neiva de la Mar\u00eda Cano realiz\u00f3 conversatorio sobre temas de salud mental y prevenci\u00f3n de consumo de drogas en la comunidad.\" \/>\n<meta property=\"og:url\" content=\"https:\/\/www.fumc.edu.co\/en\/neiva-formacion-cualificacion-constante-compromiso-la-educacion-superior\/\" \/>\n<meta property=\"og:site_name\" content=\"Maria Cano - en\" \/>\n<meta property=\"article:published_time\" content=\"2019-04-25T19:17:04+00:00\" \/>\n<meta property=\"article:modified_time\" content=\"2019-04-25T19:43:32+00:00\" \/>\n<meta property=\"og:image\" content=\"https:\/\/www.fumc.edu.co\/en\/wp-content\/uploads\/Neiva-A.png\" \/>\n\t<meta property=\"og:image:width\" content=\"840\" \/>\n\t<meta property=\"og:image:height\" content=\"430\" \/>\n\t<meta property=\"og:image:type\" content=\"image\/png\" \/>\n<meta name=\"twitter:card\" content=\"summary\" \/>\n<meta name=\"twitter:label1\" content=\"Escrito por\" \/>\n\t<meta name=\"twitter:data1\" content=\"Luis Fernando Gomez Londo\u00f1o\" \/>\n\t<meta name=\"twitter:label2\" content=\"Tiempo de lectura\" \/>\n\t<meta name=\"twitter:data2\" content=\"1 minuto\" \/>\n<script type=\"application\/ld+json\" class=\"yoast-schema-graph\">{\"@context\":\"https:\/\/schema.org\",\"@graph\":[{\"@type\":\"WebSite\",\"@id\":\"https:\/\/www.fumc.edu.co\/en\/#website\",\"url\":\"https:\/\/www.fumc.edu.co\/en\/\",\"name\":\"Maria Cano - en\",\"description\":\"Otro sitio realizado con WordPress\",\"potentialAction\":[{\"@type\":\"SearchAction\",\"target\":{\"@type\":\"EntryPoint\",\"urlTemplate\":\"https:\/\/www.fumc.edu.co\/en\/?s={search_term_string}\"},\"query-input\":\"required name=search_term_string\"}],\"inLanguage\":\"es\"},{\"@type\":\"ImageObject\",\"@id\":\"https:\/\/www.fumc.edu.co\/en\/neiva-formacion-cualificacion-constante-compromiso-la-educacion-superior\/#primaryimage\",\"inLanguage\":\"es\",\"url\":\"https:\/\/www.fumc.edu.co\/en\/wp-content\/uploads\/Neiva-A.png\",\"contentUrl\":\"https:\/\/www.fumc.edu.co\/en\/wp-content\/uploads\/Neiva-A.png\",\"width\":840,\"height\":430},{\"@type\":\"WebPage\",\"@id\":\"https:\/\/www.fumc.edu.co\/en\/neiva-formacion-cualificacion-constante-compromiso-la-educacion-superior\/#webpage\",\"url\":\"https:\/\/www.fumc.edu.co\/en\/neiva-formacion-cualificacion-constante-compromiso-la-educacion-superior\/\",\"name\":\"En Neiva: Formaci\u00f3n, cualificaci\u00f3n constante y compromiso con la educaci\u00f3n superior - Maria Cano - en\",\"isPartOf\":{\"@id\":\"https:\/\/www.fumc.edu.co\/en\/#website\"},\"primaryImageOfPage\":{\"@id\":\"https:\/\/www.fumc.edu.co\/en\/neiva-formacion-cualificacion-constante-compromiso-la-educacion-superior\/#primaryimage\"},\"datePublished\":\"2019-04-25T19:17:04+00:00\",\"dateModified\":\"2019-04-25T19:43:32+00:00\",\"author\":{\"@id\":\"https:\/\/www.fumc.edu.co\/en\/#\/schema\/person\/50ed57da093fc879c363ff9de0a2abdb\"},\"description\":\"La sede Neiva de la Mar\u00eda Cano realiz\u00f3 conversatorio sobre temas de salud mental y prevenci\u00f3n de consumo de drogas en la comunidad.\",\"breadcrumb\":{\"@id\":\"https:\/\/www.fumc.edu.co\/en\/neiva-formacion-cualificacion-constante-compromiso-la-educacion-superior\/#breadcrumb\"},\"inLanguage\":\"es\",\"potentialAction\":[{\"@type\":\"ReadAction\",\"target\":[\"https:\/\/www.fumc.edu.co\/en\/neiva-formacion-cualificacion-constante-compromiso-la-educacion-superior\/\"]}]},{\"@type\":\"BreadcrumbList\",\"@id\":\"https:\/\/www.fumc.edu.co\/en\/neiva-formacion-cualificacion-constante-compromiso-la-educacion-superior\/#breadcrumb\",\"itemListElement\":[{\"@type\":\"ListItem\",\"position\":1,\"name\":\"Portada\",\"item\":\"https:\/\/www.fumc.edu.co\/en\/\"},{\"@type\":\"ListItem\",\"position\":2,\"name\":\"En Neiva: Formaci\u00f3n, cualificaci\u00f3n constante y compromiso con la educaci\u00f3n superior\"}]},{\"@type\":\"Person\",\"@id\":\"https:\/\/www.fumc.edu.co\/en\/#\/schema\/person\/50ed57da093fc879c363ff9de0a2abdb\",\"name\":\"Luis Fernando Gomez Londo\u00f1o\",\"url\":\"https:\/\/www.fumc.edu.co\/en\/author\/asiscomunicaciones\/\"}]}<\/script>\n<!-- \/ Yoast SEO plugin. -->","yoast_head_json":{"title":"En Neiva: Formaci\u00f3n, cualificaci\u00f3n constante y compromiso con la educaci\u00f3n superior - Maria Cano - en","description":"La sede Neiva de la Mar\u00eda Cano realiz\u00f3 conversatorio sobre temas de salud mental y prevenci\u00f3n de consumo de drogas en la comunidad.","robots":{"index":"index","follow":"follow","max-snippet":"max-snippet:-1","max-image-preview":"max-image-preview:large","max-video-preview":"max-video-preview:-1"},"canonical":"https:\/\/www.fumc.edu.co\/en\/neiva-formacion-cualificacion-constante-compromiso-la-educacion-superior\/","og_locale":"es_ES","og_type":"article","og_title":"En Neiva: Formaci\u00f3n, cualificaci\u00f3n constante y compromiso con la educaci\u00f3n superior - Maria Cano - en","og_description":"La sede Neiva de la Mar\u00eda Cano realiz\u00f3 conversatorio sobre temas de salud mental y prevenci\u00f3n de consumo de drogas en la comunidad.","og_url":"https:\/\/www.fumc.edu.co\/en\/neiva-formacion-cualificacion-constante-compromiso-la-educacion-superior\/","og_site_name":"Maria Cano - en","article_published_time":"2019-04-25T19:17:04+00:00","article_modified_time":"2019-04-25T19:43:32+00:00","og_image":[{"width":840,"height":430,"url":"https:\/\/www.fumc.edu.co\/en\/wp-content\/uploads\/Neiva-A.png","type":"image\/png"}],"twitter_card":"summary","twitter_misc":{"Escrito por":"Luis Fernando Gomez Londo\u00f1o","Tiempo de lectura":"1 minuto"},"schema":{"@context":"https:\/\/schema.org","@graph":[{"@type":"WebSite","@id":"https:\/\/www.fumc.edu.co\/en\/#website","url":"https:\/\/www.fumc.edu.co\/en\/","name":"Maria Cano - en","description":"Otro sitio realizado con WordPress","potentialAction":[{"@type":"SearchAction","target":{"@type":"EntryPoint","urlTemplate":"https:\/\/www.fumc.edu.co\/en\/?s={search_term_string}"},"query-input":"required name=search_term_string"}],"inLanguage":"es"},{"@type":"ImageObject","@id":"https:\/\/www.fumc.edu.co\/en\/neiva-formacion-cualificacion-constante-compromiso-la-educacion-superior\/#primaryimage","inLanguage":"es","url":"https:\/\/www.fumc.edu.co\/en\/wp-content\/uploads\/Neiva-A.png","contentUrl":"https:\/\/www.fumc.edu.co\/en\/wp-content\/uploads\/Neiva-A.png","width":840,"height":430},{"@type":"WebPage","@id":"https:\/\/www.fumc.edu.co\/en\/neiva-formacion-cualificacion-constante-compromiso-la-educacion-superior\/#webpage","url":"https:\/\/www.fumc.edu.co\/en\/neiva-formacion-cualificacion-constante-compromiso-la-educacion-superior\/","name":"En Neiva: Formaci\u00f3n, cualificaci\u00f3n constante y compromiso con la educaci\u00f3n superior - Maria Cano - en","isPartOf":{"@id":"https:\/\/www.fumc.edu.co\/en\/#website"},"primaryImageOfPage":{"@id":"https:\/\/www.fumc.edu.co\/en\/neiva-formacion-cualificacion-constante-compromiso-la-educacion-superior\/#primaryimage"},"datePublished":"2019-04-25T19:17:04+00:00","dateModified":"2019-04-25T19:43:32+00:00","author":{"@id":"https:\/\/www.fumc.edu.co\/en\/#\/schema\/person\/50ed57da093fc879c363ff9de0a2abdb"},"description":"La sede Neiva de la Mar\u00eda Cano realiz\u00f3 conversatorio sobre temas de salud mental y prevenci\u00f3n de consumo de drogas en la comunidad.","breadcrumb":{"@id":"https:\/\/www.fumc.edu.co\/en\/neiva-formacion-cualificacion-constante-compromiso-la-educacion-superior\/#breadcrumb"},"inLanguage":"es","potentialAction":[{"@type":"ReadAction","target":["https:\/\/www.fumc.edu.co\/en\/neiva-formacion-cualificacion-constante-compromiso-la-educacion-superior\/"]}]},{"@type":"BreadcrumbList","@id":"https:\/\/www.fumc.edu.co\/en\/neiva-formacion-cualificacion-constante-compromiso-la-educacion-superior\/#breadcrumb","itemListElement":[{"@type":"ListItem","position":1,"name":"Portada","item":"https:\/\/www.fumc.edu.co\/en\/"},{"@type":"ListItem","position":2,"name":"En Neiva: Formaci\u00f3n, cualificaci\u00f3n constante y compromiso con la educaci\u00f3n superior"}]},{"@type":"Person","@id":"https:\/\/www.fumc.edu.co\/en\/#\/schema\/person\/50ed57da093fc879c363ff9de0a2abdb","name":"Luis Fernando Gomez Londo\u00f1o","url":"https:\/\/www.fumc.edu.co\/en\/author\/asiscomunicaciones\/"}]}},"_links":{"self":[{"href":"https:\/\/www.fumc.edu.co\/en\/wp-json\/wp\/v2\/posts\/7197"}],"collection":[{"href":"https:\/\/www.fumc.edu.co\/en\/wp-json\/wp\/v2\/posts"}],"about":[{"href":"https:\/\/www.fumc.edu.co\/en\/wp-json\/wp\/v2\/types\/post"}],"author":[{"embeddable":true,"href":"https:\/\/www.fumc.edu.co\/en\/wp-json\/wp\/v2\/users\/5"}],"replies":[{"embeddable":true,"href":"https:\/\/www.fumc.edu.co\/en\/wp-json\/wp\/v2\/comments?post=7197"}],"version-history":[{"count":0,"href":"https:\/\/www.fumc.edu.co\/en\/wp-json\/wp\/v2\/posts\/7197\/revisions"}],"wp:featuredmedia":[{"embeddable":true,"href":"https:\/\/www.fumc.edu.co\/en\/wp-json\/wp\/v2\/media\/7198"}],"wp:attachment":[{"href":"https:\/\/www.fumc.edu.co\/en\/wp-json\/wp\/v2\/media?parent=7197"}],"wp:term":[{"taxonomy":"category","embeddable":true,"href":"https:\/\/www.fumc.edu.co\/en\/wp-json\/wp\/v2\/categories?post=7197"},{"taxonomy":"post_tag","embeddable":true,"href":"https:\/\/www.fumc.edu.co\/en\/wp-json\/wp\/v2\/tags?post=7197"}],"curies":[{"name":"wp","href":"https:\/\/api.w.org\/{rel}","templated":true}]}}