{"id":7694,"date":"2019-05-29T20:28:08","date_gmt":"2019-05-29T20:28:08","guid":{"rendered":"https:\/\/www.fumc.edu.co\/en\/?p=7694"},"modified":"2019-05-29T20:28:34","modified_gmt":"2019-05-29T20:28:34","slug":"la-sede-neiva-se-rindio-cuentas-la-comunidad-universitaria","status":"publish","type":"post","link":"https:\/\/www.fumc.edu.co\/en\/la-sede-neiva-se-rindio-cuentas-la-comunidad-universitaria\/","title":{"rendered":"En la sede Neiva se rindi\u00f3 cuentas ante la comunidad universitaria"},"content":{"rendered":"<p>Estudiantes, profesores, colaboradores, investigadores y egresados, se dieron cita en la Mar\u00eda Cano en la capital del Huila para conocer los resultados del accionar institucional en el \u00faltimo a\u00f1o, donde la Instituci\u00f3n alcanz\u00f3 un porcentaje de cumplimiento del 83.85% lo que demuestra un \u00f3ptimo compromiso con la ejecuci\u00f3n del Plan de Acci\u00f3n en las l\u00edneas estrat\u00e9gicas de Calidad Acad\u00e9mica, Gesti\u00f3n Institucional y Relacionamiento con el entorno.<\/p>\n<p>El Rector, Hugo Alberto Valencia Porras, el Vicerrector Acad\u00e9mico, Jorge Albeiro Herrera Builes, la Coordinadora de la sede, Diana Mar\u00eda Salazar Rojas, y la estudiante de fisioterapia Mar\u00eda Fernanda Torres M\u00e9ndez presentaron los grandes logros alcanzados a nivel nacional y de sede como lo son:<\/p>\n<ul>\n<li>Un gran cubrimiento en la formaci\u00f3n acad\u00e9mica femenina, con un 84% de participaci\u00f3n en la formaci\u00f3n en pregrado.<\/li>\n<li>La sede Neiva aporta el 6% de la poblaci\u00f3n de la Mar\u00eda Cano a nivel nacional.<\/li>\n<li>Trabajo y compromiso social con un 99% de los estudiantes en los estratos 1, 2 y 3.<\/li>\n<li>Incremento en la formaci\u00f3n posgradual de los profesores con un 62.5% con t\u00edtulo de mag\u00edster.<\/li>\n<li>10.911 personas fueron atendidas por los estudiantes en semestre de pr\u00e1ctica, lo que evidencia el compromiso en la transferencia del conocimiento para servir a la comunidad.<\/li>\n<li>2 profesores que ascendieron en el escalaf\u00f3n docente.<\/li>\n<li>Participaci\u00f3n activa de los estudiantes en el programa de acompa\u00f1amiento \u201cTe quiero en la U\u201d para evitar la deserci\u00f3n acad\u00e9mica.<\/li>\n<li>M\u00e1s de 424 millones de pesos, invertidos en la \u00faltima vigencia en la sede Neiva en mejoramiento del campus, para un total, en los \u00faltimos tres a\u00f1os de $1.606.996.164 en recursos que garantizar calidad y confort para la comunidad universitaria.<\/li>\n<\/ul>\n<p>El acto se cerr\u00f3 con la presentaci\u00f3n art\u00edstica de la se\u00f1orita Neiva 2018, Paula Andrea Alarc\u00f3n Vargas, quien interpret\u00f3 el Sanjuanero Huilense.<\/p>\n<p>#VivelaMar\u00edaCano<\/p>\n<p style=\"text-align: center;\"><img decoding=\"async\" loading=\"lazy\" class=\"alignnone size-full wp-image-7696\" src=\"https:\/\/www.fumc.edu.co\/en\/wp-content\/uploads\/nEIVA-2.png\" alt=\"\" width=\"840\" height=\"430\" srcset=\"https:\/\/www.fumc.edu.co\/en\/wp-content\/uploads\/nEIVA-2.png 840w, https:\/\/www.fumc.edu.co\/en\/wp-content\/uploads\/nEIVA-2-768x393.png 768w\" sizes=\"(max-width: 840px) 100vw, 840px\" \/><img decoding=\"async\" loading=\"lazy\" class=\"alignnone size-full wp-image-7697\" src=\"https:\/\/www.fumc.edu.co\/en\/wp-content\/uploads\/nEIVA-3.png\" alt=\"\" width=\"840\" height=\"516\" srcset=\"https:\/\/www.fumc.edu.co\/en\/wp-content\/uploads\/nEIVA-3.png 840w, https:\/\/www.fumc.edu.co\/en\/wp-content\/uploads\/nEIVA-3-768x472.png 768w\" sizes=\"(max-width: 840px) 100vw, 840px\" \/><img decoding=\"async\" loading=\"lazy\" class=\"alignnone size-full wp-image-7698\" src=\"https:\/\/www.fumc.edu.co\/en\/wp-content\/uploads\/nEIVA-4.png\" alt=\"\" width=\"840\" height=\"430\" srcset=\"https:\/\/www.fumc.edu.co\/en\/wp-content\/uploads\/nEIVA-4.png 840w, https:\/\/www.fumc.edu.co\/en\/wp-content\/uploads\/nEIVA-4-768x393.png 768w\" sizes=\"(max-width: 840px) 100vw, 840px\" \/><img decoding=\"async\" loading=\"lazy\" class=\"alignnone size-full wp-image-7699\" src=\"https:\/\/www.fumc.edu.co\/en\/wp-content\/uploads\/nEIVA-5.png\" alt=\"\" width=\"840\" height=\"348\" srcset=\"https:\/\/www.fumc.edu.co\/en\/wp-content\/uploads\/nEIVA-5.png 840w, https:\/\/www.fumc.edu.co\/en\/wp-content\/uploads\/nEIVA-5-768x318.png 768w\" sizes=\"(max-width: 840px) 100vw, 840px\" \/><\/p>\n","protected":false},"excerpt":{"rendered":"<p>Estudiantes, profesores, colaboradores, investigadores y egresados, se dieron cita en la Mar\u00eda Cano en la capital del Huila para conocer los resultados del accionar institucional en el \u00faltimo a\u00f1o, donde la Instituci\u00f3n alcanz\u00f3 un porcentaje de cumplimiento del 83.85% lo que demuestra un \u00f3ptimo compromiso con la ejecuci\u00f3n del Plan de Acci\u00f3n en las l\u00edneas [&hellip;]<\/p>\n","protected":false},"author":5,"featured_media":7695,"comment_status":"closed","ping_status":"open","sticky":false,"template":"","format":"standard","meta":{"footnotes":""},"categories":[55],"tags":[],"yoast_head":"<!-- This site is optimized with the Yoast SEO plugin v18.4.1 - https:\/\/yoast.com\/wordpress\/plugins\/seo\/ -->\n<title>En la sede Neiva se rindi\u00f3 cuentas ante la comunidad universitaria - Maria Cano - en<\/title>\n<meta name=\"description\" content=\"El Rector de la Mar\u00eda Cano termin\u00f3 la presentaci\u00f3n del Balance Social 2018 ante los integrantes de la comunidad universitaria en Neiva.\" \/>\n<meta name=\"robots\" content=\"index, follow, max-snippet:-1, max-image-preview:large, max-video-preview:-1\" \/>\n<link rel=\"canonical\" href=\"https:\/\/www.fumc.edu.co\/en\/la-sede-neiva-se-rindio-cuentas-la-comunidad-universitaria\/\" \/>\n<meta property=\"og:locale\" content=\"es_ES\" \/>\n<meta property=\"og:type\" content=\"article\" \/>\n<meta property=\"og:title\" content=\"En la sede Neiva se rindi\u00f3 cuentas ante la comunidad universitaria - Maria Cano - en\" \/>\n<meta property=\"og:description\" content=\"El Rector de la Mar\u00eda Cano termin\u00f3 la presentaci\u00f3n del Balance Social 2018 ante los integrantes de la comunidad universitaria en Neiva.\" \/>\n<meta property=\"og:url\" content=\"https:\/\/www.fumc.edu.co\/en\/la-sede-neiva-se-rindio-cuentas-la-comunidad-universitaria\/\" \/>\n<meta property=\"og:site_name\" content=\"Maria Cano - en\" \/>\n<meta property=\"article:published_time\" content=\"2019-05-29T20:28:08+00:00\" \/>\n<meta property=\"article:modified_time\" content=\"2019-05-29T20:28:34+00:00\" \/>\n<meta property=\"og:image\" content=\"https:\/\/www.fumc.edu.co\/en\/wp-content\/uploads\/nEIVA-1.png\" \/>\n\t<meta property=\"og:image:width\" content=\"840\" \/>\n\t<meta property=\"og:image:height\" content=\"430\" \/>\n\t<meta property=\"og:image:type\" content=\"image\/png\" \/>\n<meta name=\"twitter:card\" content=\"summary\" \/>\n<meta name=\"twitter:label1\" content=\"Escrito por\" \/>\n\t<meta name=\"twitter:data1\" content=\"Luis Fernando Gomez Londo\u00f1o\" \/>\n\t<meta name=\"twitter:label2\" content=\"Tiempo de lectura\" \/>\n\t<meta name=\"twitter:data2\" content=\"2 minutos\" \/>\n<script type=\"application\/ld+json\" class=\"yoast-schema-graph\">{\"@context\":\"https:\/\/schema.org\",\"@graph\":[{\"@type\":\"WebSite\",\"@id\":\"https:\/\/www.fumc.edu.co\/en\/#website\",\"url\":\"https:\/\/www.fumc.edu.co\/en\/\",\"name\":\"Maria Cano - en\",\"description\":\"Otro sitio realizado con WordPress\",\"potentialAction\":[{\"@type\":\"SearchAction\",\"target\":{\"@type\":\"EntryPoint\",\"urlTemplate\":\"https:\/\/www.fumc.edu.co\/en\/?s={search_term_string}\"},\"query-input\":\"required name=search_term_string\"}],\"inLanguage\":\"es\"},{\"@type\":\"ImageObject\",\"@id\":\"https:\/\/www.fumc.edu.co\/en\/la-sede-neiva-se-rindio-cuentas-la-comunidad-universitaria\/#primaryimage\",\"inLanguage\":\"es\",\"url\":\"https:\/\/www.fumc.edu.co\/en\/wp-content\/uploads\/nEIVA-1.png\",\"contentUrl\":\"https:\/\/www.fumc.edu.co\/en\/wp-content\/uploads\/nEIVA-1.png\",\"width\":840,\"height\":430},{\"@type\":\"WebPage\",\"@id\":\"https:\/\/www.fumc.edu.co\/en\/la-sede-neiva-se-rindio-cuentas-la-comunidad-universitaria\/#webpage\",\"url\":\"https:\/\/www.fumc.edu.co\/en\/la-sede-neiva-se-rindio-cuentas-la-comunidad-universitaria\/\",\"name\":\"En la sede Neiva se rindi\u00f3 cuentas ante la comunidad universitaria - Maria Cano - en\",\"isPartOf\":{\"@id\":\"https:\/\/www.fumc.edu.co\/en\/#website\"},\"primaryImageOfPage\":{\"@id\":\"https:\/\/www.fumc.edu.co\/en\/la-sede-neiva-se-rindio-cuentas-la-comunidad-universitaria\/#primaryimage\"},\"datePublished\":\"2019-05-29T20:28:08+00:00\",\"dateModified\":\"2019-05-29T20:28:34+00:00\",\"author\":{\"@id\":\"https:\/\/www.fumc.edu.co\/en\/#\/schema\/person\/50ed57da093fc879c363ff9de0a2abdb\"},\"description\":\"El Rector de la Mar\u00eda Cano termin\u00f3 la presentaci\u00f3n del Balance Social 2018 ante los integrantes de la comunidad universitaria en Neiva.\",\"breadcrumb\":{\"@id\":\"https:\/\/www.fumc.edu.co\/en\/la-sede-neiva-se-rindio-cuentas-la-comunidad-universitaria\/#breadcrumb\"},\"inLanguage\":\"es\",\"potentialAction\":[{\"@type\":\"ReadAction\",\"target\":[\"https:\/\/www.fumc.edu.co\/en\/la-sede-neiva-se-rindio-cuentas-la-comunidad-universitaria\/\"]}]},{\"@type\":\"BreadcrumbList\",\"@id\":\"https:\/\/www.fumc.edu.co\/en\/la-sede-neiva-se-rindio-cuentas-la-comunidad-universitaria\/#breadcrumb\",\"itemListElement\":[{\"@type\":\"ListItem\",\"position\":1,\"name\":\"Portada\",\"item\":\"https:\/\/www.fumc.edu.co\/en\/\"},{\"@type\":\"ListItem\",\"position\":2,\"name\":\"En la sede Neiva se rindi\u00f3 cuentas ante la comunidad universitaria\"}]},{\"@type\":\"Person\",\"@id\":\"https:\/\/www.fumc.edu.co\/en\/#\/schema\/person\/50ed57da093fc879c363ff9de0a2abdb\",\"name\":\"Luis Fernando Gomez Londo\u00f1o\",\"url\":\"https:\/\/www.fumc.edu.co\/en\/author\/asiscomunicaciones\/\"}]}<\/script>\n<!-- \/ Yoast SEO plugin. -->","yoast_head_json":{"title":"En la sede Neiva se rindi\u00f3 cuentas ante la comunidad universitaria - Maria Cano - en","description":"El Rector de la Mar\u00eda Cano termin\u00f3 la presentaci\u00f3n del Balance Social 2018 ante los integrantes de la comunidad universitaria en Neiva.","robots":{"index":"index","follow":"follow","max-snippet":"max-snippet:-1","max-image-preview":"max-image-preview:large","max-video-preview":"max-video-preview:-1"},"canonical":"https:\/\/www.fumc.edu.co\/en\/la-sede-neiva-se-rindio-cuentas-la-comunidad-universitaria\/","og_locale":"es_ES","og_type":"article","og_title":"En la sede Neiva se rindi\u00f3 cuentas ante la comunidad universitaria - Maria Cano - en","og_description":"El Rector de la Mar\u00eda Cano termin\u00f3 la presentaci\u00f3n del Balance Social 2018 ante los integrantes de la comunidad universitaria en Neiva.","og_url":"https:\/\/www.fumc.edu.co\/en\/la-sede-neiva-se-rindio-cuentas-la-comunidad-universitaria\/","og_site_name":"Maria Cano - en","article_published_time":"2019-05-29T20:28:08+00:00","article_modified_time":"2019-05-29T20:28:34+00:00","og_image":[{"width":840,"height":430,"url":"https:\/\/www.fumc.edu.co\/en\/wp-content\/uploads\/nEIVA-1.png","type":"image\/png"}],"twitter_card":"summary","twitter_misc":{"Escrito por":"Luis Fernando Gomez Londo\u00f1o","Tiempo de lectura":"2 minutos"},"schema":{"@context":"https:\/\/schema.org","@graph":[{"@type":"WebSite","@id":"https:\/\/www.fumc.edu.co\/en\/#website","url":"https:\/\/www.fumc.edu.co\/en\/","name":"Maria Cano - en","description":"Otro sitio realizado con WordPress","potentialAction":[{"@type":"SearchAction","target":{"@type":"EntryPoint","urlTemplate":"https:\/\/www.fumc.edu.co\/en\/?s={search_term_string}"},"query-input":"required name=search_term_string"}],"inLanguage":"es"},{"@type":"ImageObject","@id":"https:\/\/www.fumc.edu.co\/en\/la-sede-neiva-se-rindio-cuentas-la-comunidad-universitaria\/#primaryimage","inLanguage":"es","url":"https:\/\/www.fumc.edu.co\/en\/wp-content\/uploads\/nEIVA-1.png","contentUrl":"https:\/\/www.fumc.edu.co\/en\/wp-content\/uploads\/nEIVA-1.png","width":840,"height":430},{"@type":"WebPage","@id":"https:\/\/www.fumc.edu.co\/en\/la-sede-neiva-se-rindio-cuentas-la-comunidad-universitaria\/#webpage","url":"https:\/\/www.fumc.edu.co\/en\/la-sede-neiva-se-rindio-cuentas-la-comunidad-universitaria\/","name":"En la sede Neiva se rindi\u00f3 cuentas ante la comunidad universitaria - Maria Cano - en","isPartOf":{"@id":"https:\/\/www.fumc.edu.co\/en\/#website"},"primaryImageOfPage":{"@id":"https:\/\/www.fumc.edu.co\/en\/la-sede-neiva-se-rindio-cuentas-la-comunidad-universitaria\/#primaryimage"},"datePublished":"2019-05-29T20:28:08+00:00","dateModified":"2019-05-29T20:28:34+00:00","author":{"@id":"https:\/\/www.fumc.edu.co\/en\/#\/schema\/person\/50ed57da093fc879c363ff9de0a2abdb"},"description":"El Rector de la Mar\u00eda Cano termin\u00f3 la presentaci\u00f3n del Balance Social 2018 ante los integrantes de la comunidad universitaria en Neiva.","breadcrumb":{"@id":"https:\/\/www.fumc.edu.co\/en\/la-sede-neiva-se-rindio-cuentas-la-comunidad-universitaria\/#breadcrumb"},"inLanguage":"es","potentialAction":[{"@type":"ReadAction","target":["https:\/\/www.fumc.edu.co\/en\/la-sede-neiva-se-rindio-cuentas-la-comunidad-universitaria\/"]}]},{"@type":"BreadcrumbList","@id":"https:\/\/www.fumc.edu.co\/en\/la-sede-neiva-se-rindio-cuentas-la-comunidad-universitaria\/#breadcrumb","itemListElement":[{"@type":"ListItem","position":1,"name":"Portada","item":"https:\/\/www.fumc.edu.co\/en\/"},{"@type":"ListItem","position":2,"name":"En la sede Neiva se rindi\u00f3 cuentas ante la comunidad universitaria"}]},{"@type":"Person","@id":"https:\/\/www.fumc.edu.co\/en\/#\/schema\/person\/50ed57da093fc879c363ff9de0a2abdb","name":"Luis Fernando Gomez Londo\u00f1o","url":"https:\/\/www.fumc.edu.co\/en\/author\/asiscomunicaciones\/"}]}},"_links":{"self":[{"href":"https:\/\/www.fumc.edu.co\/en\/wp-json\/wp\/v2\/posts\/7694"}],"collection":[{"href":"https:\/\/www.fumc.edu.co\/en\/wp-json\/wp\/v2\/posts"}],"about":[{"href":"https:\/\/www.fumc.edu.co\/en\/wp-json\/wp\/v2\/types\/post"}],"author":[{"embeddable":true,"href":"https:\/\/www.fumc.edu.co\/en\/wp-json\/wp\/v2\/users\/5"}],"replies":[{"embeddable":true,"href":"https:\/\/www.fumc.edu.co\/en\/wp-json\/wp\/v2\/comments?post=7694"}],"version-history":[{"count":0,"href":"https:\/\/www.fumc.edu.co\/en\/wp-json\/wp\/v2\/posts\/7694\/revisions"}],"wp:featuredmedia":[{"embeddable":true,"href":"https:\/\/www.fumc.edu.co\/en\/wp-json\/wp\/v2\/media\/7695"}],"wp:attachment":[{"href":"https:\/\/www.fumc.edu.co\/en\/wp-json\/wp\/v2\/media?parent=7694"}],"wp:term":[{"taxonomy":"category","embeddable":true,"href":"https:\/\/www.fumc.edu.co\/en\/wp-json\/wp\/v2\/categories?post=7694"},{"taxonomy":"post_tag","embeddable":true,"href":"https:\/\/www.fumc.edu.co\/en\/wp-json\/wp\/v2\/tags?post=7694"}],"curies":[{"name":"wp","href":"https:\/\/api.w.org\/{rel}","templated":true}]}}