{"id":7765,"date":"2019-06-12T16:00:38","date_gmt":"2019-06-12T16:00:38","guid":{"rendered":"https:\/\/www.fumc.edu.co\/en\/?p=7765"},"modified":"2019-06-12T22:14:08","modified_gmt":"2019-06-12T22:14:08","slug":"nuevos-profesionales-especialistas-dejan-alto-la-maria-cano","status":"publish","type":"post","link":"https:\/\/www.fumc.edu.co\/en\/nuevos-profesionales-especialistas-dejan-alto-la-maria-cano\/","title":{"rendered":"Nuevos profesionales y especialistas que dejan en alto a la Mar\u00eda Cano"},"content":{"rendered":"<p>En la sedes Medell\u00edn, Cali y Neiva, la Instituci\u00f3n entreg\u00f3 a la sociedad un nuevo grupo de egresados que servir\u00e1 a la sociedad, acorde con los principios institucionales de respeto, equidad, excelencia, liderazgo, transparencia y responsabilidad. En la capital de Antioquia fueron graduados especialistas en Gerencia de la Salud Ocupacional y Administraci\u00f3n de Servicios de Salud, as\u00ed como un profesional en Contadur\u00eda P\u00fablica; mientras que en las sedes ubicadas en la capital del Valle del Cauca y en la capital del Huila, se graduaron profesionales en Fisioterapia, quienes exaltan los valores que dej\u00f3 como legado la mujer que inspir\u00f3 la creaci\u00f3n de la Instituci\u00f3n: Mar\u00eda de los \u00c1ngeles Cano M\u00e1rquez.<\/p>\n<p style=\"text-align: center;\"><img decoding=\"async\" loading=\"lazy\" class=\"alignnone size-full wp-image-7771\" src=\"https:\/\/www.fumc.edu.co\/en\/wp-content\/uploads\/IMG_6363.jpg\" alt=\"\" width=\"840\" height=\"516\" srcset=\"https:\/\/www.fumc.edu.co\/en\/wp-content\/uploads\/IMG_6363.jpg 840w, https:\/\/www.fumc.edu.co\/en\/wp-content\/uploads\/IMG_6363-768x472.jpg 768w\" sizes=\"(max-width: 840px) 100vw, 840px\" \/><\/p>\n<p>El programa en Gerencia de la Salud Ocupacional\u00a0busca formar especialistas l\u00edderes en los procesos t\u00e9cnicos y gerenciales dentro del Sistema de Gesti\u00f3n de la Seguridad y Salud en el Trabajo, favoreciendo la calidad de vida de la poblaci\u00f3n trabajadora y, por tanto, la productividad de las organizaciones, mejorando as\u00ed los niveles de competitividad de las regiones, del pa\u00eds y el mundo. El programa de Administraci\u00f3n de Servicios de Salud\u00a0\u00a0forma especialistas que emprendan acciones tendientes a garantizar el uso racional de recursos econ\u00f3micos, humanos, tecnol\u00f3gicos y financieros en pro de la prestaci\u00f3n de un servicio de calidad que responde a las expectativas del cliente (estado, sociedad).<\/p>\n<p>En Fisioterapia\u00a0tiene como prop\u00f3sito formar profesionales id\u00f3neos e integrales garantizando su desarrollo en las esferas social, psicol\u00f3gica y biol\u00f3gica, en las diferentes \u00e1reas y campos de desempe\u00f1o propios del quehacer profesional, de tal manera que respondan a los requerimientos de formaci\u00f3n a nivel regional, nacional e internacional. Y en programa de Contadur\u00eda P\u00fablica entrega a la sociedad\u00a0expertos en el manejo de conceptos, principios, normas y reglamentaciones espec\u00edficas de la contabilidad y la auditor\u00eda, con habilidad para el an\u00e1lisis, dise\u00f1o, evaluaci\u00f3n y control de sistemas de informaci\u00f3n que consulten los requerimientos de los diferentes usuarios de la informaci\u00f3n generada en la empresa. Adem\u00e1s, el programa posee fortaleza investigativa y una clara conciencia ambiental y social, comprometidas con el desarrollo integral del pa\u00eds y su proyecci\u00f3n internacional.<\/p>\n<p>Felicitaciones para todos los nuevos egresados.<\/p>\n<p>#VivelaMar\u00edaCano<\/p>\n","protected":false},"excerpt":{"rendered":"<p>En la sedes Medell\u00edn, Cali y Neiva, la Instituci\u00f3n entreg\u00f3 a la sociedad un nuevo grupo de egresados que servir\u00e1 a la sociedad, acorde con los principios institucionales de respeto, equidad, excelencia, liderazgo, transparencia y responsabilidad. En la capital de Antioquia fueron graduados especialistas en Gerencia de la Salud Ocupacional y Administraci\u00f3n de Servicios de [&hellip;]<\/p>\n","protected":false},"author":4,"featured_media":7766,"comment_status":"closed","ping_status":"open","sticky":false,"template":"","format":"standard","meta":{"footnotes":""},"categories":[54,53,55],"tags":[],"yoast_head":"<!-- This site is optimized with the Yoast SEO plugin v18.4.1 - https:\/\/yoast.com\/wordpress\/plugins\/seo\/ -->\n<title>Nuevos profesionales y especialistas que dejan en alto a la Mar\u00eda Cano - Maria Cano - en<\/title>\n<meta name=\"description\" content=\"En ceremonias privadas de graduaci\u00f3n, la Mar\u00eda Cano entreg\u00f3 a la sociedad nuevos profesionales y especialistas con el sello de calidad institucional.\" \/>\n<meta name=\"robots\" content=\"index, follow, max-snippet:-1, max-image-preview:large, max-video-preview:-1\" \/>\n<link rel=\"canonical\" href=\"https:\/\/www.fumc.edu.co\/en\/nuevos-profesionales-especialistas-dejan-alto-la-maria-cano\/\" \/>\n<meta property=\"og:locale\" content=\"es_ES\" \/>\n<meta property=\"og:type\" content=\"article\" \/>\n<meta property=\"og:title\" content=\"Nuevos profesionales y especialistas que dejan en alto a la Mar\u00eda Cano - Maria Cano - en\" \/>\n<meta property=\"og:description\" content=\"En ceremonias privadas de graduaci\u00f3n, la Mar\u00eda Cano entreg\u00f3 a la sociedad nuevos profesionales y especialistas con el sello de calidad institucional.\" \/>\n<meta property=\"og:url\" content=\"https:\/\/www.fumc.edu.co\/en\/nuevos-profesionales-especialistas-dejan-alto-la-maria-cano\/\" \/>\n<meta property=\"og:site_name\" content=\"Maria Cano - en\" \/>\n<meta property=\"article:published_time\" content=\"2019-06-12T16:00:38+00:00\" \/>\n<meta property=\"article:modified_time\" content=\"2019-06-12T22:14:08+00:00\" \/>\n<meta property=\"og:image\" content=\"https:\/\/www.fumc.edu.co\/en\/wp-content\/uploads\/DSC_0050.jpg\" \/>\n\t<meta property=\"og:image:width\" content=\"840\" \/>\n\t<meta property=\"og:image:height\" content=\"430\" \/>\n\t<meta property=\"og:image:type\" content=\"image\/jpeg\" \/>\n<meta name=\"twitter:card\" content=\"summary\" \/>\n<meta name=\"twitter:label1\" content=\"Escrito por\" \/>\n\t<meta name=\"twitter:data1\" content=\"Comunicaciones\" \/>\n\t<meta name=\"twitter:label2\" content=\"Tiempo de lectura\" \/>\n\t<meta name=\"twitter:data2\" content=\"2 minutos\" \/>\n<script type=\"application\/ld+json\" class=\"yoast-schema-graph\">{\"@context\":\"https:\/\/schema.org\",\"@graph\":[{\"@type\":\"WebSite\",\"@id\":\"https:\/\/www.fumc.edu.co\/en\/#website\",\"url\":\"https:\/\/www.fumc.edu.co\/en\/\",\"name\":\"Maria Cano - en\",\"description\":\"Otro sitio realizado con WordPress\",\"potentialAction\":[{\"@type\":\"SearchAction\",\"target\":{\"@type\":\"EntryPoint\",\"urlTemplate\":\"https:\/\/www.fumc.edu.co\/en\/?s={search_term_string}\"},\"query-input\":\"required name=search_term_string\"}],\"inLanguage\":\"es\"},{\"@type\":\"ImageObject\",\"@id\":\"https:\/\/www.fumc.edu.co\/en\/nuevos-profesionales-especialistas-dejan-alto-la-maria-cano\/#primaryimage\",\"inLanguage\":\"es\",\"url\":\"https:\/\/www.fumc.edu.co\/en\/wp-content\/uploads\/DSC_0050.jpg\",\"contentUrl\":\"https:\/\/www.fumc.edu.co\/en\/wp-content\/uploads\/DSC_0050.jpg\",\"width\":840,\"height\":430},{\"@type\":\"WebPage\",\"@id\":\"https:\/\/www.fumc.edu.co\/en\/nuevos-profesionales-especialistas-dejan-alto-la-maria-cano\/#webpage\",\"url\":\"https:\/\/www.fumc.edu.co\/en\/nuevos-profesionales-especialistas-dejan-alto-la-maria-cano\/\",\"name\":\"Nuevos profesionales y especialistas que dejan en alto a la Mar\u00eda Cano - Maria Cano - en\",\"isPartOf\":{\"@id\":\"https:\/\/www.fumc.edu.co\/en\/#website\"},\"primaryImageOfPage\":{\"@id\":\"https:\/\/www.fumc.edu.co\/en\/nuevos-profesionales-especialistas-dejan-alto-la-maria-cano\/#primaryimage\"},\"datePublished\":\"2019-06-12T16:00:38+00:00\",\"dateModified\":\"2019-06-12T22:14:08+00:00\",\"author\":{\"@id\":\"https:\/\/www.fumc.edu.co\/en\/#\/schema\/person\/5c6bd7dc64c65c0cdaff824025913942\"},\"description\":\"En ceremonias privadas de graduaci\u00f3n, la Mar\u00eda Cano entreg\u00f3 a la sociedad nuevos profesionales y especialistas con el sello de calidad institucional.\",\"breadcrumb\":{\"@id\":\"https:\/\/www.fumc.edu.co\/en\/nuevos-profesionales-especialistas-dejan-alto-la-maria-cano\/#breadcrumb\"},\"inLanguage\":\"es\",\"potentialAction\":[{\"@type\":\"ReadAction\",\"target\":[\"https:\/\/www.fumc.edu.co\/en\/nuevos-profesionales-especialistas-dejan-alto-la-maria-cano\/\"]}]},{\"@type\":\"BreadcrumbList\",\"@id\":\"https:\/\/www.fumc.edu.co\/en\/nuevos-profesionales-especialistas-dejan-alto-la-maria-cano\/#breadcrumb\",\"itemListElement\":[{\"@type\":\"ListItem\",\"position\":1,\"name\":\"Portada\",\"item\":\"https:\/\/www.fumc.edu.co\/en\/\"},{\"@type\":\"ListItem\",\"position\":2,\"name\":\"Nuevos profesionales y especialistas que dejan en alto a la Mar\u00eda Cano\"}]},{\"@type\":\"Person\",\"@id\":\"https:\/\/www.fumc.edu.co\/en\/#\/schema\/person\/5c6bd7dc64c65c0cdaff824025913942\",\"name\":\"Comunicaciones\",\"url\":\"https:\/\/www.fumc.edu.co\/en\/author\/comunicaciones\/\"}]}<\/script>\n<!-- \/ Yoast SEO plugin. -->","yoast_head_json":{"title":"Nuevos profesionales y especialistas que dejan en alto a la Mar\u00eda Cano - Maria Cano - en","description":"En ceremonias privadas de graduaci\u00f3n, la Mar\u00eda Cano entreg\u00f3 a la sociedad nuevos profesionales y especialistas con el sello de calidad institucional.","robots":{"index":"index","follow":"follow","max-snippet":"max-snippet:-1","max-image-preview":"max-image-preview:large","max-video-preview":"max-video-preview:-1"},"canonical":"https:\/\/www.fumc.edu.co\/en\/nuevos-profesionales-especialistas-dejan-alto-la-maria-cano\/","og_locale":"es_ES","og_type":"article","og_title":"Nuevos profesionales y especialistas que dejan en alto a la Mar\u00eda Cano - Maria Cano - en","og_description":"En ceremonias privadas de graduaci\u00f3n, la Mar\u00eda Cano entreg\u00f3 a la sociedad nuevos profesionales y especialistas con el sello de calidad institucional.","og_url":"https:\/\/www.fumc.edu.co\/en\/nuevos-profesionales-especialistas-dejan-alto-la-maria-cano\/","og_site_name":"Maria Cano - en","article_published_time":"2019-06-12T16:00:38+00:00","article_modified_time":"2019-06-12T22:14:08+00:00","og_image":[{"width":840,"height":430,"url":"https:\/\/www.fumc.edu.co\/en\/wp-content\/uploads\/DSC_0050.jpg","type":"image\/jpeg"}],"twitter_card":"summary","twitter_misc":{"Escrito por":"Comunicaciones","Tiempo de lectura":"2 minutos"},"schema":{"@context":"https:\/\/schema.org","@graph":[{"@type":"WebSite","@id":"https:\/\/www.fumc.edu.co\/en\/#website","url":"https:\/\/www.fumc.edu.co\/en\/","name":"Maria Cano - en","description":"Otro sitio realizado con WordPress","potentialAction":[{"@type":"SearchAction","target":{"@type":"EntryPoint","urlTemplate":"https:\/\/www.fumc.edu.co\/en\/?s={search_term_string}"},"query-input":"required name=search_term_string"}],"inLanguage":"es"},{"@type":"ImageObject","@id":"https:\/\/www.fumc.edu.co\/en\/nuevos-profesionales-especialistas-dejan-alto-la-maria-cano\/#primaryimage","inLanguage":"es","url":"https:\/\/www.fumc.edu.co\/en\/wp-content\/uploads\/DSC_0050.jpg","contentUrl":"https:\/\/www.fumc.edu.co\/en\/wp-content\/uploads\/DSC_0050.jpg","width":840,"height":430},{"@type":"WebPage","@id":"https:\/\/www.fumc.edu.co\/en\/nuevos-profesionales-especialistas-dejan-alto-la-maria-cano\/#webpage","url":"https:\/\/www.fumc.edu.co\/en\/nuevos-profesionales-especialistas-dejan-alto-la-maria-cano\/","name":"Nuevos profesionales y especialistas que dejan en alto a la Mar\u00eda Cano - Maria Cano - en","isPartOf":{"@id":"https:\/\/www.fumc.edu.co\/en\/#website"},"primaryImageOfPage":{"@id":"https:\/\/www.fumc.edu.co\/en\/nuevos-profesionales-especialistas-dejan-alto-la-maria-cano\/#primaryimage"},"datePublished":"2019-06-12T16:00:38+00:00","dateModified":"2019-06-12T22:14:08+00:00","author":{"@id":"https:\/\/www.fumc.edu.co\/en\/#\/schema\/person\/5c6bd7dc64c65c0cdaff824025913942"},"description":"En ceremonias privadas de graduaci\u00f3n, la Mar\u00eda Cano entreg\u00f3 a la sociedad nuevos profesionales y especialistas con el sello de calidad institucional.","breadcrumb":{"@id":"https:\/\/www.fumc.edu.co\/en\/nuevos-profesionales-especialistas-dejan-alto-la-maria-cano\/#breadcrumb"},"inLanguage":"es","potentialAction":[{"@type":"ReadAction","target":["https:\/\/www.fumc.edu.co\/en\/nuevos-profesionales-especialistas-dejan-alto-la-maria-cano\/"]}]},{"@type":"BreadcrumbList","@id":"https:\/\/www.fumc.edu.co\/en\/nuevos-profesionales-especialistas-dejan-alto-la-maria-cano\/#breadcrumb","itemListElement":[{"@type":"ListItem","position":1,"name":"Portada","item":"https:\/\/www.fumc.edu.co\/en\/"},{"@type":"ListItem","position":2,"name":"Nuevos profesionales y especialistas que dejan en alto a la Mar\u00eda Cano"}]},{"@type":"Person","@id":"https:\/\/www.fumc.edu.co\/en\/#\/schema\/person\/5c6bd7dc64c65c0cdaff824025913942","name":"Comunicaciones","url":"https:\/\/www.fumc.edu.co\/en\/author\/comunicaciones\/"}]}},"_links":{"self":[{"href":"https:\/\/www.fumc.edu.co\/en\/wp-json\/wp\/v2\/posts\/7765"}],"collection":[{"href":"https:\/\/www.fumc.edu.co\/en\/wp-json\/wp\/v2\/posts"}],"about":[{"href":"https:\/\/www.fumc.edu.co\/en\/wp-json\/wp\/v2\/types\/post"}],"author":[{"embeddable":true,"href":"https:\/\/www.fumc.edu.co\/en\/wp-json\/wp\/v2\/users\/4"}],"replies":[{"embeddable":true,"href":"https:\/\/www.fumc.edu.co\/en\/wp-json\/wp\/v2\/comments?post=7765"}],"version-history":[{"count":0,"href":"https:\/\/www.fumc.edu.co\/en\/wp-json\/wp\/v2\/posts\/7765\/revisions"}],"wp:featuredmedia":[{"embeddable":true,"href":"https:\/\/www.fumc.edu.co\/en\/wp-json\/wp\/v2\/media\/7766"}],"wp:attachment":[{"href":"https:\/\/www.fumc.edu.co\/en\/wp-json\/wp\/v2\/media?parent=7765"}],"wp:term":[{"taxonomy":"category","embeddable":true,"href":"https:\/\/www.fumc.edu.co\/en\/wp-json\/wp\/v2\/categories?post=7765"},{"taxonomy":"post_tag","embeddable":true,"href":"https:\/\/www.fumc.edu.co\/en\/wp-json\/wp\/v2\/tags?post=7765"}],"curies":[{"name":"wp","href":"https:\/\/api.w.org\/{rel}","templated":true}]}}