{"id":7875,"date":"2019-07-03T20:12:16","date_gmt":"2019-07-03T20:12:16","guid":{"rendered":"https:\/\/www.fumc.edu.co\/en\/?p=7875"},"modified":"2019-07-05T12:09:35","modified_gmt":"2019-07-05T12:09:35","slug":"sede-neiva-publica-en-revista-indexada","status":"publish","type":"post","link":"https:\/\/www.fumc.edu.co\/en\/sede-neiva-publica-en-revista-indexada\/","title":{"rendered":"Sede Neiva publica nuevo art\u00edculo en revista indexada en Scopus"},"content":{"rendered":"<p>Las investigadoras Piedad Roc\u00edo Lerma Casta\u00f1o, M\u00f3nica Vannesa Chanaga Gelves y la fisioterapeuta Daniela Perdomo Urazan, egresada de la Fundaci\u00f3n Universitaria Mar\u00eda Cano sede Neiva comparten su nueva publicaci\u00f3n: Abordaje de un caso de par\u00e1lisis cerebral esp\u00e1stica nivel V mediante el concepto Bobath publicado: en la Revista Elsevier Fisioterapia categorizada en Q4 SCIMAGO.\u00a0El art\u00edculo es el resultado del abordaje de un caso cl\u00ednico con par\u00e1lisis cerebral esp\u00e1stica de la IPS Aprender Centro de Rehabilitaci\u00f3n Neurol\u00f3gica y Comportamental con el que se tiene Convenio Docencia Servicio Vigente.<\/p>\n<p>Con este resultado se destaca el trabajo de los docentes de la sede al cumplimiento del Plan de Desarrollo 2017 &#8211; 2026 \u201cConstruyendo Futuro\u201d l\u00ednea estrat\u00e9gica Calidad Acad\u00e9mica en la iniciativa: visibilidad e impacto de la investigaci\u00f3n- publicaci\u00f3n de art\u00edculos cient\u00edficos en revistas indexadas. Adem\u00e1s, el trabajo colectivo y articulaci\u00f3n con sus egresados del programa, logrando transferir conocimiento para la resoluci\u00f3n de problemas y necesidades del entorno.<\/p>\n<p><strong><a href=\"https:\/\/www.sciencedirect.com\/science\/article\/pii\/S0211563819300495?dgcid=author\">Para acceder al art\u00edculo ingrese AQU\u00cd<\/a><\/strong><\/p>\n","protected":false},"excerpt":{"rendered":"<p>Las investigadoras Piedad Roc\u00edo Lerma Casta\u00f1o, M\u00f3nica Vannesa Chanaga Gelves y la fisioterapeuta Daniela Perdomo Urazan, egresada de la Fundaci\u00f3n Universitaria Mar\u00eda Cano sede Neiva comparten su nueva publicaci\u00f3n: Abordaje de un caso de par\u00e1lisis cerebral esp\u00e1stica nivel V mediante el concepto Bobath publicado: en la Revista Elsevier Fisioterapia categorizada en Q4 SCIMAGO.\u00a0El art\u00edculo es [&hellip;]<\/p>\n","protected":false},"author":4,"featured_media":7876,"comment_status":"closed","ping_status":"open","sticky":false,"template":"","format":"standard","meta":{"footnotes":""},"categories":[55],"tags":[],"yoast_head":"<!-- This site is optimized with the Yoast SEO plugin v18.4.1 - https:\/\/yoast.com\/wordpress\/plugins\/seo\/ -->\n<title>Sede Neiva publica nuevo art\u00edculo en revista indexada en Scopus - Maria Cano - en<\/title>\n<meta name=\"description\" content=\"Investigadoras de la Fundaci\u00f3n Universitaria Mar\u00eda Cano, sede Neiva, publicaron nuevo art\u00edculo cient\u00edfico en revista indexada.\" \/>\n<meta name=\"robots\" content=\"index, follow, max-snippet:-1, max-image-preview:large, max-video-preview:-1\" \/>\n<link rel=\"canonical\" href=\"https:\/\/www.fumc.edu.co\/en\/sede-neiva-publica-en-revista-indexada\/\" \/>\n<meta property=\"og:locale\" content=\"es_ES\" \/>\n<meta property=\"og:type\" content=\"article\" \/>\n<meta property=\"og:title\" content=\"Sede Neiva publica nuevo art\u00edculo en revista indexada en Scopus - Maria Cano - en\" \/>\n<meta property=\"og:description\" content=\"Investigadoras de la Fundaci\u00f3n Universitaria Mar\u00eda Cano, sede Neiva, publicaron nuevo art\u00edculo cient\u00edfico en revista indexada.\" \/>\n<meta property=\"og:url\" content=\"https:\/\/www.fumc.edu.co\/en\/sede-neiva-publica-en-revista-indexada\/\" \/>\n<meta property=\"og:site_name\" content=\"Maria Cano - en\" \/>\n<meta property=\"article:published_time\" content=\"2019-07-03T20:12:16+00:00\" \/>\n<meta property=\"article:modified_time\" content=\"2019-07-05T12:09:35+00:00\" \/>\n<meta property=\"og:image\" content=\"https:\/\/www.fumc.edu.co\/en\/wp-content\/uploads\/WhatsApp-Image-2019-06-19-at-1.50.52-PM.jpeg\" \/>\n\t<meta property=\"og:image:width\" content=\"840\" \/>\n\t<meta property=\"og:image:height\" content=\"430\" \/>\n\t<meta property=\"og:image:type\" content=\"image\/jpeg\" \/>\n<meta name=\"twitter:card\" content=\"summary\" \/>\n<meta name=\"twitter:label1\" content=\"Escrito por\" \/>\n\t<meta name=\"twitter:data1\" content=\"Comunicaciones\" \/>\n\t<meta name=\"twitter:label2\" content=\"Tiempo de lectura\" \/>\n\t<meta name=\"twitter:data2\" content=\"1 minuto\" \/>\n<script type=\"application\/ld+json\" class=\"yoast-schema-graph\">{\"@context\":\"https:\/\/schema.org\",\"@graph\":[{\"@type\":\"WebSite\",\"@id\":\"https:\/\/www.fumc.edu.co\/en\/#website\",\"url\":\"https:\/\/www.fumc.edu.co\/en\/\",\"name\":\"Maria Cano - en\",\"description\":\"Otro sitio realizado con WordPress\",\"potentialAction\":[{\"@type\":\"SearchAction\",\"target\":{\"@type\":\"EntryPoint\",\"urlTemplate\":\"https:\/\/www.fumc.edu.co\/en\/?s={search_term_string}\"},\"query-input\":\"required name=search_term_string\"}],\"inLanguage\":\"es\"},{\"@type\":\"ImageObject\",\"@id\":\"https:\/\/www.fumc.edu.co\/en\/sede-neiva-publica-en-revista-indexada\/#primaryimage\",\"inLanguage\":\"es\",\"url\":\"https:\/\/www.fumc.edu.co\/en\/wp-content\/uploads\/WhatsApp-Image-2019-06-19-at-1.50.52-PM.jpeg\",\"contentUrl\":\"https:\/\/www.fumc.edu.co\/en\/wp-content\/uploads\/WhatsApp-Image-2019-06-19-at-1.50.52-PM.jpeg\",\"width\":840,\"height\":430},{\"@type\":\"WebPage\",\"@id\":\"https:\/\/www.fumc.edu.co\/en\/sede-neiva-publica-en-revista-indexada\/#webpage\",\"url\":\"https:\/\/www.fumc.edu.co\/en\/sede-neiva-publica-en-revista-indexada\/\",\"name\":\"Sede Neiva publica nuevo art\u00edculo en revista indexada en Scopus - Maria Cano - en\",\"isPartOf\":{\"@id\":\"https:\/\/www.fumc.edu.co\/en\/#website\"},\"primaryImageOfPage\":{\"@id\":\"https:\/\/www.fumc.edu.co\/en\/sede-neiva-publica-en-revista-indexada\/#primaryimage\"},\"datePublished\":\"2019-07-03T20:12:16+00:00\",\"dateModified\":\"2019-07-05T12:09:35+00:00\",\"author\":{\"@id\":\"https:\/\/www.fumc.edu.co\/en\/#\/schema\/person\/5c6bd7dc64c65c0cdaff824025913942\"},\"description\":\"Investigadoras de la Fundaci\u00f3n Universitaria Mar\u00eda Cano, sede Neiva, publicaron nuevo art\u00edculo cient\u00edfico en revista indexada.\",\"breadcrumb\":{\"@id\":\"https:\/\/www.fumc.edu.co\/en\/sede-neiva-publica-en-revista-indexada\/#breadcrumb\"},\"inLanguage\":\"es\",\"potentialAction\":[{\"@type\":\"ReadAction\",\"target\":[\"https:\/\/www.fumc.edu.co\/en\/sede-neiva-publica-en-revista-indexada\/\"]}]},{\"@type\":\"BreadcrumbList\",\"@id\":\"https:\/\/www.fumc.edu.co\/en\/sede-neiva-publica-en-revista-indexada\/#breadcrumb\",\"itemListElement\":[{\"@type\":\"ListItem\",\"position\":1,\"name\":\"Portada\",\"item\":\"https:\/\/www.fumc.edu.co\/en\/\"},{\"@type\":\"ListItem\",\"position\":2,\"name\":\"Sede Neiva publica nuevo art\u00edculo en revista indexada en Scopus\"}]},{\"@type\":\"Person\",\"@id\":\"https:\/\/www.fumc.edu.co\/en\/#\/schema\/person\/5c6bd7dc64c65c0cdaff824025913942\",\"name\":\"Comunicaciones\",\"url\":\"https:\/\/www.fumc.edu.co\/en\/author\/comunicaciones\/\"}]}<\/script>\n<!-- \/ Yoast SEO plugin. -->","yoast_head_json":{"title":"Sede Neiva publica nuevo art\u00edculo en revista indexada en Scopus - Maria Cano - en","description":"Investigadoras de la Fundaci\u00f3n Universitaria Mar\u00eda Cano, sede Neiva, publicaron nuevo art\u00edculo cient\u00edfico en revista indexada.","robots":{"index":"index","follow":"follow","max-snippet":"max-snippet:-1","max-image-preview":"max-image-preview:large","max-video-preview":"max-video-preview:-1"},"canonical":"https:\/\/www.fumc.edu.co\/en\/sede-neiva-publica-en-revista-indexada\/","og_locale":"es_ES","og_type":"article","og_title":"Sede Neiva publica nuevo art\u00edculo en revista indexada en Scopus - Maria Cano - en","og_description":"Investigadoras de la Fundaci\u00f3n Universitaria Mar\u00eda Cano, sede Neiva, publicaron nuevo art\u00edculo cient\u00edfico en revista indexada.","og_url":"https:\/\/www.fumc.edu.co\/en\/sede-neiva-publica-en-revista-indexada\/","og_site_name":"Maria Cano - en","article_published_time":"2019-07-03T20:12:16+00:00","article_modified_time":"2019-07-05T12:09:35+00:00","og_image":[{"width":840,"height":430,"url":"https:\/\/www.fumc.edu.co\/en\/wp-content\/uploads\/WhatsApp-Image-2019-06-19-at-1.50.52-PM.jpeg","type":"image\/jpeg"}],"twitter_card":"summary","twitter_misc":{"Escrito por":"Comunicaciones","Tiempo de lectura":"1 minuto"},"schema":{"@context":"https:\/\/schema.org","@graph":[{"@type":"WebSite","@id":"https:\/\/www.fumc.edu.co\/en\/#website","url":"https:\/\/www.fumc.edu.co\/en\/","name":"Maria Cano - en","description":"Otro sitio realizado con WordPress","potentialAction":[{"@type":"SearchAction","target":{"@type":"EntryPoint","urlTemplate":"https:\/\/www.fumc.edu.co\/en\/?s={search_term_string}"},"query-input":"required name=search_term_string"}],"inLanguage":"es"},{"@type":"ImageObject","@id":"https:\/\/www.fumc.edu.co\/en\/sede-neiva-publica-en-revista-indexada\/#primaryimage","inLanguage":"es","url":"https:\/\/www.fumc.edu.co\/en\/wp-content\/uploads\/WhatsApp-Image-2019-06-19-at-1.50.52-PM.jpeg","contentUrl":"https:\/\/www.fumc.edu.co\/en\/wp-content\/uploads\/WhatsApp-Image-2019-06-19-at-1.50.52-PM.jpeg","width":840,"height":430},{"@type":"WebPage","@id":"https:\/\/www.fumc.edu.co\/en\/sede-neiva-publica-en-revista-indexada\/#webpage","url":"https:\/\/www.fumc.edu.co\/en\/sede-neiva-publica-en-revista-indexada\/","name":"Sede Neiva publica nuevo art\u00edculo en revista indexada en Scopus - Maria Cano - en","isPartOf":{"@id":"https:\/\/www.fumc.edu.co\/en\/#website"},"primaryImageOfPage":{"@id":"https:\/\/www.fumc.edu.co\/en\/sede-neiva-publica-en-revista-indexada\/#primaryimage"},"datePublished":"2019-07-03T20:12:16+00:00","dateModified":"2019-07-05T12:09:35+00:00","author":{"@id":"https:\/\/www.fumc.edu.co\/en\/#\/schema\/person\/5c6bd7dc64c65c0cdaff824025913942"},"description":"Investigadoras de la Fundaci\u00f3n Universitaria Mar\u00eda Cano, sede Neiva, publicaron nuevo art\u00edculo cient\u00edfico en revista indexada.","breadcrumb":{"@id":"https:\/\/www.fumc.edu.co\/en\/sede-neiva-publica-en-revista-indexada\/#breadcrumb"},"inLanguage":"es","potentialAction":[{"@type":"ReadAction","target":["https:\/\/www.fumc.edu.co\/en\/sede-neiva-publica-en-revista-indexada\/"]}]},{"@type":"BreadcrumbList","@id":"https:\/\/www.fumc.edu.co\/en\/sede-neiva-publica-en-revista-indexada\/#breadcrumb","itemListElement":[{"@type":"ListItem","position":1,"name":"Portada","item":"https:\/\/www.fumc.edu.co\/en\/"},{"@type":"ListItem","position":2,"name":"Sede Neiva publica nuevo art\u00edculo en revista indexada en Scopus"}]},{"@type":"Person","@id":"https:\/\/www.fumc.edu.co\/en\/#\/schema\/person\/5c6bd7dc64c65c0cdaff824025913942","name":"Comunicaciones","url":"https:\/\/www.fumc.edu.co\/en\/author\/comunicaciones\/"}]}},"_links":{"self":[{"href":"https:\/\/www.fumc.edu.co\/en\/wp-json\/wp\/v2\/posts\/7875"}],"collection":[{"href":"https:\/\/www.fumc.edu.co\/en\/wp-json\/wp\/v2\/posts"}],"about":[{"href":"https:\/\/www.fumc.edu.co\/en\/wp-json\/wp\/v2\/types\/post"}],"author":[{"embeddable":true,"href":"https:\/\/www.fumc.edu.co\/en\/wp-json\/wp\/v2\/users\/4"}],"replies":[{"embeddable":true,"href":"https:\/\/www.fumc.edu.co\/en\/wp-json\/wp\/v2\/comments?post=7875"}],"version-history":[{"count":0,"href":"https:\/\/www.fumc.edu.co\/en\/wp-json\/wp\/v2\/posts\/7875\/revisions"}],"wp:featuredmedia":[{"embeddable":true,"href":"https:\/\/www.fumc.edu.co\/en\/wp-json\/wp\/v2\/media\/7876"}],"wp:attachment":[{"href":"https:\/\/www.fumc.edu.co\/en\/wp-json\/wp\/v2\/media?parent=7875"}],"wp:term":[{"taxonomy":"category","embeddable":true,"href":"https:\/\/www.fumc.edu.co\/en\/wp-json\/wp\/v2\/categories?post=7875"},{"taxonomy":"post_tag","embeddable":true,"href":"https:\/\/www.fumc.edu.co\/en\/wp-json\/wp\/v2\/tags?post=7875"}],"curies":[{"name":"wp","href":"https:\/\/api.w.org\/{rel}","templated":true}]}}