{"id":8850,"date":"2020-08-03T18:31:44","date_gmt":"2020-08-03T18:31:44","guid":{"rendered":"https:\/\/www.fumc.edu.co\/en\/?p=8850"},"modified":"2020-08-03T19:25:14","modified_gmt":"2020-08-03T19:25:14","slug":"the-importance-of-entrepreneurship-and-the-economic-reactivation-of-culture","status":"publish","type":"post","link":"https:\/\/www.fumc.edu.co\/en\/the-importance-of-entrepreneurship-and-the-economic-reactivation-of-culture\/","title":{"rendered":"The importance of entrepreneurship and the economic reactivation of culture"},"content":{"rendered":"<p>The Mar\u00eda Cano University Foundation participated in the press conference to socialize the Diploma in Economic Administration for Arts and Creativity led by CONARTE Nuevo Le\u00f3n M\u00e9xico and the Valle de Aburr\u00e1 Metropolitan Area, where the Institution is part of the academic focus. The general objective of the diploma is to strengthen the professionalization of creative and cultural companies in Mexico and Colombia by offering tools that allow them to develop skills in business models, administration and communication to improve their competitive performance in the immediate future framed by the covid-19 crisis. .<\/p>\n<p>The academic activity, which is led from Colombia and Mexico, seeks to reflect on the concepts of culture and creative economy, which is considered a strategic growth sector in different countries. In Mexico, the cultural and creative sector contributes 3.2% to the national GDP according to the INEGI culture satellite account, and in Colombia, it contributes 3.4% to the national GDP.<\/p>\n<p>Through this important alliance of academic participation, the Metropolitan Area of \u200b\u200bthe Aburr\u00e1 Valley, Mar\u00eda Cano and CONARTE seek that the participants can design a business model for their undertaking, identify strategies for financial decision-making, and identify strategies for branding and communication for cultural and creative ventures, and reflecting on synergies, innovation and future models for cultural and creative companies.<\/p>\n<p>The diploma, which starts on September 24 online, will offer content such as an introduction to culture and the creative economy, business model and management of creative projects, communication, human resources and pitching, and synergies, innovation and models of the future for the cultural and creative sector, to make a total of 100 hours.<\/p>\n<p>Participants will have to go through a selection process that involves presenting documents such as registration with the country&#8217;s Treasury that confirms the company as a natural person or legal entity, in the case of Mexico or natural or legal person in Colombia with at least two years of antiquity.<\/p>\n<p>Present at the Presentation Activity:<\/p>\n<ul>\n<li>The teacher Ricardo Marcos Gonz\u00e1lez, president of the Council for Culture and Arts of Nuevo Le\u00f3n<\/li>\n<li>Mr.\u00a0Luis Escalante, director of the Adolfo Prieto School of the Council for Culture and Arts of Nuevo Le\u00f3n.<\/li>\n<li>The architect Aurora Esquivel, director of training and certification of the Ministry of Economy and Labor of Nuevo Le\u00f3n.<\/li>\n<li>Mr.\u00a0Juan Manuel Adame Rodr\u00edguez, director of training and professional development.<\/li>\n<li>Mr.\u00a0Efr\u00e9n Robledo Leal, general coordinator of permanent formation; both from the UANL Secretariat for Digital Development and Innovation.<\/li>\n<li>Mr. Carlos Julio Escobar Nore\u00f1a, vice-rector for outreach and social projection of the Mar\u00eda Cano University Foundation.<\/li>\n<li>Mr. Santiago Murillo, Coordinator of Creative Economy and Industry 4.0 of the Valle de Aburr\u00e1 Metropolitan Area, Medell\u00edn, Colombia.<\/li>\n<\/ul>\n<p>Mayores informes del diplomado en <a href=\"mailto:eap@conarte.org.mx\"><strong>eap@conarte.org.mx<\/strong><\/a><br \/>\n<strong><a href=\"https:\/\/www.facebook.com\/hashtag\/liveconarte\">Para ver la rueda de prensa ingresa aqu\u00ed<\/a><\/strong><\/p>\n<p>#M\u00e1sMar\u00edaCano<\/p>\n","protected":false},"excerpt":{"rendered":"<p>The Mar\u00eda Cano University Foundation participated in the press conference to socialize the Diploma in Economic Administration for Arts and Creativity led by CONARTE Nuevo Le\u00f3n M\u00e9xico and the Valle de Aburr\u00e1 Metropolitan Area, where the Institution is part of the academic focus. The general objective of the diploma is to strengthen the professionalization of [&hellip;]<\/p>\n","protected":false},"author":4,"featured_media":8851,"comment_status":"closed","ping_status":"open","sticky":false,"template":"","format":"standard","meta":{"footnotes":""},"categories":[54,53,55,56],"tags":[],"yoast_head":"<!-- This site is optimized with the Yoast SEO plugin v18.4.1 - https:\/\/yoast.com\/wordpress\/plugins\/seo\/ -->\n<title>Mar\u00eda Cano is part of an important alliance in Mexico<\/title>\n<meta name=\"description\" content=\"The work in the economic recovery of culture is evidenced through the Mar\u00eda Cano alliance with CONARTE Mexico and the Metropolitan Area\" \/>\n<meta name=\"robots\" content=\"index, follow, max-snippet:-1, max-image-preview:large, max-video-preview:-1\" \/>\n<link rel=\"canonical\" href=\"https:\/\/www.fumc.edu.co\/en\/the-importance-of-entrepreneurship-and-the-economic-reactivation-of-culture\/\" \/>\n<meta property=\"og:locale\" content=\"es_ES\" \/>\n<meta property=\"og:type\" content=\"article\" \/>\n<meta property=\"og:title\" content=\"Mar\u00eda Cano is part of an important alliance in Mexico\" \/>\n<meta property=\"og:description\" content=\"The work in the economic recovery of culture is evidenced through the Mar\u00eda Cano alliance with CONARTE Mexico and the Metropolitan Area\" \/>\n<meta property=\"og:url\" content=\"https:\/\/www.fumc.edu.co\/en\/the-importance-of-entrepreneurship-and-the-economic-reactivation-of-culture\/\" \/>\n<meta property=\"og:site_name\" content=\"Maria Cano - en\" \/>\n<meta property=\"article:published_time\" content=\"2020-08-03T18:31:44+00:00\" \/>\n<meta property=\"article:modified_time\" content=\"2020-08-03T19:25:14+00:00\" \/>\n<meta property=\"og:image\" content=\"https:\/\/www.fumc.edu.co\/en\/wp-content\/uploads\/RUEDA.png\" \/>\n\t<meta property=\"og:image:width\" content=\"840\" \/>\n\t<meta property=\"og:image:height\" content=\"430\" \/>\n\t<meta property=\"og:image:type\" content=\"image\/png\" \/>\n<meta name=\"twitter:card\" content=\"summary\" \/>\n<meta name=\"twitter:label1\" content=\"Escrito por\" \/>\n\t<meta name=\"twitter:data1\" content=\"Comunicaciones\" \/>\n\t<meta name=\"twitter:label2\" content=\"Tiempo de lectura\" \/>\n\t<meta name=\"twitter:data2\" content=\"2 minutos\" \/>\n<script type=\"application\/ld+json\" class=\"yoast-schema-graph\">{\"@context\":\"https:\/\/schema.org\",\"@graph\":[{\"@type\":\"WebSite\",\"@id\":\"https:\/\/www.fumc.edu.co\/en\/#website\",\"url\":\"https:\/\/www.fumc.edu.co\/en\/\",\"name\":\"Maria Cano - en\",\"description\":\"Otro sitio realizado con WordPress\",\"potentialAction\":[{\"@type\":\"SearchAction\",\"target\":{\"@type\":\"EntryPoint\",\"urlTemplate\":\"https:\/\/www.fumc.edu.co\/en\/?s={search_term_string}\"},\"query-input\":\"required name=search_term_string\"}],\"inLanguage\":\"es\"},{\"@type\":\"ImageObject\",\"@id\":\"https:\/\/www.fumc.edu.co\/en\/the-importance-of-entrepreneurship-and-the-economic-reactivation-of-culture\/#primaryimage\",\"inLanguage\":\"es\",\"url\":\"https:\/\/www.fumc.edu.co\/en\/wp-content\/uploads\/RUEDA.png\",\"contentUrl\":\"https:\/\/www.fumc.edu.co\/en\/wp-content\/uploads\/RUEDA.png\",\"width\":840,\"height\":430},{\"@type\":\"WebPage\",\"@id\":\"https:\/\/www.fumc.edu.co\/en\/the-importance-of-entrepreneurship-and-the-economic-reactivation-of-culture\/#webpage\",\"url\":\"https:\/\/www.fumc.edu.co\/en\/the-importance-of-entrepreneurship-and-the-economic-reactivation-of-culture\/\",\"name\":\"Mar\u00eda Cano is part of an important alliance in Mexico\",\"isPartOf\":{\"@id\":\"https:\/\/www.fumc.edu.co\/en\/#website\"},\"primaryImageOfPage\":{\"@id\":\"https:\/\/www.fumc.edu.co\/en\/the-importance-of-entrepreneurship-and-the-economic-reactivation-of-culture\/#primaryimage\"},\"datePublished\":\"2020-08-03T18:31:44+00:00\",\"dateModified\":\"2020-08-03T19:25:14+00:00\",\"author\":{\"@id\":\"https:\/\/www.fumc.edu.co\/en\/#\/schema\/person\/5c6bd7dc64c65c0cdaff824025913942\"},\"description\":\"The work in the economic recovery of culture is evidenced through the Mar\u00eda Cano alliance with CONARTE Mexico and the Metropolitan Area\",\"breadcrumb\":{\"@id\":\"https:\/\/www.fumc.edu.co\/en\/the-importance-of-entrepreneurship-and-the-economic-reactivation-of-culture\/#breadcrumb\"},\"inLanguage\":\"es\",\"potentialAction\":[{\"@type\":\"ReadAction\",\"target\":[\"https:\/\/www.fumc.edu.co\/en\/the-importance-of-entrepreneurship-and-the-economic-reactivation-of-culture\/\"]}]},{\"@type\":\"BreadcrumbList\",\"@id\":\"https:\/\/www.fumc.edu.co\/en\/the-importance-of-entrepreneurship-and-the-economic-reactivation-of-culture\/#breadcrumb\",\"itemListElement\":[{\"@type\":\"ListItem\",\"position\":1,\"name\":\"Portada\",\"item\":\"https:\/\/www.fumc.edu.co\/en\/\"},{\"@type\":\"ListItem\",\"position\":2,\"name\":\"The importance of entrepreneurship and the economic reactivation of culture\"}]},{\"@type\":\"Person\",\"@id\":\"https:\/\/www.fumc.edu.co\/en\/#\/schema\/person\/5c6bd7dc64c65c0cdaff824025913942\",\"name\":\"Comunicaciones\",\"url\":\"https:\/\/www.fumc.edu.co\/en\/author\/comunicaciones\/\"}]}<\/script>\n<!-- \/ Yoast SEO plugin. -->","yoast_head_json":{"title":"Mar\u00eda Cano is part of an important alliance in Mexico","description":"The work in the economic recovery of culture is evidenced through the Mar\u00eda Cano alliance with CONARTE Mexico and the Metropolitan Area","robots":{"index":"index","follow":"follow","max-snippet":"max-snippet:-1","max-image-preview":"max-image-preview:large","max-video-preview":"max-video-preview:-1"},"canonical":"https:\/\/www.fumc.edu.co\/en\/the-importance-of-entrepreneurship-and-the-economic-reactivation-of-culture\/","og_locale":"es_ES","og_type":"article","og_title":"Mar\u00eda Cano is part of an important alliance in Mexico","og_description":"The work in the economic recovery of culture is evidenced through the Mar\u00eda Cano alliance with CONARTE Mexico and the Metropolitan Area","og_url":"https:\/\/www.fumc.edu.co\/en\/the-importance-of-entrepreneurship-and-the-economic-reactivation-of-culture\/","og_site_name":"Maria Cano - en","article_published_time":"2020-08-03T18:31:44+00:00","article_modified_time":"2020-08-03T19:25:14+00:00","og_image":[{"width":840,"height":430,"url":"https:\/\/www.fumc.edu.co\/en\/wp-content\/uploads\/RUEDA.png","type":"image\/png"}],"twitter_card":"summary","twitter_misc":{"Escrito por":"Comunicaciones","Tiempo de lectura":"2 minutos"},"schema":{"@context":"https:\/\/schema.org","@graph":[{"@type":"WebSite","@id":"https:\/\/www.fumc.edu.co\/en\/#website","url":"https:\/\/www.fumc.edu.co\/en\/","name":"Maria Cano - en","description":"Otro sitio realizado con WordPress","potentialAction":[{"@type":"SearchAction","target":{"@type":"EntryPoint","urlTemplate":"https:\/\/www.fumc.edu.co\/en\/?s={search_term_string}"},"query-input":"required name=search_term_string"}],"inLanguage":"es"},{"@type":"ImageObject","@id":"https:\/\/www.fumc.edu.co\/en\/the-importance-of-entrepreneurship-and-the-economic-reactivation-of-culture\/#primaryimage","inLanguage":"es","url":"https:\/\/www.fumc.edu.co\/en\/wp-content\/uploads\/RUEDA.png","contentUrl":"https:\/\/www.fumc.edu.co\/en\/wp-content\/uploads\/RUEDA.png","width":840,"height":430},{"@type":"WebPage","@id":"https:\/\/www.fumc.edu.co\/en\/the-importance-of-entrepreneurship-and-the-economic-reactivation-of-culture\/#webpage","url":"https:\/\/www.fumc.edu.co\/en\/the-importance-of-entrepreneurship-and-the-economic-reactivation-of-culture\/","name":"Mar\u00eda Cano is part of an important alliance in Mexico","isPartOf":{"@id":"https:\/\/www.fumc.edu.co\/en\/#website"},"primaryImageOfPage":{"@id":"https:\/\/www.fumc.edu.co\/en\/the-importance-of-entrepreneurship-and-the-economic-reactivation-of-culture\/#primaryimage"},"datePublished":"2020-08-03T18:31:44+00:00","dateModified":"2020-08-03T19:25:14+00:00","author":{"@id":"https:\/\/www.fumc.edu.co\/en\/#\/schema\/person\/5c6bd7dc64c65c0cdaff824025913942"},"description":"The work in the economic recovery of culture is evidenced through the Mar\u00eda Cano alliance with CONARTE Mexico and the Metropolitan Area","breadcrumb":{"@id":"https:\/\/www.fumc.edu.co\/en\/the-importance-of-entrepreneurship-and-the-economic-reactivation-of-culture\/#breadcrumb"},"inLanguage":"es","potentialAction":[{"@type":"ReadAction","target":["https:\/\/www.fumc.edu.co\/en\/the-importance-of-entrepreneurship-and-the-economic-reactivation-of-culture\/"]}]},{"@type":"BreadcrumbList","@id":"https:\/\/www.fumc.edu.co\/en\/the-importance-of-entrepreneurship-and-the-economic-reactivation-of-culture\/#breadcrumb","itemListElement":[{"@type":"ListItem","position":1,"name":"Portada","item":"https:\/\/www.fumc.edu.co\/en\/"},{"@type":"ListItem","position":2,"name":"The importance of entrepreneurship and the economic reactivation of culture"}]},{"@type":"Person","@id":"https:\/\/www.fumc.edu.co\/en\/#\/schema\/person\/5c6bd7dc64c65c0cdaff824025913942","name":"Comunicaciones","url":"https:\/\/www.fumc.edu.co\/en\/author\/comunicaciones\/"}]}},"_links":{"self":[{"href":"https:\/\/www.fumc.edu.co\/en\/wp-json\/wp\/v2\/posts\/8850"}],"collection":[{"href":"https:\/\/www.fumc.edu.co\/en\/wp-json\/wp\/v2\/posts"}],"about":[{"href":"https:\/\/www.fumc.edu.co\/en\/wp-json\/wp\/v2\/types\/post"}],"author":[{"embeddable":true,"href":"https:\/\/www.fumc.edu.co\/en\/wp-json\/wp\/v2\/users\/4"}],"replies":[{"embeddable":true,"href":"https:\/\/www.fumc.edu.co\/en\/wp-json\/wp\/v2\/comments?post=8850"}],"version-history":[{"count":0,"href":"https:\/\/www.fumc.edu.co\/en\/wp-json\/wp\/v2\/posts\/8850\/revisions"}],"wp:featuredmedia":[{"embeddable":true,"href":"https:\/\/www.fumc.edu.co\/en\/wp-json\/wp\/v2\/media\/8851"}],"wp:attachment":[{"href":"https:\/\/www.fumc.edu.co\/en\/wp-json\/wp\/v2\/media?parent=8850"}],"wp:term":[{"taxonomy":"category","embeddable":true,"href":"https:\/\/www.fumc.edu.co\/en\/wp-json\/wp\/v2\/categories?post=8850"},{"taxonomy":"post_tag","embeddable":true,"href":"https:\/\/www.fumc.edu.co\/en\/wp-json\/wp\/v2\/tags?post=8850"}],"curies":[{"name":"wp","href":"https:\/\/api.w.org\/{rel}","templated":true}]}}